{"id":507445,"date":"2024-02-10T22:42:27","date_gmt":"2024-02-11T02:42:27","guid":{"rendered":"https:\/\/diariodominicano.com\/?p=507445"},"modified":"2024-02-10T22:42:27","modified_gmt":"2024-02-11T02:42:27","slug":"el-crucificado-nos-mira-a-cada-uno-solo-hay-que-buscarle-para-hallarlo","status":"publish","type":"post","link":"https:\/\/diariodominicano.com\/?p=507445","title":{"rendered":"EL CRUCIFICADO NOS MIRA A CADA UNO; S\u00d3LO HAY QUE BUSCARLE PARA HALLARLO"},"content":{"rendered":"\n<p><strong><u>COMPARTIENDO DI\u00c1LOGOS CONMIGO MISMO<\/u><\/strong><\/p>\n\n\n\n<p><strong>EL CRUCIFICADO NOS MIRA A CADA UNO;<\/strong><\/p>\n\n\n\n<p><strong>S\u00d3LO HAY QUE BUSCARLE PARA HALLARLO<\/strong><\/p>\n\n\n\n<p><strong><em>(Aproxim\u00e1ndonos y tocando el coraz\u00f3n de Cristo, se percibe su gran amor y se manifiesta la compasi\u00f3n del Padre hacia todos nosotros; que hemos de reencontrarnos entre s\u00ed, con la ternura del bien y el apego a la bondad. Volvamos al oleaje de la navegaci\u00f3n conciliadora, tomemos los remos del bien, que es el que nos cura de la lepra del mal, expandiendo la mirada para abrazarnos e infundiendo la reconciliaci\u00f3n del tormento y sus ramas).<\/em><\/strong><\/p>\n\n\n\n<p><strong>I.- PURGU\u00c9MONOS EL CORAZ\u00d3N,<\/strong><\/p>\n\n\n\n<p><strong>CON REVISI\u00d3N DE NUESTROS ANDARES<\/strong><\/p>\n\n\n\n<p>Necesitamos la pureza para hallarnos;<\/p>\n\n\n\n<p>hallados buscamos la luz para vernos;<\/p>\n\n\n\n<p>vi\u00e9ndonos es como nos notamos bien;<\/p>\n\n\n\n<p>pues s\u00ed lejos del hermano nada somos,<\/p>\n\n\n\n<p>lejos de Dios se acrecientan las llagas.<\/p>\n\n\n\n<p>La compasi\u00f3n que faena en nosotros,<\/p>\n\n\n\n<p>no busca la tendencia sensacionalista,<\/p>\n\n\n\n<p>sino la senda de la aut\u00e9ntica santidad,<\/p>\n\n\n\n<p>el camino de la sanaci\u00f3n del esp\u00edritu,<\/p>\n\n\n\n<p>donde se asienta el cielo con la tierra.<\/p>\n\n\n\n<p>Jes\u00fas nos ense\u00f1a a extender la mano,<\/p>\n\n\n\n<p>a no tener miedo a cubrirnos entre s\u00ed,<\/p>\n\n\n\n<p>a reconducirnos unos con otros el ser,<\/p>\n\n\n\n<p>pues nada se es distanciados del alma,<\/p>\n\n\n\n<p>a su lado es como se acrisola la savia.<\/p>\n\n\n\n<p><strong>II.- CONFES\u00c9MONOS ANTE EL ALT\u00cdSIMO;<\/strong><\/p>\n\n\n\n<p><strong>CON REPARACI\u00d3N POR NUESTRAS CULPAS<\/strong><\/p>\n\n\n\n<p>Las falsedades en las que incurrimos,<\/p>\n\n\n\n<p>nos apartan del decoro de la rectitud,<\/p>\n\n\n\n<p>desuni\u00e9ndonos de la conexi\u00f3n celeste,<\/p>\n\n\n\n<p>deslig\u00e1ndonos de la comuni\u00f3n et\u00e9rea,<\/p>\n\n\n\n<p>enferm\u00e1ndonos por dentro y por fuera.<\/p>\n\n\n\n<p>Tomar\u00e9 la pena y descubrir\u00e9 mi dolor,<\/p>\n\n\n\n<p>exteriorizar\u00e9 al Se\u00f1or mi culpabilidad,<\/p>\n\n\n\n<p>e interiorizar\u00e9 el perd\u00f3n de mi ca\u00edda;<\/p>\n\n\n\n<p>pues aspiro a regresar a su horizonte,<\/p>\n\n\n\n<p>con la paz interior y la uni\u00f3n radiante.<\/p>\n\n\n\n<p>Confiar en la firmeza divina nos sit\u00faa,<\/p>\n\n\n\n<p>en el tabern\u00e1culo del gozo y la alegr\u00eda,<\/p>\n\n\n\n<p>en la infinita misericordia libertadora,&nbsp;<\/p>\n\n\n\n<p>en la po\u00e9tica inocencia de un coraz\u00f3n,<\/p>\n\n\n\n<p>encaminado al encuentro de la certeza.<\/p>\n\n\n\n<p><strong>III.- HAG\u00c1MOSLO RECOGIDOS;<\/strong><\/p>\n\n\n\n<p><strong>CON DEVOCI\u00d3N A NUESTRA SE\u00d1ORA DE LOURDES<\/strong><\/p>\n\n\n\n<p>Nuestra Se\u00f1ora de Lourdes nos llama,<\/p>\n\n\n\n<p>nos invita a rezar con el santo rosario,<\/p>\n\n\n\n<p>a contemplar con ardiente amor puro,<\/p>\n\n\n\n<p>el rastro y el rosto del Cristo viviente,<\/p>\n\n\n\n<p>que nos resucita cada d\u00eda y acompa\u00f1a.<\/p>\n\n\n\n<p>Mar\u00eda, Abogada y gloriosa caminante,<\/p>\n\n\n\n<p>queremos recorrer de nuevo tu esfera,<\/p>\n\n\n\n<p>orando a la par contigo los misterios,<\/p>\n\n\n\n<p>en los que tu amado Hijo se nos revela,<\/p>\n\n\n\n<p>como la luminaria que todo lo redime.<\/p>\n\n\n\n<p>Mi buena Madre, ten clemencia de m\u00ed,<\/p>\n\n\n\n<p>dame una mirada que acaricie sin m\u00e1s,<\/p>\n\n\n\n<p>que arda \u00edntegramente por el Salvador,<\/p>\n\n\n\n<p>en la profundidad del silencio orante,<\/p>\n\n\n\n<p>y en la fertilidad ineludible de la cruz.<\/p>\n\n\n\n<p><strong>V\u00edctor CORCOBA HERRERO<\/strong><\/p>\n\n\n\n<p><a href=\"mailto:corcoba@telefonica.net\"><strong>corcoba@telefonica.net<\/strong><\/a><\/p>\n\n\n\n<p><strong>10 de febrero de 2024.-<\/strong><\/p>\n","protected":false},"excerpt":{"rendered":"<p>COMPARTIENDO DI\u00c1LOGOS CONMIGO MISMO EL CRUCIFICADO NOS MIRA A CADA UNO; S\u00d3LO HAY QUE BUSCARLE PARA HALLARLO (Aproxim\u00e1ndonos y tocando el coraz\u00f3n de Cristo, se percibe su gran amor y se manifiesta la compasi\u00f3n del Padre hacia todos nosotros; que hemos de reencontrarnos entre s\u00ed, con la ternura del bien y el apego a la [&hellip;]<\/p>\n","protected":false},"author":28,"featured_media":480013,"comment_status":"closed","ping_status":"","sticky":false,"template":"","format":"standard","meta":{"footnotes":""},"categories":[25,19],"tags":[],"class_list":["post-507445","post","type-post","status-publish","format-standard","has-post-thumbnail","hentry","category-gente","category-mi-voz"],"_links":{"self":[{"href":"https:\/\/diariodominicano.com\/index.php?rest_route=\/wp\/v2\/posts\/507445","targetHints":{"allow":["GET"]}}],"collection":[{"href":"https:\/\/diariodominicano.com\/index.php?rest_route=\/wp\/v2\/posts"}],"about":[{"href":"https:\/\/diariodominicano.com\/index.php?rest_route=\/wp\/v2\/types\/post"}],"author":[{"embeddable":true,"href":"https:\/\/diariodominicano.com\/index.php?rest_route=\/wp\/v2\/users\/28"}],"replies":[{"embeddable":true,"href":"https:\/\/diariodominicano.com\/index.php?rest_route=%2Fwp%2Fv2%2Fcomments&post=507445"}],"version-history":[{"count":1,"href":"https:\/\/diariodominicano.com\/index.php?rest_route=\/wp\/v2\/posts\/507445\/revisions"}],"predecessor-version":[{"id":507446,"href":"https:\/\/diariodominicano.com\/index.php?rest_route=\/wp\/v2\/posts\/507445\/revisions\/507446"}],"wp:featuredmedia":[{"embeddable":true,"href":"https:\/\/diariodominicano.com\/index.php?rest_route=\/wp\/v2\/media\/480013"}],"wp:attachment":[{"href":"https:\/\/diariodominicano.com\/index.php?rest_route=%2Fwp%2Fv2%2Fmedia&parent=507445"}],"wp:term":[{"taxonomy":"category","embeddable":true,"href":"https:\/\/diariodominicano.com\/index.php?rest_route=%2Fwp%2Fv2%2Fcategories&post=507445"},{"taxonomy":"post_tag","embeddable":true,"href":"https:\/\/diariodominicano.com\/index.php?rest_route=%2Fwp%2Fv2%2Ftags&post=507445"}],"curies":[{"name":"wp","href":"https:\/\/api.w.org\/{rel}","templated":true}]}}