{"id":50740,"date":"2020-08-13T00:39:18","date_gmt":"2020-08-13T00:39:18","guid":{"rendered":"http:\/\/diariodominicano.ddns.net\/?p=50740"},"modified":"2020-08-13T00:39:18","modified_gmt":"2020-08-13T00:39:18","slug":"militares-golpistas-provocan-renuncia-del-presidente-pimentel","status":"publish","type":"post","link":"https:\/\/diariodominicano.com\/?p=50740","title":{"rendered":"Militares golpistas provocan renuncia del presidente  Pimentel"},"content":{"rendered":"<p><body><\/p>\n<p><img decoding=\"async\" src=\"img3\/Pedro Ant Pimentel00.jpg.jpg\" \/>  <\/p>\n<p><strong>Diariodominicano.com<\/strong><\/p>\n<p><strong>Militares golpistas provocan renuncia del presidente  Pimentel <\/strong><\/p>\n<p><strong>SANTIAGO DE LOS CABALLEROS, el 13 de agosto de 1865<\/strong>, el Presidente  General Pedro Antonio Pimentel  Chamorro  comunic\u00f3  a la  Sala Capitular de Santiago, su renuncia  a la Presidencia  de la Rep\u00fablica. Tom\u00f3 la decisi\u00f3n  tras  enterarse  en Cotu\u00ed, de que en la ciudad de Santo Domingo, los generales Jos\u00e9 Mar\u00eda Cabral y Eusebio Manzueta, dirig\u00edan un plan golpista. <\/p>\n<\/p>\n<p>El presidente Pimentel tambi\u00e9n  ten\u00eda  la informaci\u00f3n de que Jos\u00e9 Mar\u00eda Cabral,  hab\u00eda sido  proclamado en la Capital Jefe Supremo con el grado de \u00abProtector\u00bb,  a fin de que estableciera un nuevo Gobierno y votara una nueva Constituci\u00f3n de la Rep\u00fablica.<\/p>\n<\/p>\n<p>   Pimentel hab\u00eda iniciado su Gobierno el d\u00eda 25 de marzo de 1865.<\/p>\n<\/p>\n<p>     Adem\u00e1s de representar a la regi\u00f3n Sur, Jos\u00e9 Mar\u00eda Cabral y Eusebio  Manzueta, lograron dividir a los militares cibae\u00f1os y conquistar una parte.<\/p>\n<\/p>\n<p>   La realidad la comprob\u00f3 el Presidente  Pimentel al  viajar  de Cotu\u00ed  a Santiago. Descubri\u00f3 que varios de los jefes de la Restauraci\u00f3n  apoyaban el movimiento golpista de Cabral y Manzueta.<\/p>\n<\/p>\n<p>     Al percatarse de la situaci\u00f3n, el Presidente  Pimentel Chamorro  renunci\u00f3 a la Presidencia de la Rep\u00fablica.<\/p>\n<\/p>\n<p>      Pimentel  hab\u00eda sido escogido Presidente Provisional de la Rep\u00fablica, con el apoyo de los jefes militares restauradores, quienes derrocaron al Presidente Gaspar Polanco, al acusarlo de ser un tirano  y responsable del asesinato del ex Presidente Pepillo Salcedo.<\/p>\n<\/p>\n<p>    Los militares tomaron la decisi\u00f3n en enero de 1865. De inmediato,  nombraron una Junta Provisional Gubernativa, presidida por Benigno Filomeno Rojas  y   el general Gregorio Luper\u00f3n,  vicepresidente.<\/p>\n<\/p>\n<p>    Entre las primeras medidas  de la Junta Provisional Gubernativa, emiti\u00f3 un decreto en virtud del cual  rebaj\u00f3 los impuestos de guerra que el Gobierno Restaurador cobraba a los productores de tabaco y declar\u00f3 en vigor la Constituci\u00f3n de Moca de 1858, hasta tanto se reuniera el 27 de Febrero de 1865  una Convenci\u00f3n Nacional que redactar\u00eda  un nuevo texto constitucional ajustado a las circunstancias, para luego escoger  el Presidente Constitucional de la Rep\u00fablica.<\/p>\n<\/p>\n<p>    Como hab\u00edan previsto, la nueva Constituci\u00f3n  fue proclamada  y se procedi\u00f3 a elegir al general Pimentel  Chamorro, nuevo Presidente de  la Rep\u00fablica.<\/p>\n<\/p>\n<p>     Al asumir el Gobierno  su primera medida fue designar una comisi\u00f3n para que investigara la muerte del ex Presidente Pepillo Salcedo.<\/p>\n<\/p>\n<p>      La nueva Constituci\u00f3n  de 1865,  fue una versi\u00f3n actualizada de la Carta Magna de Moca en 1858, lo que permiti\u00f3 terminar el trabajo con rapidez.  Los constituyentes  cre\u00edan en  las ideas  liberales de la Constituci\u00f3n de Moca.<\/p>\n<\/p>\n<p>    Al Presidente  Pimentel Chamorro  le toc\u00f3 defender la soberan\u00eda nacional durante las discusiones con Espa\u00f1a, para lograr que aceptara la Restauraci\u00f3n  de la Independencia de la Rep\u00fablica y sacara del pa\u00eds a  los militares del Gobierno  espa\u00f1ol  de la Anexi\u00f3n que permanec\u00edan en algunos  puntos de Rep\u00fablica Dominicana.<\/p>\n<\/p>\n<p>   En efecto,  el d\u00eda 3 de marzo de 1865 la Reina de Espa\u00f1a firm\u00f3 el decreto derogando la Anexi\u00f3n, pero su \u00faltimo jefe militar  en el pa\u00eds, el general Jos\u00e9 de la G\u00e1ndara, trat\u00f3 de llevar al Gobierno dominicano a firmar un acuerdo que limitaba la soberan\u00eda dominicana, lo que fue rechazado por el Presidente Pimentel Chamorro.<\/p>\n<\/p>\n<p>   Los espa\u00f1oles no tuvieron otro camino que comenzar a salir de Rep\u00fablica Dominicana. El d\u00eda 10 de julio del a\u00f1o 1865, iniciaron el embarque de sus tropas, con  lo que terminar\u00eda  la Guerra de la Restauraci\u00f3n.<\/p>\n<\/p>\n<p>      Pimentel  Chamorro, fue uno de los militares dominicanos que se distinguieron en la guerra  (1863-1865)  que culmin\u00f3 con la Restauraci\u00f3n de la Rep\u00fablica.  <\/p>\n<\/p>\n<p>    Asimismo, fue de los militares de la insurrecci\u00f3n de  Guayubin,  y  parte del grupo de  dominicanos que proclamaron la Restauraci\u00f3n de la Rep\u00fablica, el 16 de agosto de 1863.<\/p>\n<\/p>\n<p>    Pimentel Chamorro particip\u00f3 en el sitio a la ciudad de Santiago.  En reconocimiento a sus m\u00e9ritos  militares fue nombrado durante la guerra, jefe de Operaciones del Ej\u00e9rcito Restaurador, en la L\u00ednea Noroeste.<\/p>\n<\/p>\n<h6> 2020-08-13 00:39:18 <\/h6>\n<p><!--\n<link rel=\"stylesheet\" href=\"css\/bootstrap.min.css\">\n\n\n<ul class=\"pagination\">\n\t    \n\t\n\n<li >\n\t<a href='?page_no=324'>Previous<\/a>\n\t<\/li>\n\n\n       \n    \n\n<li><a href='?page_no=1'>1<\/a><\/li>\n\n\n\n<li><a href='?page_no=2'>2<\/a><\/li>\n\n\n\n<li><a>...<\/a><\/li>\n\n\n\n<li><a href='?page_no=323'>323<\/a><\/li>\n\n\n\n<li><a href='?page_no=324'>324<\/a><\/li>\n\n\n\n<li class='active'><a>325<\/a><\/li>\n\n\n\n<li><a href='?page_no=326'>326<\/a><\/li>\n\n\n\n<li><a href='?page_no=327'>327<\/a><\/li>\n\n\n\n<li><a>...<\/a><\/li>\n\n\n\n<li><a href='?page_no=22911'>22911<\/a><\/li>\n\n\n\n<li><a href='?page_no=22912'>22912<\/a><\/li>\n\n    \n\t\n\n<li >\n\t<a href='?page_no=326'>Next<\/a>\n\t<\/li>\n\n\n    \n\n<li><a href='?page_no=22912'>Last &rsaquo;&rsaquo;<\/a><\/li>\n\n<\/ul>\n\n\n--><br \/>\n<\/body><\/p>\n","protected":false},"excerpt":{"rendered":"<p>Diariodominicano.com Militares golpistas provocan renuncia del presidente Pimentel SANTIAGO DE LOS CABALLEROS, el 13 de agosto de 1865, el Presidente General Pedro Antonio Pimentel Chamorro comunic\u00f3 a la Sala Capitular de Santiago, su renuncia a la Presidencia de la Rep\u00fablica. Tom\u00f3 la decisi\u00f3n tras enterarse en Cotu\u00ed, de que en la ciudad de Santo Domingo, [&hellip;]<\/p>\n","protected":false},"author":3,"featured_media":0,"comment_status":"open","ping_status":"open","sticky":false,"template":"","format":"standard","meta":{"footnotes":""},"categories":[21],"tags":[],"class_list":["post-50740","post","type-post","status-publish","format-standard","hentry","category-cultura"],"_links":{"self":[{"href":"https:\/\/diariodominicano.com\/index.php?rest_route=\/wp\/v2\/posts\/50740","targetHints":{"allow":["GET"]}}],"collection":[{"href":"https:\/\/diariodominicano.com\/index.php?rest_route=\/wp\/v2\/posts"}],"about":[{"href":"https:\/\/diariodominicano.com\/index.php?rest_route=\/wp\/v2\/types\/post"}],"author":[{"embeddable":true,"href":"https:\/\/diariodominicano.com\/index.php?rest_route=\/wp\/v2\/users\/3"}],"replies":[{"embeddable":true,"href":"https:\/\/diariodominicano.com\/index.php?rest_route=%2Fwp%2Fv2%2Fcomments&post=50740"}],"version-history":[{"count":0,"href":"https:\/\/diariodominicano.com\/index.php?rest_route=\/wp\/v2\/posts\/50740\/revisions"}],"wp:attachment":[{"href":"https:\/\/diariodominicano.com\/index.php?rest_route=%2Fwp%2Fv2%2Fmedia&parent=50740"}],"wp:term":[{"taxonomy":"category","embeddable":true,"href":"https:\/\/diariodominicano.com\/index.php?rest_route=%2Fwp%2Fv2%2Fcategories&post=50740"},{"taxonomy":"post_tag","embeddable":true,"href":"https:\/\/diariodominicano.com\/index.php?rest_route=%2Fwp%2Fv2%2Ftags&post=50740"}],"curies":[{"name":"wp","href":"https:\/\/api.w.org\/{rel}","templated":true}]}}