{"id":50729,"date":"2020-08-13T16:30:05","date_gmt":"2020-08-13T16:30:05","guid":{"rendered":"http:\/\/diariodominicano.ddns.net\/?p=50729"},"modified":"2020-08-13T16:30:05","modified_gmt":"2020-08-13T16:30:05","slug":"unesco-aboga-por-salvaguardar-el-patrimonio-cultural-de-beirut","status":"publish","type":"post","link":"https:\/\/diariodominicano.com\/?p=50729","title":{"rendered":"Unesco aboga por salvaguardar el patrimonio cultural de Beirut"},"content":{"rendered":"<p><body><\/p>\n<p><span class=\"text1noticias\"> <\/span><\/p>\n<p><span class=\"text1noticias\">diariodominicano.com<\/span><\/p>\n<p><span class=\"text1noticias\"> <\/span><\/p>\n<p><span class=\"text1noticias\">Par\u00eds, 13 ago (Prensa Latina) La Unesco llam\u00f3 hoy a la comunidad internacional a apoyar los esfuerzos para salvaguardar el patrimonio cultural de la capital libanesa Beirut, tras las dos devastadoras explosiones del 4 de agosto.<\/span><\/p>\n<p><span class=\"text1noticias\"> <\/span><\/p>\n<p><span class=\"text1noticias\">En un comunicado, la organizaci\u00f3n de la ONU especializada en temas de educaci\u00f3n, ciencia y cultura se\u00f1al\u00f3 que el pasado lunes dio un primer paso en esa direcci\u00f3n, con la realizaci\u00f3n de un foro en l\u00ednea para coordinar medidas de emergencia y a m\u00e1s largo plazo.<\/span><\/p>\n<p><span class=\"text1noticias\"> <\/span><\/p>\n<p><span class=\"text1noticias\">Participaron en la reuni\u00f3n las principales organizaciones culturales y expertos de El L\u00edbano y extranjeros, convocados para discutir las graves afectaciones sufridas por el patrimonio de la ciudad y las acciones para la rehabilitaci\u00f3n.<\/span><\/p>\n<p><span class=\"text1noticias\"> <\/span><\/p>\n<p><span class=\"text1noticias\">&#8216;Las explosiones en el puerto de Beirut no s\u00f3lo cobraron vidas y dejaron miles de heridos, sino que tambi\u00e9n infligieron graves da\u00f1os a algunos de los barrios m\u00e1s hist\u00f3ricos de Beirut, los principales museos, galer\u00edas y sitios religiosos&#8217;, subray\u00f3 la Unesco.<\/span><\/p>\n<p><span class=\"text1noticias\"> <\/span><\/p>\n<p><span class=\"text1noticias\">A partir de la solicitud de apoyo de la Direcci\u00f3n General de Antig\u00fcedades de El L\u00edbano, el ente multilateral dirigir\u00e1 la movilizaci\u00f3n internacional para la recuperaci\u00f3n y reconstrucci\u00f3n de la cultura y del patrimonio de Beirut, en sinton\u00eda con las necesidades t\u00e9cnicas locales.<\/span><\/p>\n<p><span class=\"text1noticias\"> <\/span><\/p>\n<p><span class=\"text1noticias\">De acuerdo con el director general de Antig\u00fcedades del Ministerio liban\u00e9s de Cultura, Sarkis Khoury, al menos ocho mil edificios, muchos de ellos concentrados en los antiguos distritos de Gemmayzeh y Mar-Mikhael, sufrieron el impacto de las detonaciones, atribuidas a un gran cargamento de nitrato de amonio almacenado en el puerto capitalino desde hac\u00eda varios a\u00f1os.<\/span><\/p>\n<p><span class=\"text1noticias\"> <\/span><\/p>\n<p><span class=\"text1noticias\">Entre ellos se encuentran unos 640 edificios hist\u00f3ricos, de los cuales aproximadamente 60 corren el riesgo de derrumbarse, expuso en la reuni\u00f3n de principios de semana.<\/span><\/p>\n<p><span class=\"text1noticias\"> <\/span><\/p>\n<p><span class=\"text1noticias\">Seg\u00fan Khoury, tambi\u00e9n se afectaron los principales museos, como el Nacional de Beirut, Sursock y Arqueol\u00f3gico de la Universidad Americana de Beirut, adem\u00e1s de espacios culturales, galer\u00edas y sitios religiosos.<\/span><\/p>\n<p><span class=\"text1noticias\"> <\/span><\/p>\n<p><span class=\"text1noticias\">Las necesidades de asistencia descritas por el especialista van desde la impermeabilizaci\u00f3n de estructuras hasta la movilizaci\u00f3n de artistas, profesionales de la cultura, artesanos y conservadores de los conocimientos tradicionales.<\/span><\/p>\n<p><span class=\"text1noticias\"> <\/span><\/p>\n<p><span class=\"text1noticias\">&#8216;La comunidad internacional ha enviado una muestra de apoyo firme a El L\u00edbano despu\u00e9s de esta tragedia, y la Unesco est\u00e1 comprometida a liderar la respuesta en el campo de la cultura, que debe ser una parte esencial de los esfuerzos m\u00e1s amplios de reconstrucci\u00f3n y recuperaci\u00f3n&#8217;, afirm\u00f3 el subdirector general de la organizaci\u00f3n Ernesto Otton<\/span>e.<\/p>\n<\/p>\n<p>ga\/wmr<\/p>\n<h6> 2020-08-13 16:30:05 <\/h6>\n<p><!--\n<link rel=\"stylesheet\" href=\"css\/bootstrap.min.css\">\n\n\n<ul class=\"pagination\">\n\t    \n\t\n\n<li >\n\t<a href='?page_no=323'>Previous<\/a>\n\t<\/li>\n\n\n       \n    \n\n<li><a href='?page_no=1'>1<\/a><\/li>\n\n\n\n<li><a href='?page_no=2'>2<\/a><\/li>\n\n\n\n<li><a>...<\/a><\/li>\n\n\n\n<li><a href='?page_no=322'>322<\/a><\/li>\n\n\n\n<li><a href='?page_no=323'>323<\/a><\/li>\n\n\n\n<li class='active'><a>324<\/a><\/li>\n\n\n\n<li><a href='?page_no=325'>325<\/a><\/li>\n\n\n\n<li><a href='?page_no=326'>326<\/a><\/li>\n\n\n\n<li><a>...<\/a><\/li>\n\n\n\n<li><a href='?page_no=22911'>22911<\/a><\/li>\n\n\n\n<li><a href='?page_no=22912'>22912<\/a><\/li>\n\n    \n\t\n\n<li >\n\t<a href='?page_no=325'>Next<\/a>\n\t<\/li>\n\n\n    \n\n<li><a href='?page_no=22912'>Last &rsaquo;&rsaquo;<\/a><\/li>\n\n<\/ul>\n\n\n--><br \/>\n<\/body><\/p>\n","protected":false},"excerpt":{"rendered":"<p>diariodominicano.com Par\u00eds, 13 ago (Prensa Latina) La Unesco llam\u00f3 hoy a la comunidad internacional a apoyar los esfuerzos para salvaguardar el patrimonio cultural de la capital libanesa Beirut, tras las dos devastadoras explosiones del 4 de agosto. En un comunicado, la organizaci\u00f3n de la ONU especializada en temas de educaci\u00f3n, ciencia y cultura se\u00f1al\u00f3 que [&hellip;]<\/p>\n","protected":false},"author":3,"featured_media":0,"comment_status":"open","ping_status":"open","sticky":false,"template":"","format":"standard","meta":{"footnotes":""},"categories":[21],"tags":[],"class_list":["post-50729","post","type-post","status-publish","format-standard","hentry","category-cultura"],"_links":{"self":[{"href":"https:\/\/diariodominicano.com\/index.php?rest_route=\/wp\/v2\/posts\/50729","targetHints":{"allow":["GET"]}}],"collection":[{"href":"https:\/\/diariodominicano.com\/index.php?rest_route=\/wp\/v2\/posts"}],"about":[{"href":"https:\/\/diariodominicano.com\/index.php?rest_route=\/wp\/v2\/types\/post"}],"author":[{"embeddable":true,"href":"https:\/\/diariodominicano.com\/index.php?rest_route=\/wp\/v2\/users\/3"}],"replies":[{"embeddable":true,"href":"https:\/\/diariodominicano.com\/index.php?rest_route=%2Fwp%2Fv2%2Fcomments&post=50729"}],"version-history":[{"count":0,"href":"https:\/\/diariodominicano.com\/index.php?rest_route=\/wp\/v2\/posts\/50729\/revisions"}],"wp:attachment":[{"href":"https:\/\/diariodominicano.com\/index.php?rest_route=%2Fwp%2Fv2%2Fmedia&parent=50729"}],"wp:term":[{"taxonomy":"category","embeddable":true,"href":"https:\/\/diariodominicano.com\/index.php?rest_route=%2Fwp%2Fv2%2Fcategories&post=50729"},{"taxonomy":"post_tag","embeddable":true,"href":"https:\/\/diariodominicano.com\/index.php?rest_route=%2Fwp%2Fv2%2Ftags&post=50729"}],"curies":[{"name":"wp","href":"https:\/\/api.w.org\/{rel}","templated":true}]}}