{"id":507258,"date":"2024-02-10T14:27:58","date_gmt":"2024-02-10T18:27:58","guid":{"rendered":"https:\/\/diariodominicano.com\/?p=507258"},"modified":"2024-02-10T14:33:37","modified_gmt":"2024-02-10T18:33:37","slug":"sismo-en-haiti-sin-perdidas-de-vidas-humanas-ni-materiales","status":"publish","type":"post","link":"https:\/\/diariodominicano.com\/?p=507258","title":{"rendered":"Sismo en Hait\u00ed sin p\u00e9rdidas de vidas humanas ni materiales"},"content":{"rendered":"\n<p>Puerto Pr\u00edncipe, 10 feb (Prensa Latina) La Direcci\u00f3n de Protecci\u00f3n Civil de Hait\u00ed inform\u00f3 que ninguna persona perdi\u00f3 la vida a consecuencia de un sismo de 4,3 grados en la escala de Richter que afect\u00f3 hoy este pa\u00eds caribe\u00f1o.<\/p>\n\n\n\n<ul class=\"wp-block-list\">\n<li>febrero 10, 2024<\/li>\n\n\n\n<li>CST12:26 (GMT) -0500<\/li>\n<\/ul>\n\n\n\n<p>El movimiento tel\u00farico \u2013que tampoco ocasion\u00f3 p\u00e9rdidas materiales- fue registrado a las 07:48 (hora local) de este s\u00e1bado frente a las costas de la isla de La Gon\u00e2ve, departamento del oeste.<\/p>\n\n\n\n<p>Precisa el reporte que el epicentro se situ\u00f3 a 18,79 grados de latitud norte y 73,44 grados de longitud oeste, a 20 kil\u00f3metros (km) al suroeste de la isla de La Gon\u00e2ve, a 53 km al noroeste de Mirago\u00e2ne, departamento de Nippes, y a 120 km al noroeste de Puerto Pr\u00edncipe, a una profundidad de 12 km.<\/p>\n\n\n\n<p>Los haitianos recuerdan el terremoto del 12 de enero de 2010 como una de sus peores pesadillas, que en pocos segundos redujo a ruinas su capital y mat\u00f3 a m\u00e1s de 300 mil personas.<\/p>\n\n\n\n<p>Pasaron 14 a\u00f1os, y no son pocos los que piensan que un episodio similar pudiera ocurrir en el pa\u00eds en cualquier momento teniendo en cuenta que la naci\u00f3n caribe\u00f1a registr\u00f3 69 sismos mensuales en 2023 para un total de 828, una cifra inferior a la de 2022 cuando fueron reportados mil 451 movimientos tel\u00faricos.<\/p>\n\n\n\n<p>Seg\u00fan la Unidad T\u00e9cnica de Sismolog\u00eda la actividad s\u00edsmica fue percibida en los 10 departamentos del pa\u00eds con magnitudes entre 0,6 y 5,5 en la escala de Richter.<\/p>\n\n\n\n<p>\u201cEl n\u00famero de terremotos fue mayor en enero y febrero, y menor en julio y agosto\u201d, y la magnitud de estos califica de muy menores a moderados, subray\u00f3 la nota.<\/p>\n\n\n\n<p>Alert\u00f3 el organismo que un sismo de gran magnitud podr\u00eda afectar al pa\u00eds, posiblemente asociado a un tsunami.<\/p>\n\n\n\n<p>Debido a la ubicaci\u00f3n de las costas haitianas, cercanas a Cuba, Jamaica y el litoral norte de Rep\u00fablica Dominicana, los temblores provenientes de esas regiones pueden tener repercusiones en el territorio nacional.<\/p>\n\n\n\n<p>Esos movimientos tel\u00faricos podr\u00edan generar p\u00e1nico, p\u00e9rdidas de vida humanas, da\u00f1os materiales, dada la alta vulnerabilidad de la naci\u00f3n caribe\u00f1a, puntualiz\u00f3 el comunicado de la entidad.<\/p>\n\n\n\n<p>rgh\/joe<\/p>\n","protected":false},"excerpt":{"rendered":"<p>Puerto Pr\u00edncipe, 10 feb (Prensa Latina) La Direcci\u00f3n de Protecci\u00f3n Civil de Hait\u00ed inform\u00f3 que ninguna persona perdi\u00f3 la vida a consecuencia de un sismo de 4,3 grados en la escala de Richter que afect\u00f3 hoy este pa\u00eds caribe\u00f1o. El movimiento tel\u00farico \u2013que tampoco ocasion\u00f3 p\u00e9rdidas materiales- fue registrado a las 07:48 (hora local) de [&hellip;]<\/p>\n","protected":false},"author":28,"featured_media":507259,"comment_status":"closed","ping_status":"","sticky":false,"template":"","format":"standard","meta":{"footnotes":""},"categories":[112,23],"tags":[],"class_list":["post-507258","post","type-post","status-publish","format-standard","has-post-thumbnail","hentry","category-haiti","category-internacional"],"_links":{"self":[{"href":"https:\/\/diariodominicano.com\/index.php?rest_route=\/wp\/v2\/posts\/507258","targetHints":{"allow":["GET"]}}],"collection":[{"href":"https:\/\/diariodominicano.com\/index.php?rest_route=\/wp\/v2\/posts"}],"about":[{"href":"https:\/\/diariodominicano.com\/index.php?rest_route=\/wp\/v2\/types\/post"}],"author":[{"embeddable":true,"href":"https:\/\/diariodominicano.com\/index.php?rest_route=\/wp\/v2\/users\/28"}],"replies":[{"embeddable":true,"href":"https:\/\/diariodominicano.com\/index.php?rest_route=%2Fwp%2Fv2%2Fcomments&post=507258"}],"version-history":[{"count":1,"href":"https:\/\/diariodominicano.com\/index.php?rest_route=\/wp\/v2\/posts\/507258\/revisions"}],"predecessor-version":[{"id":507260,"href":"https:\/\/diariodominicano.com\/index.php?rest_route=\/wp\/v2\/posts\/507258\/revisions\/507260"}],"wp:featuredmedia":[{"embeddable":true,"href":"https:\/\/diariodominicano.com\/index.php?rest_route=\/wp\/v2\/media\/507259"}],"wp:attachment":[{"href":"https:\/\/diariodominicano.com\/index.php?rest_route=%2Fwp%2Fv2%2Fmedia&parent=507258"}],"wp:term":[{"taxonomy":"category","embeddable":true,"href":"https:\/\/diariodominicano.com\/index.php?rest_route=%2Fwp%2Fv2%2Fcategories&post=507258"},{"taxonomy":"post_tag","embeddable":true,"href":"https:\/\/diariodominicano.com\/index.php?rest_route=%2Fwp%2Fv2%2Ftags&post=507258"}],"curies":[{"name":"wp","href":"https:\/\/api.w.org\/{rel}","templated":true}]}}