{"id":507231,"date":"2024-02-10T12:18:22","date_gmt":"2024-02-10T16:18:22","guid":{"rendered":"https:\/\/diariodominicano.com\/?p=507231"},"modified":"2024-02-10T12:19:48","modified_gmt":"2024-02-10T16:19:48","slug":"hipolito-mejia-senala-retos-del-pais-en-formular-politicas-publicas-sustentadas-en-el-rigor-cientifico-y-compromiso-social","status":"publish","type":"post","link":"https:\/\/diariodominicano.com\/?p=507231","title":{"rendered":"Hip\u00f3lito Mej\u00eda se\u00f1ala retos del pa\u00eds en formular Pol\u00edticas P\u00fablicas sustentadas en el rigor cient\u00edfico y compromiso social"},"content":{"rendered":"\n<p><em>El exmandatario fue reconocido por la Academia Dominicana de la Ciencia en su 50 aniversario.<\/em><\/p>\n\n\n\n<figure class=\"wp-block-image size-full\"><img loading=\"lazy\" decoding=\"async\" width=\"1001\" height=\"594\" src=\"https:\/\/diariodominicano.com\/wp-content\/uploads\/2024\/02\/HIPOLITO-MEJIA-Y-MARIO-BONETTI-RECIBEN-RECONOCIMIENTO.jpg\" alt=\"\" class=\"wp-image-507233\" srcset=\"https:\/\/diariodominicano.com\/wp-content\/uploads\/2024\/02\/HIPOLITO-MEJIA-Y-MARIO-BONETTI-RECIBEN-RECONOCIMIENTO.jpg 1001w, https:\/\/diariodominicano.com\/wp-content\/uploads\/2024\/02\/HIPOLITO-MEJIA-Y-MARIO-BONETTI-RECIBEN-RECONOCIMIENTO-300x178.jpg 300w, https:\/\/diariodominicano.com\/wp-content\/uploads\/2024\/02\/HIPOLITO-MEJIA-Y-MARIO-BONETTI-RECIBEN-RECONOCIMIENTO-768x456.jpg 768w, https:\/\/diariodominicano.com\/wp-content\/uploads\/2024\/02\/HIPOLITO-MEJIA-Y-MARIO-BONETTI-RECIBEN-RECONOCIMIENTO-816x484.jpg 816w\" sizes=\"auto, (max-width: 1001px) 100vw, 1001px\" \/><\/figure>\n\n\n\n<p>El ex presidente Hip\u00f3lito Mej\u00eda y Mario Bonetti reciben reconocimientos.<\/p>\n\n\n\n<p>Santo Domingo, RD. El expresidente Hip\u00f3lito Mej\u00eda afirm\u00f3 que la explotaci\u00f3n minera responsable y respetuosa del medio ambiente, el turismo a gran escala, y la extracci\u00f3n de materiales para la construcci\u00f3n nos obligan a formular pol\u00edticas p\u00fablicas apropiadas mediante un di\u00e1logo sustentado en el rigor de la ciencia y el compromiso social, de cara a garantizar un mejor futuro para nuestro pa\u00eds.<\/p>\n\n\n\n<p>Como sabemos, dijo \u201cel cambio clim\u00e1tico, el calentamiento global, el deterioro de los arrecifes, la degradaci\u00f3n de la calidad del agua y los suelos, la masiva generaci\u00f3n de pl\u00e1sticos, la contaminaci\u00f3n de los r\u00edos y el mar, y la construcci\u00f3n de edificaciones en suelos con vocaci\u00f3n agr\u00edcola, representan desaf\u00edos ineludibles para el desarrollo sostenible en nuestro pa\u00eds\u201d.<\/p>\n\n\n\n<p>Resalt\u00f3 que ese di\u00e1logo requiere de los aportes de la comunidad cient\u00edfica congregada en la Academia de Ciencias de la Rep\u00fablica Dominicana, por lo que la convierte en un interlocutor v\u00e1lido, necesario e indispensable para el \u00e9xito de esta iniciativa.<\/p>\n\n\n\n<figure class=\"wp-block-image size-full\"><img loading=\"lazy\" decoding=\"async\" width=\"820\" height=\"480\" src=\"https:\/\/diariodominicano.com\/wp-content\/uploads\/2024\/02\/HM-EN-ACTO-ACADEMIA-DE-CIENCIA.jpg\" alt=\"\" class=\"wp-image-507235\" srcset=\"https:\/\/diariodominicano.com\/wp-content\/uploads\/2024\/02\/HM-EN-ACTO-ACADEMIA-DE-CIENCIA.jpg 820w, https:\/\/diariodominicano.com\/wp-content\/uploads\/2024\/02\/HM-EN-ACTO-ACADEMIA-DE-CIENCIA-300x176.jpg 300w, https:\/\/diariodominicano.com\/wp-content\/uploads\/2024\/02\/HM-EN-ACTO-ACADEMIA-DE-CIENCIA-768x450.jpg 768w, https:\/\/diariodominicano.com\/wp-content\/uploads\/2024\/02\/HM-EN-ACTO-ACADEMIA-DE-CIENCIA-816x478.jpg 816w\" sizes=\"auto, (max-width: 820px) 100vw, 820px\" \/><\/figure>\n\n\n\n<p>Al ser reconocido por la Academia de Ciencias de la Rep\u00fablica Dominicana, por sus aportes al desarrollo de la investigaci\u00f3n, en el 50 aniversario de la instituci\u00f3n, el exmandatario enfatiz\u00f3: \u201cPara nadie es un secreto que quien les habla lleva en su coraz\u00f3n una pasi\u00f3n enorme por las ciencias agron\u00f3micas; que he dedicado casi toda mi vida a promover la investigaci\u00f3n, la innovaci\u00f3n tecnol\u00f3gica y el desarrollo de nuevas y mejores variedades para la agricultura\u201d, indic\u00f3.<\/p>\n\n\n\n<p>En el acto, tambi\u00e9n fueron reconocidos: el doctor Mario Boneti, precursor de la Academia, el dirigente revolucionario Eligio Antonio Blanco Penna, por su historio en la organizaci\u00f3n campesina y, fue encabezado por el Eleuterio Mart\u00ednez, presidente, junto a los dem\u00e1s miembros Osiris de Le\u00f3n, Luis N\u00fa\u00f1ez, entre otros.<\/p>\n\n\n\n<p>\u201cPerm\u00edtanme agradecer, sinceramente, a la Academia de Ciencias de la Rep\u00fablica Dominicana y en ella, a su presidente, el reconocido ambientalista dominicano doctor Eleuterio Mart\u00ednez, por creer que, celebrar el 50 aniversario de su fundaci\u00f3n, constituye el momento propicio para que se me reconozca por el firme apoyo ofrecido a esta honorable instituci\u00f3n desde el gobierno que presid\u00ed, acci\u00f3n que culmin\u00f3 con la concesi\u00f3n del t\u00edtulo de propiedad de este inmueble colonial, donde hoy est\u00e1 su sede\u201d, acot\u00f3 Mej\u00eda.<\/p>\n\n\n\n<p>Dijo que este af\u00e1n, sin embargo, ha trascendido su inter\u00e9s por el estudio de las ciencias agr\u00edcolas, que tengo arraigado desde mi formaci\u00f3n en el Instituto Loyola, de la mano de los padres jesuitas.&nbsp; \u201cMe refiero, a que ese af\u00e1n, me ha llevado al convencimiento de que es tambi\u00e9n tarea ineludible el propugnar por el mejoramiento integral de la calidad de vida de nuestros hombres y mujeres del campo\u201d.<\/p>\n\n\n\n<p>Reclam\u00f3 que, a ellos, adem\u00e1s de llevarles nuevas y mejores pr\u00e1cticas en la agricultura, tambi\u00e9n les he motivado a preocuparse y a trabajar por la sostenibilidad medioambiental de nuestro pa\u00eds, garantizando as\u00ed un mejor futuro para todos.<\/p>\n\n\n\n<p>El exmandatario ese prop\u00f3sito, constituido en marca de su vida, se ha sustentado en la firme creencia de que, el desarrollo agr\u00edcola y la sostenibilidad medioambiental, pueden y deben convivir de la mano, como coadyuvantes al progreso y a la garant\u00eda de nuestra seguridad alimentaria.<\/p>\n\n\n\n<p>Desde esa perspectiva, quiero referirme a la decisi\u00f3n que tomamos en ocasi\u00f3n de mi ejercicio como presidente de la Rep\u00fablica.<\/p>\n\n\n\n<p>Destac\u00f3 las tres las razones principales que le animaron:<\/p>\n\n\n\n<p>En primer lugar, porque valoro en su justa medida los aportes que la comunidad cient\u00edfica dominicana ha realizado en favor de la producci\u00f3n y la difusi\u00f3n del conocimiento sobre temas vitales para la sostenibilidad de nuestra vida como sociedad.<\/p>\n\n\n\n<p>En segundo lugar, porque siempre me he identificado plenamente con el compromiso de esta Academia para que esa sostenibilidad est\u00e9 directamente vinculada al buen uso y a la preservaci\u00f3n del medioambiente y los recursos naturales; especialmente, en el marco de proyectos de desarrollo que tocan espacios naturales de valor estrat\u00e9gico, como las fuentes h\u00eddricas, los bosques y los arrecifes\u201d.<\/p>\n\n\n\n<p>Y, en tercer lugar, porque entendimos que al conceder a la Academia de Ciencias el t\u00edtulo de esta propiedad, est\u00e1bamos poniendo en valor y preservando un inmueble hist\u00f3rico que merece estar en manos de personas responsables y meritorias, como los directivos e integrantes de esta prestigiosa instituci\u00f3n.<\/p>\n\n\n\n<p>Destac\u00f3 el inter\u00e9s com\u00fan suyo y de la Academia por el fortalecimiento de las instituciones estatales y privadas que participan en la formulaci\u00f3n de pol\u00edticas p\u00fablicas para responder de manera proactiva a los desaf\u00edos planteados por el cambio clim\u00e1tico, por la acelerada urbanizaci\u00f3n, y por la necesidad ineludible de lograr la seguridad alimentaria en la Rep\u00fablica Dominicana.<\/p>\n\n\n\n<p>En efecto, dijo: \u201cfue debido a nuestro inter\u00e9s en estos temas vitales que, cuando nos desempe\u00f1amos como secretario de Estado de agricultura, en el per\u00edodo 1978-1982, nos propusimos crear la subsecretar\u00eda de Recursos Naturales\u201d.<\/p>\n\n\n\n<p>Manifest\u00f3 que no es una exageraci\u00f3n decir que esa iniciativa sirvi\u00f3 para crear un espacio de investigaci\u00f3n desde donde surgieron propuestas de gran relevancia.<\/p>\n\n\n\n<p>Se\u00f1al\u00f3 que: \u201cLo mismo ocurri\u00f3 cuando, durante nuestra administraci\u00f3n como presidente de la Rep\u00fablica, dimos el m\u00e1s decidido apoyo a la Secretar\u00eda de Estado de Medio Ambiente y Recursos Naturales, creada en el a\u00f1o 2000, con el prop\u00f3sito de robustecer la gesti\u00f3n del medioambiente, los ecosistemas y los recursos naturales\u201d.<\/p>\n\n\n\n<p>Andres Matos<\/p>\n\n\n\n<p><a target=\"_blank\" href=\"mailto:prensadepapa@gmail.com\" rel=\"noreferrer noopener\">prensadepapa@gmail.com<\/a><\/p>\n\n\n\n<p>Direcci\u00f3n de prensa.<\/p>\n","protected":false},"excerpt":{"rendered":"<p>El exmandatario fue reconocido por la Academia Dominicana de la Ciencia en su 50 aniversario. El ex presidente Hip\u00f3lito Mej\u00eda y Mario Bonetti reciben reconocimientos. Santo Domingo, RD. El expresidente Hip\u00f3lito Mej\u00eda afirm\u00f3 que la explotaci\u00f3n minera responsable y respetuosa del medio ambiente, el turismo a gran escala, y la extracci\u00f3n de materiales para la [&hellip;]<\/p>\n","protected":false},"author":28,"featured_media":507232,"comment_status":"closed","ping_status":"","sticky":true,"template":"","format":"standard","meta":{"footnotes":""},"categories":[36,22,27],"tags":[],"class_list":["post-507231","post","type-post","status-publish","format-standard","has-post-thumbnail","hentry","category-hombresmujeresycosas","category-politica","category-portada"],"_links":{"self":[{"href":"https:\/\/diariodominicano.com\/index.php?rest_route=\/wp\/v2\/posts\/507231","targetHints":{"allow":["GET"]}}],"collection":[{"href":"https:\/\/diariodominicano.com\/index.php?rest_route=\/wp\/v2\/posts"}],"about":[{"href":"https:\/\/diariodominicano.com\/index.php?rest_route=\/wp\/v2\/types\/post"}],"author":[{"embeddable":true,"href":"https:\/\/diariodominicano.com\/index.php?rest_route=\/wp\/v2\/users\/28"}],"replies":[{"embeddable":true,"href":"https:\/\/diariodominicano.com\/index.php?rest_route=%2Fwp%2Fv2%2Fcomments&post=507231"}],"version-history":[{"count":3,"href":"https:\/\/diariodominicano.com\/index.php?rest_route=\/wp\/v2\/posts\/507231\/revisions"}],"predecessor-version":[{"id":507237,"href":"https:\/\/diariodominicano.com\/index.php?rest_route=\/wp\/v2\/posts\/507231\/revisions\/507237"}],"wp:featuredmedia":[{"embeddable":true,"href":"https:\/\/diariodominicano.com\/index.php?rest_route=\/wp\/v2\/media\/507232"}],"wp:attachment":[{"href":"https:\/\/diariodominicano.com\/index.php?rest_route=%2Fwp%2Fv2%2Fmedia&parent=507231"}],"wp:term":[{"taxonomy":"category","embeddable":true,"href":"https:\/\/diariodominicano.com\/index.php?rest_route=%2Fwp%2Fv2%2Fcategories&post=507231"},{"taxonomy":"post_tag","embeddable":true,"href":"https:\/\/diariodominicano.com\/index.php?rest_route=%2Fwp%2Fv2%2Ftags&post=507231"}],"curies":[{"name":"wp","href":"https:\/\/api.w.org\/{rel}","templated":true}]}}