{"id":507221,"date":"2024-02-10T12:01:38","date_gmt":"2024-02-10T16:01:38","guid":{"rendered":"https:\/\/diariodominicano.com\/?p=507221"},"modified":"2024-02-10T12:01:38","modified_gmt":"2024-02-10T16:01:38","slug":"republicanos-cuestionan-agudeza-mental-de-biden","status":"publish","type":"post","link":"https:\/\/diariodominicano.com\/?p=507221","title":{"rendered":"Republicanos cuestionan agudeza mental de Biden"},"content":{"rendered":"\n<p>El presidente Joe Biden, una reuni\u00f3n en la Casa Blanca a prop\u00f3sito de la visita del canciller alem\u00e1n Olaf Scholz, el viernes 9 de febrero de 2024, en Washington.<\/p>\n\n\n\n<p>febrero 09, 2024<\/p>\n\n\n\n<ul class=\"wp-block-list\">\n<li><a href=\"https:\/\/www.vozdeamerica.com\/author\/patsy-widakuswara\/ropyv\">Patsy Widakuswara<\/a><\/li>\n<\/ul>\n\n\n\n<hr class=\"wp-block-separator has-alpha-channel-opacity\"\/>\n\n\n\n<p>Compartir<\/p>\n\n\n\n<ul class=\"wp-block-list\">\n<li><a href=\"https:\/\/facebook.com\/sharer.php?u=https%3a%2f%2fwww.vozdeamerica.com%2fa%2frepublicanos-cuestionan-biden-agudeza-mental-%2f7481705.html\" target=\"_blank\" rel=\"noreferrer noopener\"><\/a><\/li>\n\n\n\n<li><a href=\"https:\/\/twitter.com\/share?url=https%3a%2f%2fwww.vozdeamerica.com%2fa%2frepublicanos-cuestionan-biden-agudeza-mental-%2f7481705.html&amp;text=Republicanos+cuestionan+agudeza+mental+de+Biden\" target=\"_blank\" rel=\"noreferrer noopener\"><\/a><\/li>\n\n\n\n<li><\/li>\n\n\n\n<li><a href=\"mailto:?body=https%3a%2f%2fwww.vozdeamerica.com%2fa%2frepublicanos-cuestionan-biden-agudeza-mental-%2f7481705.html&amp;subject=Republicanos%20cuestionan%20agudeza%20mental%20de%20Biden\"><\/a><\/li>\n<\/ul>\n\n\n\n<p><a href=\"https:\/\/www.vozdeamerica.com\/a\/republicanos-cuestionan-biden-agudeza-mental-\/7481705.html#comments\">&nbsp;Vea comentarios<\/a><\/p>\n\n\n\n<p>&nbsp;Print<\/p>\n\n\n\n<p>El presidente Joe Biden es blanco de duras cr\u00edticas por parte de sus rivales republicanos, que apuntan a un d\u00e9ficit en su capacidad mental. El mandatario ha rechazado tajantemente los se\u00f1alamientos.<\/p>\n\n\n\n<p>WASHINGTON \u2014&nbsp;<\/p>\n\n\n\n<p>Los rivales republicanos de Joe Biden se han lanzado a cuestioar su agudeza mental, luego de un desliz verbal del presidente de Estados Unidos que ha exacerbado la ansiedad de los dem\u00f3cratas sobre su edad.<\/p>\n\n\n\n<p>\u00abBiden no va a ser m\u00e1s astuto en noviembre\u00bb, dijo Jason Miller, asesor principal de la campa\u00f1a de Donald Trump, en una declaraci\u00f3n a la&nbsp;<strong><em>Voz de Am\u00e9rica<\/em><\/strong>. El Comit\u00e9 de Acci\u00f3n Pol\u00edtica Make America Great Again (Hacer a Estados Unidos Grande Otra Vez) emiti\u00f3 un comunicado que dec\u00eda: \u201cJoe Biden no s\u00f3lo est\u00e1 senil, sino que puso en riesgo nuestra seguridad nacional\u201d.<\/p>\n\n\n\n<p>El expresidente Donald Trump tiene&nbsp;<strong><em><a href=\"https:\/\/www.vozdeamerica.com\/a\/donald-trump-gana-caucus-republicanos-nevada-tras-ser-el-unico-candidato-importante-en-participar\/7480719.html\" target=\"_blank\" rel=\"noreferrer noopener\">una ventaja dominante<\/a><\/em><\/strong>&nbsp;en las primarias republicanas y es probable que se convierta en el candidato del partido, a pesar de enfrentar&nbsp;<strong><em><a href=\"https:\/\/www.vozdeamerica.com\/a\/glosario-judicial-de-los-procesos-del-expresidente-trump\/7034565.html\" target=\"_blank\" rel=\"noreferrer noopener\">91 acusaciones<\/a><\/em><\/strong>&nbsp;de delitos graves en varios casos penales federales y estatales.<\/p>\n\n\n\n<p>La campa\u00f1a de Nikki Haley, que va por detr\u00e1s de la Trump en los&nbsp;<a href=\"https:\/\/www.realclearpolitics.com\/\"><em><strong>sondeos<\/strong><\/em><\/a>, emiti\u00f3 un comunicado en el que dec\u00eda que Biden \u201cdeber\u00eda someterse a una prueba de capacidad mental de inmediato\u201d y hacerla p\u00fablica.<\/p>\n\n\n\n<p><a href=\"https:\/\/www.vozdeamerica.com\/a\/biden-niega-acusaciones-de-mala-gestion-de-documentos-y-contrasta-el-caso-con-el-de-trump\/7480725.html\"><\/a><\/p>\n\n\n\n<p><a href=\"https:\/\/www.vozdeamerica.com\/a\/biden-niega-acusaciones-de-mala-gestion-de-documentos-y-contrasta-el-caso-con-el-de-trump\/7480725.html\">TAMBI\u00c9N LEA<\/a><\/p>\n\n\n\n<h4 class=\"wp-block-heading\"><a href=\"https:\/\/www.vozdeamerica.com\/a\/biden-niega-acusaciones-de-mala-gestion-de-documentos-y-contrasta-el-caso-con-el-de-trump\/7480725.html\">Biden niega acusaciones de mala gesti\u00f3n de documentos y contrasta el caso con el de Trump<\/a><\/h4>\n\n\n\n<p>\u201cJoe Biden no puede recordar acontecimientos importantes de su vida, como cuando era vicepresidente o cuando muri\u00f3 su hijo\u201d, dijo Nikki Haley. \u00abEso es triste, pero lo ser\u00e1 a\u00fan m\u00e1s si tenemos a una persona en la Casa Blanca que no est\u00e1 mentalmente preparada para el puesto m\u00e1s importante del mundo\u00bb.<\/p>\n\n\n\n<h3 class=\"wp-block-heading\">El desliz verbal de Biden<\/h3>\n\n\n\n<p>Los republicanos lanzaron sus renovados ataques despu\u00e9s de que el presidente cometi\u00f3 un desliz verbal el jueves por la noche, al referirse err\u00f3neamente al presidente egipcio Abdel-Fattah el-Sissi como \u201cel presidente de M\u00e9xico\u201d mientras destacaba los esfuerzos que hizo para asegurar ayuda para el pueblo de Gaza.<\/p>\n\n\n\n<p>El desacierto ocurri\u00f3 justo cuando Biden rebat\u00eda las preguntas de los periodistas sobre el informe de un fiscal especial sobre&nbsp;<strong><em><a href=\"https:\/\/www.vozdeamerica.com\/a\/biden-retuvo-documentos-secretos-pero-no-enfrentara-cargos\/7480011.html\" target=\"_blank\" rel=\"noreferrer noopener\">su mal manejo de documentos clasificados<\/a><\/em><\/strong>&nbsp;que se\u00f1alaba a sus fallos de memoria, citando ejemplos de su incapacidad para recordar momentos decisivos de su propia vida, como cuando sirvi\u00f3 como vicepresidente o cuando falleci\u00f3 su hijo Beau.<\/p>\n\n\n\n<p>\u201cMi memoria est\u00e1 bien\u201d, respondi\u00f3 Biden visiblemente enojado mientras negaba haber olvidado cu\u00e1ndo muri\u00f3 su hijo. Beau Biden muri\u00f3 de c\u00e1ncer cerebral en 2015 a la edad de 46 a\u00f1os.<\/p>\n\n\n\n<p><a href=\"https:\/\/www.vozdeamerica.com\/a\/eeuu-dan-a-legisladores-acceso-a-documentos-secretos\/7046830.html\"><\/a><\/p>\n\n\n\n<p><a href=\"https:\/\/www.vozdeamerica.com\/a\/eeuu-dan-a-legisladores-acceso-a-documentos-secretos\/7046830.html\">TAMBI\u00c9N LEA<\/a><\/p>\n\n\n\n<h4 class=\"wp-block-heading\"><a href=\"https:\/\/www.vozdeamerica.com\/a\/eeuu-dan-a-legisladores-acceso-a-documentos-secretos\/7046830.html\">EEUU: Dan a legisladores acceso a documentos secretos<\/a><\/h4>\n\n\n\n<p>Tres cuartas partes de los votantes, incluida la mitad de los dem\u00f3cratas, dicen estar preocupados por la salud f\u00edsica y mental de Biden, seg\u00fan una encuesta de&nbsp;<em>NBC News<\/em>&nbsp;publicada esta semana.<\/p>\n\n\n\n<p>Seg\u00fan la misma pesquisa, menos de la mitad de los votantes est\u00e1n preocupados por la salud f\u00edsica y mental de Trump, a pesar de sus m\u00faltiples errores. Durante un evento de campa\u00f1a a principios de este mes, Trump pareci\u00f3 referirse err\u00f3neamente a su rival Haley como la ex presidenta de la C\u00e1mara de Representantes, Nancy Pelosi, cuando hablaba del&nbsp;<a href=\"https:\/\/www.vozdeamerica.com\/a\/estadosunidos_estallan-disturbios-en-dc\/6070554.html\"><strong><em>6 de enero de 2021<\/em><\/strong><\/a>. Anteriormente confundi\u00f3 a Biden con el expresidente Barack Obama.<\/p>\n\n\n\n<h3 class=\"wp-block-heading\">Biden, sin cargos<\/h3>\n\n\n\n<p>El fiscal especial Robert Hur determin\u00f3 que no se acusara a Biden por mal manejo de documentos clasificados. Sin embargo, es probable que la caracterizaci\u00f3n que hace Hur de la memoria del presidente sea propicia para que los rivales republicanos de Biden insistan en sus mensajes de que \u00e9l es incapaz de liderar el pa\u00eds.<\/p>\n\n\n\n<p>Trump, quien est\u00e1 bajo acusaci\u00f3n federal de 37 delitos graves relacionados con el mal manejo de documentos clasificados, obstrucci\u00f3n de la justicia y declaraciones falsas, agudiz\u00f3 su ataque contra el manejo de los documentos por parte de Biden.<\/p>\n\n\n\n<p>El republicano calific\u00f3 el caso de Biden como \u201c100 veces diferente y m\u00e1s grave que el m\u00edo\u201d, y acus\u00f3 en una declaraci\u00f3n de campa\u00f1a el jueves de que existe \u201cun sistema de justicia de dos niveles y un enjuiciamiento selectivo inconstitucional de interferencia electoral\u201d.<\/p>\n\n\n\n<p>En su informe, Hur se anticip\u00f3 a tales afirmaciones.<\/p>\n\n\n\n<p>\u00abA diferencia de las pruebas que involucran al se\u00f1or Biden, las acusaciones expuestas en la acusaci\u00f3n contra el se\u00f1or Trump, de ser probadas, presentar\u00edan hechos agravantes muy serios\u00bb, se\u00f1ala el informe. \u00abEn particular, despu\u00e9s de que se le dieron m\u00faltiples oportunidades de devolver documentos clasificados y evitar el procesamiento, el se\u00f1or Trump supuestamente hizo lo contrario\u00bb.<\/p>\n","protected":false},"excerpt":{"rendered":"<p>El presidente Joe Biden, una reuni\u00f3n en la Casa Blanca a prop\u00f3sito de la visita del canciller alem\u00e1n Olaf Scholz, el viernes 9 de febrero de 2024, en Washington. febrero 09, 2024 Compartir &nbsp;Vea comentarios &nbsp;Print El presidente Joe Biden es blanco de duras cr\u00edticas por parte de sus rivales republicanos, que apuntan a un [&hellip;]<\/p>\n","protected":false},"author":28,"featured_media":507222,"comment_status":"closed","ping_status":"","sticky":false,"template":"","format":"standard","meta":{"footnotes":""},"categories":[36,23,22],"tags":[],"class_list":["post-507221","post","type-post","status-publish","format-standard","has-post-thumbnail","hentry","category-hombresmujeresycosas","category-internacional","category-politica"],"_links":{"self":[{"href":"https:\/\/diariodominicano.com\/index.php?rest_route=\/wp\/v2\/posts\/507221","targetHints":{"allow":["GET"]}}],"collection":[{"href":"https:\/\/diariodominicano.com\/index.php?rest_route=\/wp\/v2\/posts"}],"about":[{"href":"https:\/\/diariodominicano.com\/index.php?rest_route=\/wp\/v2\/types\/post"}],"author":[{"embeddable":true,"href":"https:\/\/diariodominicano.com\/index.php?rest_route=\/wp\/v2\/users\/28"}],"replies":[{"embeddable":true,"href":"https:\/\/diariodominicano.com\/index.php?rest_route=%2Fwp%2Fv2%2Fcomments&post=507221"}],"version-history":[{"count":1,"href":"https:\/\/diariodominicano.com\/index.php?rest_route=\/wp\/v2\/posts\/507221\/revisions"}],"predecessor-version":[{"id":507223,"href":"https:\/\/diariodominicano.com\/index.php?rest_route=\/wp\/v2\/posts\/507221\/revisions\/507223"}],"wp:featuredmedia":[{"embeddable":true,"href":"https:\/\/diariodominicano.com\/index.php?rest_route=\/wp\/v2\/media\/507222"}],"wp:attachment":[{"href":"https:\/\/diariodominicano.com\/index.php?rest_route=%2Fwp%2Fv2%2Fmedia&parent=507221"}],"wp:term":[{"taxonomy":"category","embeddable":true,"href":"https:\/\/diariodominicano.com\/index.php?rest_route=%2Fwp%2Fv2%2Fcategories&post=507221"},{"taxonomy":"post_tag","embeddable":true,"href":"https:\/\/diariodominicano.com\/index.php?rest_route=%2Fwp%2Fv2%2Ftags&post=507221"}],"curies":[{"name":"wp","href":"https:\/\/api.w.org\/{rel}","templated":true}]}}