{"id":507175,"date":"2024-02-10T02:17:02","date_gmt":"2024-02-10T06:17:02","guid":{"rendered":"https:\/\/diariodominicano.com\/?p=507175"},"modified":"2024-02-10T02:17:02","modified_gmt":"2024-02-10T06:17:02","slug":"leonel-recibe-apoyo-en-pedro-brand-los-alcarrizos-y-otros-sectores","status":"publish","type":"post","link":"https:\/\/diariodominicano.com\/?p=507175","title":{"rendered":"Leonel recibe apoyo en Pedro Brand, Los Alcarrizos y otros sectores"},"content":{"rendered":"\n<p><strong>PEDRO BRAND.-<\/strong>&nbsp;El candidato presidencial del partido Fuerza del Pueblo (FP), Leonel Fern\u00e1ndez, inici\u00f3 en este municipio, de la provincia Santo Domingo, sus actividades proselitistas, de este fin de semana, que incluyen para este s\u00e1bado, marchas-caravanas en diferentes demarcaciones de la regi\u00f3n este.<\/p>\n\n\n\n<p>Fern\u00e1ndez acudi\u00f3 a esta poblaci\u00f3n a levantar los brazos, como se\u00f1al de triunfo, a Ram\u00f3n Pascual G\u00f3mez (El Mello), candidato a la Alcald\u00eda de este municipio por la FP y partidos aliados, que en las mediciones se perfila como el pr\u00f3ximo alcalde de esta demarcaci\u00f3n.<ins><\/ins><\/p>\n\n\n\n<p>El l\u00edder de la oposici\u00f3n pol\u00edtica dominicana, desde Pedro Brand, se traslad\u00f3 al distrito municipal de La Gu\u00e1yiga, para ofrecer su apoyo firme y decidido a la se\u00f1ora Eddy Altagracia Aguiar (do\u00f1a Iris), candidata a la direcci\u00f3n de esa jurisdicci\u00f3n, en representaci\u00f3n de la FP y organizaciones aliadas.<\/p>\n\n\n\n<p>Cientos de personas portando pancartas y coreando consignas a favor de los candidatos a puestos municipales y a Leonel Fern\u00e1ndez abarrotaron las calles de estos lugares.<\/p>\n\n\n\n<p>Fern\u00e1ndez concluy\u00f3 su agenda pol\u00edtica del viernes en apoyo a los candidatos municipales de la FP y entidades aliadas en la coalici\u00f3n Rescate RD, con una marcha-caravana que encabezar\u00e1 en el municipio de Los Alcarrizos.<\/p>\n\n\n\n<p>All\u00ed, el candidato a la Presidencia de la Rep\u00fablica por la FP y grupos aliados, Leonel Fern\u00e1ndez, recorri\u00f3 las calles de esa poblaci\u00f3n junto al actual alcalde y candidato a la reelecci\u00f3n, Cristi\u00e1n Encarnaci\u00f3n, quien goza de una extraordinaria aceptaci\u00f3n en esa demarcaci\u00f3n.<\/p>\n\n\n\n<p>LOS ALCARRIZOS.<\/p>\n\n\n\n<p>Miles de personas se lanzaron a las calles de Los Alcarrizos para saludar y apoyar al candidato presidencial de la Fuerza del Pueblo, Leonel Fern\u00e1ndez.<\/p>\n\n\n\n<p>Fern\u00e1ndez comparti\u00f3 un c\u00e1lido  abrazo con el actual alcalde de Los Alcarrizos  y aspirante a la reelecci\u00f3n, Cristian Encarnaci\u00f3n, para dejar sellado su apoyo a  sus aspiraciones de continuar al frente de la Alcald\u00eda.<\/p>\n\n\n\n<p>\u25cfS\u00c1BADO&nbsp;<\/p>\n\n\n\n<p>Este s\u00e1bado, en horas de la ma\u00f1ana, el presidente de la FP y l\u00edder de la oposici\u00f3n pol\u00edtica dominicana estar\u00e1 visitando a Miches, donde encabezar\u00e1 la presentaci\u00f3n del candidato a la Alcald\u00eda por ese municipio, C\u00e9sar Rafael Nieves (Rafa).<\/p>\n\n\n\n<p>Desde Miches, Fern\u00e1ndez ir\u00e1 al distrito municipal de Ver\u00f3n, donde har\u00e1 la presentaci\u00f3n de Crucito B\u00e1ez como candidato a director de esa demarcaci\u00f3n territorial.<\/p>\n\n\n\n<p>El mismo s\u00e1bado, pero en horas de la tarde, Fern\u00e1ndez encabezar\u00e1 una caravana en Hig\u00fcey, junto a Yonina Barriola, candidata a la Alcald\u00eda del municipio.<\/p>\n\n\n\n<p>Igualmente, el candidato a la Presidencia de la Rep\u00fablica por la FP y un grupo de organizaciones aliadas, estar\u00e1 en el distrito municipal Boca de Yuma, donde dar\u00e1 su apoyo al candidato a director de esa demarcaci\u00f3n, Raymond Mota.<\/p>\n\n\n\n<p>En San Rafael de Yuma, Fern\u00e1ndez estar\u00e1 presentando a Elvis Rodr\u00edguez como candidato a alcalde de ese municipio.<\/p>\n\n\n\n<p>Desde San Rafael de Yuma, provincia de La Altagracia, Fern\u00e1ndez ir\u00e1 a La Romana, donde encabezar\u00e1 otra caravana, en esta ocasi\u00f3n acompa\u00f1ado de Amarilis Santana, candidata a la Alcald\u00eda de ese municipio por la FP.<\/p>\n\n\n\n<p>Igualmente estar\u00e1 en Villa Hermosa, acompa\u00f1ando&nbsp; al candidato a la Alcald\u00eda por ese municipio, Mariano Jazm\u00edn (El Cacique).<\/p>\n\n\n\n<p>Desde all\u00ed, el principal l\u00edder pol\u00edtico dominicano ir\u00e1 a San Pedro de Macor\u00eds, donde har\u00e1 una caravana en compa\u00f1\u00eda de Sergio Cede\u00f1o, candidato a la Alcald\u00eda de ese municipio.<\/p>\n\n\n\n<p>Agenda del domingo<\/p>\n\n\n\n<p>El presidente y l\u00edder de la FP, el domingo, en horas de la ma\u00f1ana, estar\u00e1 en Santo Domingo Oeste, encabezando otra marcha-caravana, junto&nbsp; al candidato a la Alcald\u00eda de ese municipio, Aquilino Serrata (SON), precisa la informaci\u00f3n dada por la\u2002Secretar\u00eda de Comunicaciones de Fuerza del Pueblo.<\/p>\n\n\n\n<p>En horas de la tarde, Fern\u00e1ndez encabezar\u00e1 una caravana en el Distrito Nacional.<\/p>\n\n\n\n<p><a href=\"https:\/\/diariodominicano.com\/?author=28\"><\/a><\/p>\n","protected":false},"excerpt":{"rendered":"<p>PEDRO BRAND.-&nbsp;El candidato presidencial del partido Fuerza del Pueblo (FP), Leonel Fern\u00e1ndez, inici\u00f3 en este municipio, de la provincia Santo Domingo, sus actividades proselitistas, de este fin de semana, que incluyen para este s\u00e1bado, marchas-caravanas en diferentes demarcaciones de la regi\u00f3n este. Fern\u00e1ndez acudi\u00f3 a esta poblaci\u00f3n a levantar los brazos, como se\u00f1al de triunfo, [&hellip;]<\/p>\n","protected":false},"author":28,"featured_media":507176,"comment_status":"closed","ping_status":"","sticky":true,"template":"","format":"standard","meta":{"footnotes":""},"categories":[22,27],"tags":[],"class_list":["post-507175","post","type-post","status-publish","format-standard","has-post-thumbnail","hentry","category-politica","category-portada"],"_links":{"self":[{"href":"https:\/\/diariodominicano.com\/index.php?rest_route=\/wp\/v2\/posts\/507175","targetHints":{"allow":["GET"]}}],"collection":[{"href":"https:\/\/diariodominicano.com\/index.php?rest_route=\/wp\/v2\/posts"}],"about":[{"href":"https:\/\/diariodominicano.com\/index.php?rest_route=\/wp\/v2\/types\/post"}],"author":[{"embeddable":true,"href":"https:\/\/diariodominicano.com\/index.php?rest_route=\/wp\/v2\/users\/28"}],"replies":[{"embeddable":true,"href":"https:\/\/diariodominicano.com\/index.php?rest_route=%2Fwp%2Fv2%2Fcomments&post=507175"}],"version-history":[{"count":1,"href":"https:\/\/diariodominicano.com\/index.php?rest_route=\/wp\/v2\/posts\/507175\/revisions"}],"predecessor-version":[{"id":507177,"href":"https:\/\/diariodominicano.com\/index.php?rest_route=\/wp\/v2\/posts\/507175\/revisions\/507177"}],"wp:featuredmedia":[{"embeddable":true,"href":"https:\/\/diariodominicano.com\/index.php?rest_route=\/wp\/v2\/media\/507176"}],"wp:attachment":[{"href":"https:\/\/diariodominicano.com\/index.php?rest_route=%2Fwp%2Fv2%2Fmedia&parent=507175"}],"wp:term":[{"taxonomy":"category","embeddable":true,"href":"https:\/\/diariodominicano.com\/index.php?rest_route=%2Fwp%2Fv2%2Fcategories&post=507175"},{"taxonomy":"post_tag","embeddable":true,"href":"https:\/\/diariodominicano.com\/index.php?rest_route=%2Fwp%2Fv2%2Ftags&post=507175"}],"curies":[{"name":"wp","href":"https:\/\/api.w.org\/{rel}","templated":true}]}}