{"id":507149,"date":"2024-02-10T01:02:09","date_gmt":"2024-02-10T05:02:09","guid":{"rendered":"https:\/\/diariodominicano.com\/?p=507149"},"modified":"2024-02-10T01:03:01","modified_gmt":"2024-02-10T05:03:01","slug":"miguel-vargas-monte-plata-no-escapa-al-deterioro-y-retroceso-causado-por-el-gobierno","status":"publish","type":"post","link":"https:\/\/diariodominicano.com\/?p=507149","title":{"rendered":"Miguel Vargas: \u201cMonte Plata no escapa al deterioro y retroceso causado por el gobierno\u201d"},"content":{"rendered":"\n<p><em><u>El candidato presidencial perrede\u00edsta reiter\u00f3 el pr\u00f3ximo triunfo de la Alianza Opositora Rescate RD, bajo el compromiso de retornar a la senda del progreso a cada municipio y superar el menoscabo de los servicios p\u00fablicos. \u201cRepresentamos la propuesta de gesti\u00f3n distinta desde la Presidencia de la Rep\u00fablica\u201d.<\/u><\/em><\/p>\n\n\n\n<figure class=\"wp-block-image size-large\"><img loading=\"lazy\" decoding=\"async\" width=\"1024\" height=\"682\" src=\"https:\/\/diariodominicano.com\/wp-content\/uploads\/2024\/02\/MONTE-PLATA-FEBRERO-2024-2-1024x682.jpg\" alt=\"\" class=\"wp-image-507152\" srcset=\"https:\/\/diariodominicano.com\/wp-content\/uploads\/2024\/02\/MONTE-PLATA-FEBRERO-2024-2-1024x682.jpg 1024w, https:\/\/diariodominicano.com\/wp-content\/uploads\/2024\/02\/MONTE-PLATA-FEBRERO-2024-2-300x200.jpg 300w, https:\/\/diariodominicano.com\/wp-content\/uploads\/2024\/02\/MONTE-PLATA-FEBRERO-2024-2-768x512.jpg 768w, https:\/\/diariodominicano.com\/wp-content\/uploads\/2024\/02\/MONTE-PLATA-FEBRERO-2024-2-1536x1023.jpg 1536w, https:\/\/diariodominicano.com\/wp-content\/uploads\/2024\/02\/MONTE-PLATA-FEBRERO-2024-2-816x544.jpg 816w, https:\/\/diariodominicano.com\/wp-content\/uploads\/2024\/02\/MONTE-PLATA-FEBRERO-2024-2.jpg 1600w\" sizes=\"auto, (max-width: 1024px) 100vw, 1024px\" \/><\/figure>\n\n\n\n<p>Monte Plata, RD. \u2013 \u00a0El candidato presidencial Miguel Vargas Maldonado encabez\u00f3 en el municipio Sabana Grande de Boy\u00e1 un concurrido encuentro con los candidatos municipales del Partido Revolucionario Dominicano (PRD) en esta provincia. All\u00ed declar\u00f3 su intenci\u00f3n de dirigir una gesti\u00f3n distinta, que permita afrontar los males que afectan a este territorio.<\/p>\n\n\n\n<p>Durante el evento, se destac\u00f3 la participaci\u00f3n de la anfitriona Bertilia Fern\u00e1ndez, quien lidera la propuesta perrede\u00edsta para la Alcald\u00eda en Sabana Grande de Boy\u00e1. En dicho escenario, el tambi\u00e9n presidente del PRD declar\u00f3 que \u201cMonte Plata no escapa del deterioro y retroceso causado por el gobierno\u201d.<\/p>\n\n\n\n<p>\u201cAqu\u00ed es m\u00e1s que evidente el da\u00f1o de las carreteras y caminos vecinales entre los municipios y distritos\u201d, expres\u00f3. \u201cTambi\u00e9n se destaca la ausencia del cr\u00e9dito a los agricultores, principalmente a productores de cacao, caf\u00e9 y pi\u00f1a\u201d, prosigui\u00f3 Vargas. Asimismo, se refiri\u00f3 al \u201cnotorio abandono del sector ganadero, que tampoco tiene acceso a asistencia t\u00e9cnica por parte del Ministerio de Agricultura\u201d, sancion\u00f3.<\/p>\n\n\n\n<p>El candidato presidencial del PRD ofreci\u00f3 detalles sobre su plan de desarrollo para esta demarcaci\u00f3n. \u201cEl compromiso nuestro es convertir a Monte Plata en un verdadero destino ecotur\u00edstico\u201d, indic\u00f3 Vargas. \u201cDesde ya, trabajamos en nuestra propuesta habitacional para esta provincia, mejoramiento del empleo local y superaci\u00f3n de la inseguridad que, seg\u00fan ustedes denuncian, se vive aqu\u00ed, como en todo el pa\u00eds\u201d, manifest\u00f3.&nbsp;<\/p>\n\n\n\n<figure class=\"wp-block-image size-large\"><img loading=\"lazy\" decoding=\"async\" width=\"1024\" height=\"682\" src=\"https:\/\/diariodominicano.com\/wp-content\/uploads\/2024\/02\/MONTE-PLATA-FEBRERO-2024-3-1024x682.jpg\" alt=\"\" class=\"wp-image-507154\" srcset=\"https:\/\/diariodominicano.com\/wp-content\/uploads\/2024\/02\/MONTE-PLATA-FEBRERO-2024-3-1024x682.jpg 1024w, https:\/\/diariodominicano.com\/wp-content\/uploads\/2024\/02\/MONTE-PLATA-FEBRERO-2024-3-300x200.jpg 300w, https:\/\/diariodominicano.com\/wp-content\/uploads\/2024\/02\/MONTE-PLATA-FEBRERO-2024-3-768x512.jpg 768w, https:\/\/diariodominicano.com\/wp-content\/uploads\/2024\/02\/MONTE-PLATA-FEBRERO-2024-3-1536x1023.jpg 1536w, https:\/\/diariodominicano.com\/wp-content\/uploads\/2024\/02\/MONTE-PLATA-FEBRERO-2024-3-816x544.jpg 816w, https:\/\/diariodominicano.com\/wp-content\/uploads\/2024\/02\/MONTE-PLATA-FEBRERO-2024-3.jpg 1600w\" sizes=\"auto, (max-width: 1024px) 100vw, 1024px\" \/><\/figure>\n\n\n\n<p>Reiter\u00f3 que el pr\u00f3ximo 18 de este mes el pueblo dominicano expresar\u00e1 su rechazo \u201ca la gesti\u00f3n de gobierno que pretende la reelecci\u00f3n de la peor Administraci\u00f3n que conoce nuestra democracia\u201d.<\/p>\n\n\n\n<p>\u201cEl pueblo dominicano no puede reelegir el fracaso de la gesti\u00f3n el\u00e9ctrica, la inseguridad, el alto costo de la vida y la incapacidad demostrada por esta Administraci\u00f3n en el sector educativo, donde ya han mal manejado m\u00e1s de un bill\u00f3n de pesos sin resultados\u201d, insisti\u00f3.<\/p>\n\n\n\n<p>\u201cTampoco el pueblo ser\u00e1 indiferente al desmedido nivel de endeudamiento en que nos han sumido\u201d, a\u00f1adi\u00f3.<\/p>\n\n\n\n<p>El l\u00edder perrede\u00edsta tambi\u00e9n sostuvo que la poblaci\u00f3n \u201cno votar\u00e1 por la pretensi\u00f3n de este gobierno de violentar nuestros derechos fundamentales, con la Ley 01-24\u201d. Agreg\u00f3 que, con dicha legislaci\u00f3n, \u201cse pretende convertir el pa\u00eds en un Estado de chivatos y caliesaje\u201d. Record\u00f3 que \u201cel PRD se opuso&nbsp;a una etapa similar&nbsp;en la \u00e9poca de tiran\u00eda y la combatiremos nuevamente\u201d.<\/p>\n\n\n\n<p>El candidato presidencial reiter\u00f3 el triunfo de la Alianza Opositora Rescate RD en los pr\u00f3ximos comicios. Esto, bajo el compromiso de retornar a la senda del progreso a cada municipio y superar el deterioro de los servicios p\u00fablicos. \u201cRepresentamos la propuesta de gesti\u00f3n distinta desde la Presidencia de la Rep\u00fablica\u201d, remarc\u00f3. \u201cLes convocamos para que el pr\u00f3ximo d\u00eda 18 todos expresemos nuestro descontento con esta Administraci\u00f3n, eligiendo los candidatos de la Alianza Rescate RD, votando blanco, en la casilla cuatro, la del PRD\u201d, expres\u00f3 Vargas.<\/p>\n\n\n\n<p><strong>Detalles del encuentro<\/strong><\/p>\n\n\n\n<p>En Sabana Grande de Boy\u00e1, Miguel Vargas protagoniz\u00f3 un evento en apoyo a la candidata a alcaldesa del PRD por ese municipio,&nbsp;<a>Bertilia Fern\u00e1ndez<\/a>.<\/p>\n\n\n\n<p>Le acompa\u00f1aron el vicepresidente del partido, H\u00e9ctor Guzm\u00e1n; la presidenta provincial, Mar\u00eda Estela de la Cruz; el presidente municipal, Jos\u00e9 Ram\u00f3n Lorenzo; la exalcaldesa Sergia Santiago, entre otros l\u00edderes municipales y distritales.<\/p>\n\n\n\n<p>Comunicaci\u00f3n Integral Rep Dom<\/p>\n\n\n\n<p><a target=\"_blank\" href=\"mailto:comunicacionintegralrepdom@gmail.com\" rel=\"noreferrer noopener\">comunicacionintegralrepdom<\/a><\/p>\n","protected":false},"excerpt":{"rendered":"<p>El candidato presidencial perrede\u00edsta reiter\u00f3 el pr\u00f3ximo triunfo de la Alianza Opositora Rescate RD, bajo el compromiso de retornar a la senda del progreso a cada municipio y superar el menoscabo de los servicios p\u00fablicos. \u201cRepresentamos la propuesta de gesti\u00f3n distinta desde la Presidencia de la Rep\u00fablica\u201d. Monte Plata, RD. \u2013 \u00a0El candidato presidencial Miguel [&hellip;]<\/p>\n","protected":false},"author":28,"featured_media":507150,"comment_status":"closed","ping_status":"","sticky":true,"template":"","format":"standard","meta":{"footnotes":""},"categories":[22,27],"tags":[],"class_list":["post-507149","post","type-post","status-publish","format-standard","has-post-thumbnail","hentry","category-politica","category-portada"],"_links":{"self":[{"href":"https:\/\/diariodominicano.com\/index.php?rest_route=\/wp\/v2\/posts\/507149","targetHints":{"allow":["GET"]}}],"collection":[{"href":"https:\/\/diariodominicano.com\/index.php?rest_route=\/wp\/v2\/posts"}],"about":[{"href":"https:\/\/diariodominicano.com\/index.php?rest_route=\/wp\/v2\/types\/post"}],"author":[{"embeddable":true,"href":"https:\/\/diariodominicano.com\/index.php?rest_route=\/wp\/v2\/users\/28"}],"replies":[{"embeddable":true,"href":"https:\/\/diariodominicano.com\/index.php?rest_route=%2Fwp%2Fv2%2Fcomments&post=507149"}],"version-history":[{"count":3,"href":"https:\/\/diariodominicano.com\/index.php?rest_route=\/wp\/v2\/posts\/507149\/revisions"}],"predecessor-version":[{"id":507155,"href":"https:\/\/diariodominicano.com\/index.php?rest_route=\/wp\/v2\/posts\/507149\/revisions\/507155"}],"wp:featuredmedia":[{"embeddable":true,"href":"https:\/\/diariodominicano.com\/index.php?rest_route=\/wp\/v2\/media\/507150"}],"wp:attachment":[{"href":"https:\/\/diariodominicano.com\/index.php?rest_route=%2Fwp%2Fv2%2Fmedia&parent=507149"}],"wp:term":[{"taxonomy":"category","embeddable":true,"href":"https:\/\/diariodominicano.com\/index.php?rest_route=%2Fwp%2Fv2%2Fcategories&post=507149"},{"taxonomy":"post_tag","embeddable":true,"href":"https:\/\/diariodominicano.com\/index.php?rest_route=%2Fwp%2Fv2%2Ftags&post=507149"}],"curies":[{"name":"wp","href":"https:\/\/api.w.org\/{rel}","templated":true}]}}