{"id":507146,"date":"2024-02-10T00:59:06","date_gmt":"2024-02-10T04:59:06","guid":{"rendered":"https:\/\/diariodominicano.com\/?p=507146"},"modified":"2024-02-10T00:59:06","modified_gmt":"2024-02-10T04:59:06","slug":"luis-hernandez-insta-a-apoyar-candidaturas-de-fuerza-del-pueblo-y-aliados","status":"publish","type":"post","link":"https:\/\/diariodominicano.com\/?p=507146","title":{"rendered":"Luis Hern\u00e1ndez insta a apoyar candidaturas de Fuerza del Pueblo y aliados"},"content":{"rendered":"\n<p>Luis Hern\u00e1ndez<\/p>\n\n\n\n<p>\u00a0Santo Domingo Este, RD.- El miembro de la Direcci\u00f3n Central de la Fuerza del Pueblo, Lu\u00eds Hern\u00e1ndez inst\u00f3\u00a0 a\u00a0 apoyar las candidaturas del partido y aliados de Santo Domingo Este, y el resto del pa\u00eds, en las elecciones municipales del 18 del presente mes de Febrero<\/p>\n\n\n\n<p>&nbsp;&nbsp;&nbsp;&nbsp;&nbsp; Hern\u00e1ndez dijo que las propuestas de los aspirantes a la Alcald\u00eda y a las regidur\u00edas encarnan,&nbsp; representan las justas aspiraciones de la poblaci\u00f3n de ese municipio de la provincia Santo Domingo.<\/p>\n\n\n\n<p>&nbsp;&nbsp;&nbsp;&nbsp;&nbsp;&nbsp;&nbsp;&nbsp; Expres\u00f3 que los hombres&nbsp; y mujeres postulados por la Fuerza del Pueblo (FP) y aliados presentan planes de trabajo acordes con los reclamos ciudadanos de reorientaciones en los servicios y los programas del Ayuntamiento de SDE.<\/p>\n\n\n\n<p>&nbsp;&nbsp;&nbsp;&nbsp; El tambi\u00e9n presidente de la Circunscripci\u00f3n Uno de la FP en SDE subray\u00f3 que los mun\u00edcipes est\u00e1n cansados de las promesas incumplidas y de los desaciertos de las autoridades del partido oficialista, por lo que clama por reorientaciones acordes con sus demandas y necesidades.<\/p>\n\n\n\n<p>&nbsp;&nbsp;&nbsp;&nbsp;&nbsp;&nbsp;&nbsp;&nbsp; Observa que la mayor\u00eda de la poblaci\u00f3n entiende que hay que ponerle freno a las pretensiones del partido oficialista de quedarse con el control de los Ayuntamientos no solo de Santo Domingo Este, sino de toda la provincia y el resto del pa\u00eds, para seguir utilizando sus recursos y manejarlos a su antojo, sin tomar en cuenta las justas aspiraciones y necesidades de la municipalidad.<\/p>\n\n\n\n<p>&nbsp;&nbsp;&nbsp;&nbsp;&nbsp;&nbsp;&nbsp;&nbsp;&nbsp; Agreg\u00f3 que las propuestas de los candidatos de la FP y aliados constituyen un muro a las pretensiones de los oficialistas, ya que est\u00e1n en sinton\u00eda con las justas aspiraciones de la mayor\u00eda de la poblaci\u00f3n.<\/p>\n\n\n\n<p>&nbsp;&nbsp;&nbsp;&nbsp;&nbsp;&nbsp;&nbsp;&nbsp;&nbsp;&nbsp;&nbsp;&nbsp; Se\u00f1al\u00f3 que la respuesta de la poblaci\u00f3n es la gran acogida y las manifestaciones de apoyo a las propuestas de los candidatos de la FP&nbsp; y alados.&nbsp;&nbsp;&nbsp;<\/p>\n\n\n\n<p>&nbsp;&nbsp;&nbsp;&nbsp;&nbsp;&nbsp;&nbsp; Por eso, asegura que las boletas de la Fuerza del Pueblo y aliados son garant\u00eda de triunfo en las elecciones del 18 de este mes.<\/p>\n\n\n\n<p>&nbsp;&nbsp;&nbsp;&nbsp;&nbsp;&nbsp;&nbsp; El domingo 18 de este mes\u2014puntualiz\u00f3\u2014es la ocasi\u00f3n decisiva para dar los pasos iniciales para implementar las obras, los programas, los proyectos y servicios que demandan a gritos los mun\u00edcipes.<\/p>\n\n\n\n<p>&nbsp;&nbsp;&nbsp;&nbsp;&nbsp;&nbsp;&nbsp;&nbsp; Apreci\u00f3 que la gente de los diferentes sectores de SDE se han identificado con la candidatura a la Alcald\u00eda de Julio Romero y a la Vice- alcald\u00eda de Norma Molina, as\u00ed como de los aspirantes a regidores postulados por la Fuerza del Pueblo,&nbsp; la Alianza Rescate RD y Juntos Podemos<\/p>\n\n\n\n<p>&nbsp;&nbsp;&nbsp;&nbsp;&nbsp;&nbsp;&nbsp;&nbsp;&nbsp; Subray\u00f3 que las boletas en su conjunto de la FP y aliados constituyen una garant\u00eda de triunfo en los comicios municipales \u201cporque cuentan con un s\u00f3lido respaldo de los ciudadanos de SDE\u201d.<\/p>\n\n\n\n<p>\u00a0\u00a0\u00a0\u00a0\u00a0\u00a0\u00a0\u00a0 Luis Hern\u00e1ndez expresa que no obstante esta realidad, en los d\u00edas que faltan para las elecciones los hombres y mujeres de la Fuerza del Pueblo, la Alianza Rescate RD, y Juntos Podemos deben seguir trabajando sin tregua para consolidar el voto de los miembros del partido y simpatizantes y de ese modo sellar la victoria,\u00a0 reencausar, y reorientar el municipio con las ejecuciones de programas y servicios acordes con las necesidades y justas aspiraciones de la poblaci\u00f3n de SDE.<\/p>\n\n\n\n<p><strong>jose antonio vargas gerrero<\/strong>\u00a0&lt;jvargas6481@gmail.c<\/p>\n","protected":false},"excerpt":{"rendered":"<p>Luis Hern\u00e1ndez \u00a0Santo Domingo Este, RD.- El miembro de la Direcci\u00f3n Central de la Fuerza del Pueblo, Lu\u00eds Hern\u00e1ndez inst\u00f3\u00a0 a\u00a0 apoyar las candidaturas del partido y aliados de Santo Domingo Este, y el resto del pa\u00eds, en las elecciones municipales del 18 del presente mes de Febrero &nbsp;&nbsp;&nbsp;&nbsp;&nbsp; Hern\u00e1ndez dijo que las propuestas de [&hellip;]<\/p>\n","protected":false},"author":28,"featured_media":507147,"comment_status":"closed","ping_status":"","sticky":true,"template":"","format":"standard","meta":{"footnotes":""},"categories":[22,27],"tags":[],"class_list":["post-507146","post","type-post","status-publish","format-standard","has-post-thumbnail","hentry","category-politica","category-portada"],"_links":{"self":[{"href":"https:\/\/diariodominicano.com\/index.php?rest_route=\/wp\/v2\/posts\/507146","targetHints":{"allow":["GET"]}}],"collection":[{"href":"https:\/\/diariodominicano.com\/index.php?rest_route=\/wp\/v2\/posts"}],"about":[{"href":"https:\/\/diariodominicano.com\/index.php?rest_route=\/wp\/v2\/types\/post"}],"author":[{"embeddable":true,"href":"https:\/\/diariodominicano.com\/index.php?rest_route=\/wp\/v2\/users\/28"}],"replies":[{"embeddable":true,"href":"https:\/\/diariodominicano.com\/index.php?rest_route=%2Fwp%2Fv2%2Fcomments&post=507146"}],"version-history":[{"count":1,"href":"https:\/\/diariodominicano.com\/index.php?rest_route=\/wp\/v2\/posts\/507146\/revisions"}],"predecessor-version":[{"id":507148,"href":"https:\/\/diariodominicano.com\/index.php?rest_route=\/wp\/v2\/posts\/507146\/revisions\/507148"}],"wp:featuredmedia":[{"embeddable":true,"href":"https:\/\/diariodominicano.com\/index.php?rest_route=\/wp\/v2\/media\/507147"}],"wp:attachment":[{"href":"https:\/\/diariodominicano.com\/index.php?rest_route=%2Fwp%2Fv2%2Fmedia&parent=507146"}],"wp:term":[{"taxonomy":"category","embeddable":true,"href":"https:\/\/diariodominicano.com\/index.php?rest_route=%2Fwp%2Fv2%2Fcategories&post=507146"},{"taxonomy":"post_tag","embeddable":true,"href":"https:\/\/diariodominicano.com\/index.php?rest_route=%2Fwp%2Fv2%2Ftags&post=507146"}],"curies":[{"name":"wp","href":"https:\/\/api.w.org\/{rel}","templated":true}]}}