{"id":507138,"date":"2024-02-10T00:51:04","date_gmt":"2024-02-10T04:51:04","guid":{"rendered":"https:\/\/diariodominicano.com\/?p=507138"},"modified":"2024-02-10T00:52:09","modified_gmt":"2024-02-10T04:52:09","slug":"jce-amplia-operativo-de-motivacion-al-voto-para-elecciones-municipales-del-18-de-febrero-de-2024","status":"publish","type":"post","link":"https:\/\/diariodominicano.com\/?p=507138","title":{"rendered":"JCE ampl\u00eda operativo de motivaci\u00f3n al voto para elecciones municipales del 18 de febrero de 2024"},"content":{"rendered":"\n<p>La jornada se extendi\u00f3 a plazas comerciales y universidades de la geograf\u00eda nacional<\/p>\n\n\n\n<figure class=\"wp-block-image size-large\"><img loading=\"lazy\" decoding=\"async\" width=\"768\" height=\"1024\" src=\"https:\/\/diariodominicano.com\/wp-content\/uploads\/2024\/02\/Op.-00-768x1024.jpeg\" alt=\"\" class=\"wp-image-507141\" srcset=\"https:\/\/diariodominicano.com\/wp-content\/uploads\/2024\/02\/Op.-00-768x1024.jpeg 768w, https:\/\/diariodominicano.com\/wp-content\/uploads\/2024\/02\/Op.-00-225x300.jpeg 225w, https:\/\/diariodominicano.com\/wp-content\/uploads\/2024\/02\/Op.-00-816x1088.jpeg 816w, https:\/\/diariodominicano.com\/wp-content\/uploads\/2024\/02\/Op.-00.jpeg 960w\" sizes=\"auto, (max-width: 768px) 100vw, 768px\" \/><\/figure>\n\n\n\n<p>Santo Domingo, RD &#8211; La Junta Central Electoral (JCE) inform\u00f3 el viernes que ampli\u00f3 desde el pasado jueves hasta este domingo 11 de febrero el operativo especial de sensibilizaci\u00f3n y motivaci\u00f3n al voto que busca educar y promover la participaci\u00f3n de la ciudadan\u00eda en las pr\u00f3ximas elecciones municipales del 18 de febrero del presente a\u00f1o.<\/p>\n\n\n\n<p>La segunda fase de esta jornada se despleg\u00f3, al igual que la anterior, en las diferentes regiones del pa\u00eds, reforzando este operativo en las localidades en las que en el pasado proceso electoral se evidenci\u00f3 una alta cifra de votos nulos.&nbsp;<\/p>\n\n\n\n<figure class=\"wp-block-image size-large\"><img loading=\"lazy\" decoding=\"async\" width=\"1024\" height=\"682\" src=\"https:\/\/diariodominicano.com\/wp-content\/uploads\/2024\/02\/Op.-2.00-1024x682.jpeg\" alt=\"\" class=\"wp-image-507144\" srcset=\"https:\/\/diariodominicano.com\/wp-content\/uploads\/2024\/02\/Op.-2.00-1024x682.jpeg 1024w, https:\/\/diariodominicano.com\/wp-content\/uploads\/2024\/02\/Op.-2.00-300x200.jpeg 300w, https:\/\/diariodominicano.com\/wp-content\/uploads\/2024\/02\/Op.-2.00-768x512.jpeg 768w, https:\/\/diariodominicano.com\/wp-content\/uploads\/2024\/02\/Op.-2.00-816x544.jpeg 816w, https:\/\/diariodominicano.com\/wp-content\/uploads\/2024\/02\/Op.-2.00.jpeg 1280w\" sizes=\"auto, (max-width: 1024px) 100vw, 1024px\" \/><\/figure>\n\n\n\n<p>Para esta ocasi\u00f3n, el operativo se desplegar\u00e1 en las siguientes localidades del sur: en la provincia Bahoruco estar\u00e1n en Tamayo, Galv\u00e1n, Neyba, Jaragua, Clavellina, Los R\u00edos y Vicente Noble. En Independencia visitar\u00e1n Crist\u00f3bal, Salinas, Mella, Duverg\u00e9, Jiman\u00ed, La Descubierta y Postrer R\u00edo.<\/p>\n\n\n\n<p>En tanto que en Azua se educar\u00e1 electoralmente en Pueblo Viejo, Las Lomas, Puerto Viejo Los Negros, Las Bar\u00edas y La Estancia. Mientras que en Padre las Casas visitar\u00e1n Los Fr\u00edos, Las Clavellinas, Finca 6 (do\u00f1a Emma Balaguer), Las Javillas y Barrio Arriba. Tambi\u00e9n en Ban\u00ed la jornada abarcar\u00e1 Paya, Villa Sombrero, La Catalina, Las Bar\u00edas, El Carret\u00f3n, Sabana Buey y El Limonal.<\/p>\n\n\n\n<p>En la regi\u00f3n Este el personal de la JCE visitar\u00e1 Ver\u00f3n Punta Cana, La Otra Banda (Hig\u00fcey). Mientras que en El Seibo se desplegar\u00e1n en Santa Luc\u00eda, San Francisco Vicentillo y Pedro S\u00e1nchez. Adem\u00e1s, en Hato Mayor estar\u00e1n en Guayabo Dulce. En La Romana visitar\u00e1n Cumayasa y en San Pedro de Macor\u00eds ir\u00e1n a Ram\u00f3n Santana.<\/p>\n\n\n\n<p>En la regi\u00f3n norte-Cibao la jornada abarcar\u00e1 Santiago, Santiago Oeste, Hato del Yaque, Jaragua, La Canela, Pedro Garc\u00eda, Villa Gonz\u00e1lez y Palmar Arriba. Tambi\u00e9n en J\u00e1nico estar\u00e1n en Caimito y Juncalito. Adem\u00e1s, en San Jos\u00e9 de las Matas visitar\u00e1n Las Placetas y La Cuesta.<\/p>\n\n\n\n<p>Asimismo, en Bonao, el personal de la JCE educar\u00e1 electoralmente en las zonas de Juma Bejucal, Sabana del Puerto, La Salvia, Los Quemados, Jayaco, Arroyo Toroy Masipedro. En Villa Altagracia se desplazar\u00e1n por La Cuchilla, Medina y San Jos\u00e9 Pino Herrado El Puerto. Mientras que en San Francisco de Macor\u00eds ir\u00e1n a La Pe\u00f1a, Cenov\u00ed y Don Antonio Guzm\u00e1n Fern\u00e1ndez.<\/p>\n\n\n\n<p>En el Gran Santo Domingo la jornada abarcar\u00e1 Los Alcarrizos, Pantoja, Palmarejo y Villa Linda. Mientras que en Santo Domingo Norte visitar\u00e1n La Victoria, Hacienda Estrella, Villa Mella y Haras Nacionales. En Santo Domingo Este estar\u00e1n en San Luis y San Isidro.<\/p>\n\n\n\n<p>Asimismo, en Guerra visitar\u00e1n Hato Viejo, Boca Chica y La Caleta; mientras que en San Crist\u00f3bal se desplegar\u00e1n en Hatillo y Hato Dama. En La Vega estar\u00e1n en las localidades de Rio Verde Arriba, Taveras, El Ranchito y Don Juan Rodr\u00edguez (Barranca) y en Licey al Medio se desplegar\u00e1n en Las Palomas, en Tamboril y en Canca la piedra.<\/p>\n\n\n\n<p>El personal desplegado por el \u00f3rgano electoral contin\u00faa instruyendo a miles de personas con 20,000 boletas educativas sobre c\u00f3mo votar, qu\u00e9 es el voto preferencial, diferencia entre municipios y distritos municipales, entre otros aspectos de estas elecciones municipales.<\/p>\n\n\n\n<p>Adem\u00e1s, se est\u00e1 entregando material educativo como el Abec\u00e9 Electoral y un instructivo de todo lo que se debe conocer de las elecciones municipales.<\/p>\n\n\n\n<p>La jornada de motivaci\u00f3n al voto que incluye educaci\u00f3n electoral se extendi\u00f3 a plazas comerciales y universidades del Gran Santo Domingo de las localidades mencionadas y, adem\u00e1s, se incluy\u00f3 a negocios, paradas de motores y autobuses; iglesias, parques y arterias comerciales y medios de comunicaci\u00f3n.<\/p>\n\n\n\n<p>Para garantizar la inclusi\u00f3n, el personal educ\u00f3 a la ciudadan\u00eda sobre el voto accesible, el cual ser\u00e1 implementado por la JCE y para lo cual contar\u00e1 con gestores electorales inclusivos, el voto en casa, asistido y con plantilla y mesas auxiliares.<\/p>\n\n\n\n<p>La iniciativa es coordinada por la Direcci\u00f3n de Comunicaciones, con el apoyo de la Direcci\u00f3n de Elecciones, as\u00ed como las Juntas Electorales de cada municipio.<\/p>\n\n\n\n<p>Direcci\u00f3n de Comunicaciones<\/p>\n\n\n\n<p>9 de febrero de 2024<\/p>\n","protected":false},"excerpt":{"rendered":"<p>La jornada se extendi\u00f3 a plazas comerciales y universidades de la geograf\u00eda nacional Santo Domingo, RD &#8211; La Junta Central Electoral (JCE) inform\u00f3 el viernes que ampli\u00f3 desde el pasado jueves hasta este domingo 11 de febrero el operativo especial de sensibilizaci\u00f3n y motivaci\u00f3n al voto que busca educar y promover la participaci\u00f3n de la [&hellip;]<\/p>\n","protected":false},"author":28,"featured_media":507139,"comment_status":"closed","ping_status":"","sticky":true,"template":"","format":"standard","meta":{"footnotes":""},"categories":[36,22,27],"tags":[],"class_list":["post-507138","post","type-post","status-publish","format-standard","has-post-thumbnail","hentry","category-hombresmujeresycosas","category-politica","category-portada"],"_links":{"self":[{"href":"https:\/\/diariodominicano.com\/index.php?rest_route=\/wp\/v2\/posts\/507138","targetHints":{"allow":["GET"]}}],"collection":[{"href":"https:\/\/diariodominicano.com\/index.php?rest_route=\/wp\/v2\/posts"}],"about":[{"href":"https:\/\/diariodominicano.com\/index.php?rest_route=\/wp\/v2\/types\/post"}],"author":[{"embeddable":true,"href":"https:\/\/diariodominicano.com\/index.php?rest_route=\/wp\/v2\/users\/28"}],"replies":[{"embeddable":true,"href":"https:\/\/diariodominicano.com\/index.php?rest_route=%2Fwp%2Fv2%2Fcomments&post=507138"}],"version-history":[{"count":4,"href":"https:\/\/diariodominicano.com\/index.php?rest_route=\/wp\/v2\/posts\/507138\/revisions"}],"predecessor-version":[{"id":507145,"href":"https:\/\/diariodominicano.com\/index.php?rest_route=\/wp\/v2\/posts\/507138\/revisions\/507145"}],"wp:featuredmedia":[{"embeddable":true,"href":"https:\/\/diariodominicano.com\/index.php?rest_route=\/wp\/v2\/media\/507139"}],"wp:attachment":[{"href":"https:\/\/diariodominicano.com\/index.php?rest_route=%2Fwp%2Fv2%2Fmedia&parent=507138"}],"wp:term":[{"taxonomy":"category","embeddable":true,"href":"https:\/\/diariodominicano.com\/index.php?rest_route=%2Fwp%2Fv2%2Fcategories&post=507138"},{"taxonomy":"post_tag","embeddable":true,"href":"https:\/\/diariodominicano.com\/index.php?rest_route=%2Fwp%2Fv2%2Ftags&post=507138"}],"curies":[{"name":"wp","href":"https:\/\/api.w.org\/{rel}","templated":true}]}}