{"id":50707,"date":"2020-08-14T16:33:28","date_gmt":"2020-08-14T16:33:28","guid":{"rendered":"http:\/\/diariodominicano.ddns.net\/?p=50707"},"modified":"2020-08-14T16:33:28","modified_gmt":"2020-08-14T16:33:28","slug":"el-arquitecto-eduardo-selman-recibe-en-su-despacho-a-la-nueva-ministra-de-cultura-carmen-heredia","status":"publish","type":"post","link":"https:\/\/diariodominicano.com\/?p=50707","title":{"rendered":"El arquitecto Eduardo Selman recibe en su despacho a la nueva ministra de Cultura, Carmen Heredia"},"content":{"rendered":"<p><body><\/p>\n<p><img decoding=\"async\" src=\"img3\/Selmanyheredia14-8-20.jpg\" \/>  <\/p>\n<p><span class=\"text1noticias\">diariodominicano.com<\/span><\/p>\n<p><span class=\"text1noticias\"> <\/span><\/p>\n<p><span class=\"text1noticias\">Santo Domingo, 14 de agosto 2020.- El ministro de Cultura, arquitecto Eduardo Selman, recibi\u00f3 este viernes en su despacho a su sustituta en el cargo, la profesora Carmen Heredia.<\/span><\/p>\n<p><span class=\"text1noticias\"> <\/span><\/p>\n<p><span class=\"text1noticias\">La nueva ministra acudi\u00f3 a la reuni\u00f3n acompa\u00f1ada de una comitiva integrada por el poeta y pol\u00edtico Tony Raful, el arquitecto Gamar Michel\u00e9n y el dramaturgo y director teatral Giovanny Cruz, entre otros.<\/span><\/p>\n<p><span class=\"text1noticias\"> <\/span><\/p>\n<p><span class=\"text1noticias\">El encuentro que dur\u00f3 cerca de una hora se desarroll\u00f3 en un ambiente de armon\u00eda en el que los participantes revisaron los retos futuros del sector cultural de Rep\u00fablica Dominicana.<\/span><\/p>\n<p><span class=\"text1noticias\"> <\/span><\/p>\n<p><span class=\"text1noticias\">Durante la reuni\u00f3n, el ministro Eduardo Selman ofreci\u00f3 detalles de los planes desarrollados y de los que est\u00e1n en proceso, muy especialmente el relativo a la preservaci\u00f3n y conservaci\u00f3n de los museos y centros culturales, as\u00ed como de las instalaciones de ministerio en proceso de restauraci\u00f3n, incluida la sede principal y sus dependencias.<\/span><\/p>\n<p><span class=\"text1noticias\"> <\/span><\/p>\n<p><span class=\"text1noticias\">Otro tema de inter\u00e9s en la reuni\u00f3n fue la puesta en ejecuci\u00f3n de la Ley de Mecenazgo, aprobada el a\u00f1o pasado, as\u00ed como el reto que representa la pandemia del COVID-19 que ha paralizado actividades vitales de la cultura como el cine, teatro, los espect\u00e1culos y ferias del libro.<\/span><\/p>\n<p><span class=\"text1noticias\"> <\/span><\/p>\n<p><span class=\"text1noticias\">La semana pasada la profesora Heredia fue anunciada por el presidente electo Luis Abinader como la pr\u00f3xima ministra de Cultura, quien asumir\u00e1 el cargo el pr\u00f3ximo lunes 16 de agosto.<\/span><\/p>\n<p><span class=\"text1noticias\"> <\/span><\/p>\n<p><span class=\"text1noticias\">El arquitecto Eduardo Selman le ofreci\u00f3 su colaboraci\u00f3n plena a la profesora Carmen Heredia en los aspectos que ella considere de lugar.<\/span><\/p>\n<p><span class=\"text1noticias\"> <\/span><\/p>\n<p><span class=\"text1noticias\">Fuente: Direcci\u00f3n de Comunicaciones<\/span><\/p>\n<p><span class=\"text1noticias\">Ministerio de Cultura de la Rep\u00fablica<\/span> Dominicana<\/p>\n<h6> 2020-08-14 16:33:28 <\/h6>\n<p><!--\n<link rel=\"stylesheet\" href=\"css\/bootstrap.min.css\">\n\n\n<ul class=\"pagination\">\n\t    \n\t\n\n<li >\n\t<a href='?page_no=321'>Previous<\/a>\n\t<\/li>\n\n\n       \n    \n\n<li><a href='?page_no=1'>1<\/a><\/li>\n\n\n\n<li><a href='?page_no=2'>2<\/a><\/li>\n\n\n\n<li><a>...<\/a><\/li>\n\n\n\n<li><a href='?page_no=320'>320<\/a><\/li>\n\n\n\n<li><a href='?page_no=321'>321<\/a><\/li>\n\n\n\n<li class='active'><a>322<\/a><\/li>\n\n\n\n<li><a href='?page_no=323'>323<\/a><\/li>\n\n\n\n<li><a href='?page_no=324'>324<\/a><\/li>\n\n\n\n<li><a>...<\/a><\/li>\n\n\n\n<li><a href='?page_no=22911'>22911<\/a><\/li>\n\n\n\n<li><a href='?page_no=22912'>22912<\/a><\/li>\n\n    \n\t\n\n<li >\n\t<a href='?page_no=323'>Next<\/a>\n\t<\/li>\n\n\n    \n\n<li><a href='?page_no=22912'>Last &rsaquo;&rsaquo;<\/a><\/li>\n\n<\/ul>\n\n\n--><br \/>\n<\/body><\/p>\n","protected":false},"excerpt":{"rendered":"<p>diariodominicano.com Santo Domingo, 14 de agosto 2020.- El ministro de Cultura, arquitecto Eduardo Selman, recibi\u00f3 este viernes en su despacho a su sustituta en el cargo, la profesora Carmen Heredia. La nueva ministra acudi\u00f3 a la reuni\u00f3n acompa\u00f1ada de una comitiva integrada por el poeta y pol\u00edtico Tony Raful, el arquitecto Gamar Michel\u00e9n y el [&hellip;]<\/p>\n","protected":false},"author":3,"featured_media":0,"comment_status":"open","ping_status":"open","sticky":false,"template":"","format":"standard","meta":{"footnotes":""},"categories":[21],"tags":[],"class_list":["post-50707","post","type-post","status-publish","format-standard","hentry","category-cultura"],"_links":{"self":[{"href":"https:\/\/diariodominicano.com\/index.php?rest_route=\/wp\/v2\/posts\/50707","targetHints":{"allow":["GET"]}}],"collection":[{"href":"https:\/\/diariodominicano.com\/index.php?rest_route=\/wp\/v2\/posts"}],"about":[{"href":"https:\/\/diariodominicano.com\/index.php?rest_route=\/wp\/v2\/types\/post"}],"author":[{"embeddable":true,"href":"https:\/\/diariodominicano.com\/index.php?rest_route=\/wp\/v2\/users\/3"}],"replies":[{"embeddable":true,"href":"https:\/\/diariodominicano.com\/index.php?rest_route=%2Fwp%2Fv2%2Fcomments&post=50707"}],"version-history":[{"count":0,"href":"https:\/\/diariodominicano.com\/index.php?rest_route=\/wp\/v2\/posts\/50707\/revisions"}],"wp:attachment":[{"href":"https:\/\/diariodominicano.com\/index.php?rest_route=%2Fwp%2Fv2%2Fmedia&parent=50707"}],"wp:term":[{"taxonomy":"category","embeddable":true,"href":"https:\/\/diariodominicano.com\/index.php?rest_route=%2Fwp%2Fv2%2Fcategories&post=50707"},{"taxonomy":"post_tag","embeddable":true,"href":"https:\/\/diariodominicano.com\/index.php?rest_route=%2Fwp%2Fv2%2Ftags&post=50707"}],"curies":[{"name":"wp","href":"https:\/\/api.w.org\/{rel}","templated":true}]}}