{"id":506994,"date":"2024-02-09T23:56:03","date_gmt":"2024-02-10T03:56:03","guid":{"rendered":"https:\/\/diariodominicano.com\/?p=506994"},"modified":"2024-02-09T23:57:14","modified_gmt":"2024-02-10T03:57:14","slug":"existe-confusion-en-jovenes-y-ninos-por-conmemorar-natalicio-de-duarte-en-fecha-diferida-afirma-director-del-instituto-duartiano","status":"publish","type":"post","link":"https:\/\/diariodominicano.com\/?p=506994","title":{"rendered":"Existe confusi\u00f3n en j\u00f3venes y ni\u00f1os por conmemorar natalicio de Duarte en fecha diferida, afirma director del Instituto Duartiano"},"content":{"rendered":"\n<p>Doctor Wilson G\u00f3mez Ram\u00edrez<\/p>\n\n\n\n<p><em>Resalta legado del padre de la patria<\/em><\/p>\n\n\n\n<p><strong>Santo Domingo, RD. &#8211;<\/strong>El director del Instituto Duartiano, Wilson G\u00f3mez Ram\u00edrez, afirm\u00f3 que, aunque se celebra una fiesta nacional de Juan Pablo Duarte, las personas no conectan con el d\u00eda del natalicio por ser en fecha diferida y existe confusi\u00f3n entre j\u00f3venes y ni\u00f1os.<\/p>\n\n\n\n<p>G\u00f3mez Ram\u00edrez record\u00f3 que la fecha 26 de enero, d\u00eda del natalicio del padre de la patria, se inscribe en la historia nacional y que la conmemoraci\u00f3n surgi\u00f3 en la Escuela Dominicana cuando una maestra de origen belga someti\u00f3 una comunicaci\u00f3n al Congreso firmada por sus estudiantes para que ese d\u00eda fuera festivo.<\/p>\n\n\n\n<p>Indic\u00f3 que fue a partir de 1933 cuando comenz\u00f3 a dedicarse como una fecha patria no laborable y que desde aquella \u00e9poca se hab\u00eda mantenido, hasta que sobrevino la disposici\u00f3n que coloca en una situaci\u00f3n de dificultad la conmemoraci\u00f3n.<\/p>\n\n\n\n<p>Entrevistado en el programa Toque Final con Julio Mart\u00ednez Pozo, que se transmite por Antena 7, el director del Instituto Duartiano destac\u00f3 que el padre de la patria no fue un simple fundador de la Rep\u00fablica, sino el hacedor del patriotismo \u00a8nos dio un nombre:&nbsp; Rep\u00fablica Dominicana, est\u00e1 contenido en el juramento trinitario, nos dio la Bandera Nacional al hablar del pabell\u00f3n tricolor\u00a8<\/p>\n\n\n\n<p>Dijo que el pr\u00f3cer hizo una reserva con respecto al Escudo Nacional, tras citar que el futuro Estado tendr\u00e1 su correspondiente escudo de armas y las palabras esa divisa trinitaria: Dios, Patria y Libertad, que hoy la Constituci\u00f3n de la Rep\u00fablica retiene en el Art\u00edculo 34 como el lema nacional de los dominicanos.<\/p>\n\n\n\n<p>En tanto, indic\u00f3 que el Congreso Nacional ha estado conociendo el proyecto de ley, que ya ha sido aprobado por la mayor\u00eda de los diputados y que ahora s\u00f3lo esperan que el Senado de la Rep\u00fablica lo conozca y que, en consecuencia, lo apruebe para volver a ser los dominicanos que celebren el d\u00eda festivo y la fiesta nacional de Duarte el d\u00eda 26 de enero de cada a\u00f1o.<\/p>\n\n\n\n<p>Por otro lado, consider\u00f3 que, aunque se han realizado pel\u00edculas y documentales sobre la vida de Duarte, la misma tuvo tantas facetas que es necesario abundar m\u00e1s. &nbsp;<\/p>\n\n\n\n<p>\u00a8La gente conoce sobre el patricio, pero no conoce lo suficiente. Nueve a\u00f1os en su formaci\u00f3n militar, inicia como cabo termina como coronel, tuvo una vida \u00e9tica que es todo un ejemplo, capacidad, integridad, pulcritud, condici\u00f3n de l\u00edder excepcional, personalidad atractiva, don de mando, rectitud y su conciencia\u00a8, expres\u00f3.<\/p>\n\n\n\n<p>Precis\u00f3, adem\u00e1s, que Duarte es ejemplo de sacrificio al poner los bienes de la familia a favor de una causa y que no procuraba ventajas personales, sino el bien com\u00fan.<\/p>\n\n\n\n<p>El director del Instituto Duartiano defini\u00f3 al patricio como un hombre desprendido, recto, que participaba de la pol\u00edtica con una concepci\u00f3n muy clara, tras citar que \u00e9l dec\u00eda que la pol\u00edtica no es una especulaci\u00f3n, sino la ciencia m\u00e1s digna despu\u00e9s de la filosof\u00eda.<\/p>\n\n\n\n<p>\u00a8Duarte entend\u00eda la pol\u00edtica como un esfuerzo orientado al bien com\u00fan, el esfuerzo desprendido para que el inter\u00e9s supremo de la naci\u00f3n est\u00e9 siempre por encima del inter\u00e9s individual\u00a8, destac\u00f3. &nbsp;<\/p>\n\n\n\n<p>Indic\u00f3 que el fundador de la Rep\u00fablica dio al pa\u00eds un proyecto de Constituci\u00f3n que lo revela como un dem\u00f3crata, un hombre aferrado al estado de derecho y a la soberan\u00eda.<\/p>\n\n\n\n<p>Consider\u00f3, adem\u00e1s, que la mejor manera de acercarse a Juan Pablo Duarte, a su vida, obra y ejemplo es seguir su figura excepcional y tenerlo como un referente, citar sus ideolog\u00edas, ideas y todo lo que dej\u00f3.\u00a0<\/p>\n\n\n\n<p>Prog. TOQUE FINAL Mart\u00ednez Pozo<\/p>\n\n\n\n<p><a target=\"_blank\" href=\"mailto:toquefinaljmp@gmail.com\" rel=\"noreferrer noopener\">toquefinaljmp@gmail.com<\/a><\/p>\n","protected":false},"excerpt":{"rendered":"<p>Doctor Wilson G\u00f3mez Ram\u00edrez Resalta legado del padre de la patria Santo Domingo, RD. &#8211;El director del Instituto Duartiano, Wilson G\u00f3mez Ram\u00edrez, afirm\u00f3 que, aunque se celebra una fiesta nacional de Juan Pablo Duarte, las personas no conectan con el d\u00eda del natalicio por ser en fecha diferida y existe confusi\u00f3n entre j\u00f3venes y ni\u00f1os. [&hellip;]<\/p>\n","protected":false},"author":28,"featured_media":506995,"comment_status":"closed","ping_status":"","sticky":true,"template":"","format":"standard","meta":{"footnotes":""},"categories":[21,36,26,27],"tags":[],"class_list":["post-506994","post","type-post","status-publish","format-standard","has-post-thumbnail","hentry","category-cultura","category-hombresmujeresycosas","category-efemerides","category-portada"],"_links":{"self":[{"href":"https:\/\/diariodominicano.com\/index.php?rest_route=\/wp\/v2\/posts\/506994","targetHints":{"allow":["GET"]}}],"collection":[{"href":"https:\/\/diariodominicano.com\/index.php?rest_route=\/wp\/v2\/posts"}],"about":[{"href":"https:\/\/diariodominicano.com\/index.php?rest_route=\/wp\/v2\/types\/post"}],"author":[{"embeddable":true,"href":"https:\/\/diariodominicano.com\/index.php?rest_route=\/wp\/v2\/users\/28"}],"replies":[{"embeddable":true,"href":"https:\/\/diariodominicano.com\/index.php?rest_route=%2Fwp%2Fv2%2Fcomments&post=506994"}],"version-history":[{"count":3,"href":"https:\/\/diariodominicano.com\/index.php?rest_route=\/wp\/v2\/posts\/506994\/revisions"}],"predecessor-version":[{"id":506998,"href":"https:\/\/diariodominicano.com\/index.php?rest_route=\/wp\/v2\/posts\/506994\/revisions\/506998"}],"wp:featuredmedia":[{"embeddable":true,"href":"https:\/\/diariodominicano.com\/index.php?rest_route=\/wp\/v2\/media\/506995"}],"wp:attachment":[{"href":"https:\/\/diariodominicano.com\/index.php?rest_route=%2Fwp%2Fv2%2Fmedia&parent=506994"}],"wp:term":[{"taxonomy":"category","embeddable":true,"href":"https:\/\/diariodominicano.com\/index.php?rest_route=%2Fwp%2Fv2%2Fcategories&post=506994"},{"taxonomy":"post_tag","embeddable":true,"href":"https:\/\/diariodominicano.com\/index.php?rest_route=%2Fwp%2Fv2%2Ftags&post=506994"}],"curies":[{"name":"wp","href":"https:\/\/api.w.org\/{rel}","templated":true}]}}