{"id":506948,"date":"2024-02-09T22:52:54","date_gmt":"2024-02-10T02:52:54","guid":{"rendered":"https:\/\/diariodominicano.com\/?p=506948"},"modified":"2024-02-09T22:52:54","modified_gmt":"2024-02-10T02:52:54","slug":"pld-programa-marcha-en-la-capital-el-sabado-y-el-domingo-en-haina","status":"publish","type":"post","link":"https:\/\/diariodominicano.com\/?p=506948","title":{"rendered":"PLD programa marcha en la capital el s\u00e1bado y el domingo en Haina"},"content":{"rendered":"\n<p><strong><em>Abel Mart\u00ednez, candidato presidencial del PLD<\/em><\/strong><em>&nbsp;con una amplia agenda en respaldo a las candidaturas municipales.<\/em><\/p>\n\n\n\n<p><strong>Abel Mart\u00ednez, candidato presidencial del Partido de la Liberaci\u00f3n Dominicana (PLD)<\/strong>&nbsp;continua en el fin de semana brindando su respaldo a los candidatos y candidatas municipales y distritos municipales de esa organizaci\u00f3n para las elecciones del pr\u00f3ximo d\u00eda 18.<\/p>\n\n\n\n<p>En ese sentido el Comit\u00e9 de Campa\u00f1a presidencial paut\u00f3 la participaci\u00f3n de Abel Mart\u00ednez en marchas-caravanas y encuentros puntuales desde este viernes hasta el domingo.<\/p>\n\n\n\n<p>La tarde de este viernes Abel Mart\u00ednez girar\u00e1 una visita &nbsp;&nbsp;al candidato a director distrital Marino Castro en Hato Viejo, luego sostendr\u00e1 un encuentro con la dirigencia del PLD, candidatos a regidores y vicealcaldesa Natividad Castillo en el municipio de Guerra.<\/p>\n\n\n\n<p>Para las cinco horas de la tarde del viernes se program\u00f3 una Marcha &#8211; Caravana por San Isidro y San Lu\u00eds.<\/p>\n\n\n\n<p>Para este s\u00e1bado se program\u00f3 &nbsp;&nbsp;un recorrido con visitas puntuales en la circunscripci\u00f3n Uno de la capital y en horas de la tarde una marcha caravana en la Circunscripci\u00f3n Tres del Distrito Nacional, saliendo a las cuatro horas del barrio Guachupita.<\/p>\n\n\n\n<p>El Domingo se program\u00f3 en horas de la tarde una marcha Caravana en la Circunscripci\u00f3n 3 de San Crist\u00f3bal, que incluye El Carril, Haina y Nigua.<\/p>\n\n\n\n<p><strong>SECRETAR\u00cdA DE COMUNICACIONES<\/strong><strong><\/strong><\/p>\n\n\n\n<p><strong>09 DE FEBRERO, 2024.-<\/strong><strong><\/strong><\/p>\n","protected":false},"excerpt":{"rendered":"<p>Abel Mart\u00ednez, candidato presidencial del PLD&nbsp;con una amplia agenda en respaldo a las candidaturas municipales. Abel Mart\u00ednez, candidato presidencial del Partido de la Liberaci\u00f3n Dominicana (PLD)&nbsp;continua en el fin de semana brindando su respaldo a los candidatos y candidatas municipales y distritos municipales de esa organizaci\u00f3n para las elecciones del pr\u00f3ximo d\u00eda 18. En ese [&hellip;]<\/p>\n","protected":false},"author":28,"featured_media":506949,"comment_status":"closed","ping_status":"","sticky":true,"template":"","format":"standard","meta":{"footnotes":""},"categories":[22,27],"tags":[],"class_list":["post-506948","post","type-post","status-publish","format-standard","has-post-thumbnail","hentry","category-politica","category-portada"],"_links":{"self":[{"href":"https:\/\/diariodominicano.com\/index.php?rest_route=\/wp\/v2\/posts\/506948","targetHints":{"allow":["GET"]}}],"collection":[{"href":"https:\/\/diariodominicano.com\/index.php?rest_route=\/wp\/v2\/posts"}],"about":[{"href":"https:\/\/diariodominicano.com\/index.php?rest_route=\/wp\/v2\/types\/post"}],"author":[{"embeddable":true,"href":"https:\/\/diariodominicano.com\/index.php?rest_route=\/wp\/v2\/users\/28"}],"replies":[{"embeddable":true,"href":"https:\/\/diariodominicano.com\/index.php?rest_route=%2Fwp%2Fv2%2Fcomments&post=506948"}],"version-history":[{"count":1,"href":"https:\/\/diariodominicano.com\/index.php?rest_route=\/wp\/v2\/posts\/506948\/revisions"}],"predecessor-version":[{"id":506950,"href":"https:\/\/diariodominicano.com\/index.php?rest_route=\/wp\/v2\/posts\/506948\/revisions\/506950"}],"wp:featuredmedia":[{"embeddable":true,"href":"https:\/\/diariodominicano.com\/index.php?rest_route=\/wp\/v2\/media\/506949"}],"wp:attachment":[{"href":"https:\/\/diariodominicano.com\/index.php?rest_route=%2Fwp%2Fv2%2Fmedia&parent=506948"}],"wp:term":[{"taxonomy":"category","embeddable":true,"href":"https:\/\/diariodominicano.com\/index.php?rest_route=%2Fwp%2Fv2%2Fcategories&post=506948"},{"taxonomy":"post_tag","embeddable":true,"href":"https:\/\/diariodominicano.com\/index.php?rest_route=%2Fwp%2Fv2%2Ftags&post=506948"}],"curies":[{"name":"wp","href":"https:\/\/api.w.org\/{rel}","templated":true}]}}