{"id":506940,"date":"2024-02-09T22:40:10","date_gmt":"2024-02-10T02:40:10","guid":{"rendered":"https:\/\/diariodominicano.com\/?p=506940"},"modified":"2024-02-09T22:40:10","modified_gmt":"2024-02-10T02:40:10","slug":"aniversario-de-la-operacion-nica-bienvenida-y-continuacion-de-detenciones-injustas-en-nicaragua-ee-uu","status":"publish","type":"post","link":"https:\/\/diariodominicano.com\/?p=506940","title":{"rendered":"Aniversario de la Operaci\u00f3n Nica Bienvenida y Continuaci\u00f3n de Detenciones Injustas en Nicaragua: EE. UU."},"content":{"rendered":"\n<p>Washington, DC.- El 9 de febrero de 2023, Estados Unidos recibi\u00f3 222 presos pol\u00edticos liberados por Nicaragua, un grupo que inclu\u00eda defensores de derechos humanos, contendientes presidenciales nicarag\u00fcenses, activistas pol\u00edticos, cl\u00e9rigos, periodistas, estudiantes y miembros de organizaciones de la sociedad civil y grupos empresariales, record\u00f3 el viernes Matthew Miller, portavoz del departamento de Estado.<\/p>\n\n\n\n<p>En un comunicado de prensa se\u00f1al\u00f3 que \u00abPosteriormente, Daniel Ortega y Rosario Murillo actuaron para despojar a los ex presos pol\u00edticos de su ciudadan\u00eda nicarag\u00fcense in absentia. Un a\u00f1o despu\u00e9s, Daniel Ortega y Rosario Murillo contin\u00faan deteniendo injustamente o obligando al exilio a quienes desean ejercer sus derechos humanos y libertades fundamentales en Nicaragua\u00bb.<\/p>\n\n\n\n<p>Miller dijo que Estados Unidos se suma a la comunidad internacional para condenar tales esfuerzos por silenciar las voces del pueblo nicarag\u00fcense, y renovamos nuestros llamados a las autoridades nicarag\u00fcenses para que restablezcan el pleno disfrute de los derechos civiles y pol\u00edticos de todos los nicarag\u00fcenses.<\/p>\n\n\n\n<p>U.S. Department of State<\/p>\n\n\n\n<p><a href=\"mailto:usstatebpa@public.govdelivery.com\" target=\"_blank\" rel=\"noreferrer noopener\">usstatebpa@public.govdelivery.co<\/a><\/p>\n\n\n\n<p>09\/02\/2024 10:34 a. m. EST<\/p>\n","protected":false},"excerpt":{"rendered":"<p>Washington, DC.- El 9 de febrero de 2023, Estados Unidos recibi\u00f3 222 presos pol\u00edticos liberados por Nicaragua, un grupo que inclu\u00eda defensores de derechos humanos, contendientes presidenciales nicarag\u00fcenses, activistas pol\u00edticos, cl\u00e9rigos, periodistas, estudiantes y miembros de organizaciones de la sociedad civil y grupos empresariales, record\u00f3 el viernes Matthew Miller, portavoz del departamento de Estado. En [&hellip;]<\/p>\n","protected":false},"author":28,"featured_media":504709,"comment_status":"closed","ping_status":"","sticky":true,"template":"","format":"standard","meta":{"footnotes":""},"categories":[26,23,27],"tags":[],"class_list":["post-506940","post","type-post","status-publish","format-standard","has-post-thumbnail","hentry","category-efemerides","category-internacional","category-portada"],"_links":{"self":[{"href":"https:\/\/diariodominicano.com\/index.php?rest_route=\/wp\/v2\/posts\/506940","targetHints":{"allow":["GET"]}}],"collection":[{"href":"https:\/\/diariodominicano.com\/index.php?rest_route=\/wp\/v2\/posts"}],"about":[{"href":"https:\/\/diariodominicano.com\/index.php?rest_route=\/wp\/v2\/types\/post"}],"author":[{"embeddable":true,"href":"https:\/\/diariodominicano.com\/index.php?rest_route=\/wp\/v2\/users\/28"}],"replies":[{"embeddable":true,"href":"https:\/\/diariodominicano.com\/index.php?rest_route=%2Fwp%2Fv2%2Fcomments&post=506940"}],"version-history":[{"count":1,"href":"https:\/\/diariodominicano.com\/index.php?rest_route=\/wp\/v2\/posts\/506940\/revisions"}],"predecessor-version":[{"id":506941,"href":"https:\/\/diariodominicano.com\/index.php?rest_route=\/wp\/v2\/posts\/506940\/revisions\/506941"}],"wp:featuredmedia":[{"embeddable":true,"href":"https:\/\/diariodominicano.com\/index.php?rest_route=\/wp\/v2\/media\/504709"}],"wp:attachment":[{"href":"https:\/\/diariodominicano.com\/index.php?rest_route=%2Fwp%2Fv2%2Fmedia&parent=506940"}],"wp:term":[{"taxonomy":"category","embeddable":true,"href":"https:\/\/diariodominicano.com\/index.php?rest_route=%2Fwp%2Fv2%2Fcategories&post=506940"},{"taxonomy":"post_tag","embeddable":true,"href":"https:\/\/diariodominicano.com\/index.php?rest_route=%2Fwp%2Fv2%2Ftags&post=506940"}],"curies":[{"name":"wp","href":"https:\/\/api.w.org\/{rel}","templated":true}]}}