{"id":506905,"date":"2024-02-09T12:48:05","date_gmt":"2024-02-09T16:48:05","guid":{"rendered":"https:\/\/diariodominicano.com\/?p=506905"},"modified":"2024-02-09T12:49:31","modified_gmt":"2024-02-09T16:49:31","slug":"leonel-estara-este-fin-de-semana-en-santo-domingo-y-provincias-del-este","status":"publish","type":"post","link":"https:\/\/diariodominicano.com\/?p=506905","title":{"rendered":"Leonel con agenda este fin de semana en Santo Domingo y provincias del Este"},"content":{"rendered":"\n<p>Archivo:<\/p>\n\n\n\n<p>SANTO DOMINGO, RD.- El candidato presidencial del partido Fuerza del Pueblo y organizaciones aliadas, Leonel Fern\u00e1ndez, encabezar\u00e1  este fin de semana  m\u00faltiples actividades proselitistas, en Santo Domingo y varias provincias de la regi\u00f3n Este de Rep\u00fablica Dominicana, inform\u00f3 la Secretar\u00eda de Comunicaciones de Fuerza de Pueblo..<\/p>\n\n\n\n<p>A partir de este viernes y hasta el domingo, Fern\u00e1ndez tendr\u00e1 una  agenda, que iniciar\u00e1 en horas de la tarde\u00a0 en Pedro Brand, donde\u00a0 estar\u00e1 presentando a Ram\u00f3n Pascual G\u00f3mez (El Mello) candidato a la Alcald\u00eda de ese municipio.<\/p>\n\n\n\n<p>Posteriormente, el l\u00edder pol\u00edtico opositor ir\u00e1 a La Gu\u00e1yiga, donde har\u00e1 la presentaci\u00f3n de Eddy Altagracia Aguiar (do\u00f1a Iris), como candidata a directora de ese distrito municipal.<\/p>\n\n\n\n<p>Desde all\u00ed, Fern\u00e1ndez seguir\u00e1 la ruta hacia Los Alcarrizos, donde encabezar\u00e1 una marcha-caravana junto al candidato a alcalde de ese municipio, Cristi\u00e1n Encarnaci\u00f3n.<\/p>\n\n\n\n<p>El s\u00e1bado, en horas de la ma\u00f1ana, el presidente de la FP y l\u00edder de la oposici\u00f3n pol\u00edtica dominicana estar\u00e1 visitando a Miches, donde encabezar\u00e1 la presentaci\u00f3n del candidato a la Alcald\u00eda por ese municipio, C\u00e9sar Rafael Nieves (Rafa).<\/p>\n\n\n\n<p>Desde Miches, Fern\u00e1ndez ir\u00e1 al distrito municipal de Ver\u00f3n, donde har\u00e1 la presentaci\u00f3n de Crucito B\u00e1ez como candidato a director de esa demarcaci\u00f3n territorial.<\/p>\n\n\n\n<p>El mismo s\u00e1bado, pero en horas de la tarde, Fern\u00e1ndez encabezar\u00e1 una caravana en Hig\u00fcey, junto a Yonina Barriola, candidata a la Alcald\u00eda del municipio.<\/p>\n\n\n\n<p>Igualmente, el candidato a la Presidencia de la Rep\u00fablica por la FP y un grupo de organizaciones aliadas, estar\u00e1 en el distrito municipal Boca de Yuma, donde dar\u00e1 su apoyo al candidato a director de esa demarcaci\u00f3n, Raymond Mota.<\/p>\n\n\n\n<p>En San Rafael de Yuma, Fern\u00e1ndez estar\u00e1 presentando a Elvis Rodr\u00edguez como candidato a alcalde de ese municipio.<\/p>\n\n\n\n<p>Desde San Rafael de Yuma, provincia de La Altagracia, Fern\u00e1ndez ir\u00e1 a La Romana, donde encabezar\u00e1 otra caravana, en esta ocasi\u00f3n acompa\u00f1ado de Amarilis Santana, candidata a la Alcald\u00eda de ese municipio por la FP.<\/p>\n\n\n\n<p>Igualmente estar\u00e1 en Villa Hermosa, acompa\u00f1ando&nbsp; al candidato a la Alcald\u00eda por ese municipio, Mariano Jazm\u00edn (El Cacique).<\/p>\n\n\n\n<p>Desde all\u00ed, el principal l\u00edder pol\u00edtico dominicano ir\u00e1 a San Pedro de Macor\u00eds, donde har\u00e1 una caravana en compa\u00f1\u00eda de Sergio Cede\u00f1o, candidato a la Alcald\u00eda de ese municipio.<\/p>\n\n\n\n<p>Agenda del domingo<\/p>\n\n\n\n<p>El presidente y l\u00edder de la FP, el domingo, en horas de la ma\u00f1ana, estar\u00e1 en Santo Domingo Oeste, encabezando otra marcha-caravana, junto\u00a0 al candidato a la Alcald\u00eda de ese municipio, Aquilino Serrata (SON), precisa la informaci\u00f3n dada por  la\u2002Secretar\u00eda de Comunicaciones de Fuerza del Pueblo.<\/p>\n\n\n\n<p>En horas de la tarde, Fern\u00e1ndez encabezar\u00e1 una caravana en el Distrito Nacional.<\/p>\n","protected":false},"excerpt":{"rendered":"<p>Archivo: SANTO DOMINGO, RD.- El candidato presidencial del partido Fuerza del Pueblo y organizaciones aliadas, Leonel Fern\u00e1ndez, encabezar\u00e1 este fin de semana m\u00faltiples actividades proselitistas, en Santo Domingo y varias provincias de la regi\u00f3n Este de Rep\u00fablica Dominicana, inform\u00f3 la Secretar\u00eda de Comunicaciones de Fuerza de Pueblo.. A partir de este viernes y hasta el [&hellip;]<\/p>\n","protected":false},"author":28,"featured_media":506907,"comment_status":"closed","ping_status":"","sticky":true,"template":"","format":"standard","meta":{"footnotes":""},"categories":[22,27],"tags":[],"class_list":["post-506905","post","type-post","status-publish","format-standard","has-post-thumbnail","hentry","category-politica","category-portada"],"_links":{"self":[{"href":"https:\/\/diariodominicano.com\/index.php?rest_route=\/wp\/v2\/posts\/506905","targetHints":{"allow":["GET"]}}],"collection":[{"href":"https:\/\/diariodominicano.com\/index.php?rest_route=\/wp\/v2\/posts"}],"about":[{"href":"https:\/\/diariodominicano.com\/index.php?rest_route=\/wp\/v2\/types\/post"}],"author":[{"embeddable":true,"href":"https:\/\/diariodominicano.com\/index.php?rest_route=\/wp\/v2\/users\/28"}],"replies":[{"embeddable":true,"href":"https:\/\/diariodominicano.com\/index.php?rest_route=%2Fwp%2Fv2%2Fcomments&post=506905"}],"version-history":[{"count":3,"href":"https:\/\/diariodominicano.com\/index.php?rest_route=\/wp\/v2\/posts\/506905\/revisions"}],"predecessor-version":[{"id":506911,"href":"https:\/\/diariodominicano.com\/index.php?rest_route=\/wp\/v2\/posts\/506905\/revisions\/506911"}],"wp:featuredmedia":[{"embeddable":true,"href":"https:\/\/diariodominicano.com\/index.php?rest_route=\/wp\/v2\/media\/506907"}],"wp:attachment":[{"href":"https:\/\/diariodominicano.com\/index.php?rest_route=%2Fwp%2Fv2%2Fmedia&parent=506905"}],"wp:term":[{"taxonomy":"category","embeddable":true,"href":"https:\/\/diariodominicano.com\/index.php?rest_route=%2Fwp%2Fv2%2Fcategories&post=506905"},{"taxonomy":"post_tag","embeddable":true,"href":"https:\/\/diariodominicano.com\/index.php?rest_route=%2Fwp%2Fv2%2Ftags&post=506905"}],"curies":[{"name":"wp","href":"https:\/\/api.w.org\/{rel}","templated":true}]}}