{"id":506892,"date":"2024-02-09T12:22:34","date_gmt":"2024-02-09T16:22:34","guid":{"rendered":"https:\/\/diariodominicano.com\/?p=506892"},"modified":"2024-02-09T12:25:28","modified_gmt":"2024-02-09T16:25:28","slug":"abinader-encabezara-marcha-caravana-en-apoyo-a-betty-geronimo-manana-sabado","status":"publish","type":"post","link":"https:\/\/diariodominicano.com\/?p=506892","title":{"rendered":"Abinader encabezar\u00e1 marcha caravana en apoyo a Betty Ger\u00f3nimo, ma\u00f1ana s\u00e1bado\u00a0"},"content":{"rendered":"\n<p><strong><em>La marcha caravana partir\u00e1 a las 2:00 de la tarde, y recorrer\u00e1 las principales calles y avenidas de Los Guaricanos y Villa Mella Sur<\/em><\/strong>.<\/p>\n\n\n\n<p><strong>Santo Domingo Norte.-<\/strong>&nbsp;El presidente Lu\u00eds Abinader encabezar\u00e1 este s\u00e1bado una marcha caravana en apoyo a la candidata a la alcald\u00eda del municipio&nbsp; Santo Domingo Norte,&nbsp; Betty Ger\u00f3nimo.<\/p>\n\n\n\n<p>La marcha caravana partir\u00e1 a las 2:00 de la tarde recorrer\u00e1 las principales calles y avenidas de Los Guaricanos y Villa Mella Sur.<\/p>\n\n\n\n<p>La informaci\u00f3n fue ofrecida por el presidente del Partido Revolucionario Moderno (PRM) en SDN, Isidro Torres,&nbsp; qui\u00e9n habl\u00f3 en nombre del Comando unificado de campa\u00f1a al tiempo que manifest\u00f3 que la actividad est\u00e1 prevista a iniciar justo al frente del&nbsp; polit\u00e9cnico San Valero en el sector Los Guaricanos, donde recorrer\u00e1 las principales calles de la zona.<\/p>\n\n\n\n<figure class=\"wp-block-image size-large\"><img loading=\"lazy\" decoding=\"async\" width=\"1024\" height=\"683\" src=\"https:\/\/diariodominicano.com\/wp-content\/uploads\/2024\/02\/WhatsApp-Image-2024-02-09-at-11.51.46-AM-1-1024x683.jpeg\" alt=\"\" class=\"wp-image-506894\" srcset=\"https:\/\/diariodominicano.com\/wp-content\/uploads\/2024\/02\/WhatsApp-Image-2024-02-09-at-11.51.46-AM-1-1024x683.jpeg 1024w, https:\/\/diariodominicano.com\/wp-content\/uploads\/2024\/02\/WhatsApp-Image-2024-02-09-at-11.51.46-AM-1-300x200.jpeg 300w, https:\/\/diariodominicano.com\/wp-content\/uploads\/2024\/02\/WhatsApp-Image-2024-02-09-at-11.51.46-AM-1-768x512.jpeg 768w, https:\/\/diariodominicano.com\/wp-content\/uploads\/2024\/02\/WhatsApp-Image-2024-02-09-at-11.51.46-AM-1-1536x1024.jpeg 1536w, https:\/\/diariodominicano.com\/wp-content\/uploads\/2024\/02\/WhatsApp-Image-2024-02-09-at-11.51.46-AM-1-2048x1365.jpeg 2048w, https:\/\/diariodominicano.com\/wp-content\/uploads\/2024\/02\/WhatsApp-Image-2024-02-09-at-11.51.46-AM-1-816x544.jpeg 816w\" sizes=\"auto, (max-width: 1024px) 100vw, 1024px\" \/><\/figure>\n\n\n\n<p>\u00abEste s\u00e1bado la comunidad de Los Guaricanos se te\u00f1ir\u00e1 de blanco y azul en apoyo a la pr\u00f3xima alcaldesa de Santo Domingo Norte y en respaldo al presidente Luis Abinader\u00bb, manifest\u00f3 Torres.<\/p>\n\n\n\n<p>El presidente municipal del PRM dijo que Betty Ger\u00f3nimo goza de una alta valoraci\u00f3n debido al trabajo social y pol\u00edtico que de manera permanente ha realizado, y tambi\u00e9n a las acciones y proyectos de leyes y resoluciones como legisladora en beneficio de las grandes mayor\u00edas de Santo Domingo Norte.<\/p>\n\n\n\n<p>Torres invit\u00f3 a los mun\u00edcipes de Santo Domingo Norte a darse cita a esta importante actividad la cual vaticin\u00f3 dejar\u00e1 sellado el triunfo de Betty Ger\u00f3nimo con un amplio porcentaje.<\/p>\n\n\n\n<p>A\u00f1adi\u00f3 que tras concluir el recorrido por los barrios de Los Guaricanos, continuar\u00e1 por Villa Mella Sur donde visitar\u00e1 sectores como Brisa Loca, La Senda, Buena Vista,&nbsp; Sol de Luz, entre otros, donde el mandatario har\u00e1 contacto con las diferentes comunidades.<\/p>\n\n\n\n<p>Isidro Torres explico que la \u00faltima encuesta del Centro Econ\u00f3mico del Cibao le otorga a Betty Ger\u00f3nimo un 60% llev\u00e1ndole cerca de 20 puntos al actual alcalde. \u00abLo que garantiza no solo la victoria de Betty Ger\u00f3nimo, sino que el presidente Lu\u00eds Abinader de cara al 19 de mayo en Santo Domingo Norte ganar\u00e1 con ese mismo porcentaje, lo que propiciar\u00e1 un triunfo en primera vuelta\u00bb.<\/p>\n\n\n\n<p>\u00abLa gente saldr\u00e1 de forma masiva a respaldar al presidente Luis Abinader en agradecimiento a los importantes proyectos y programas que desarrolla en favor de las comunidades y mun\u00edcipes de Santo Domingo Norte\u00bb precis\u00f3 Torres.<\/p>\n\n\n\n<p>Se espera que la participaci\u00f3n en la marcha caravana sea multitudinaria, ya que el presidente Abinader goza de un alto nivel de popularidad y Betty Ger\u00f3nimo es una figura muy querida y respetada por los mun\u00edcipes de Santo Domingo Norte, destaca un comunicado de prensa del PRM enviado a los medios de comunicaci\u00f3n la ma\u00f1ana del viernes por el  presidente municipal del PRM Isidro Torres.-.<\/p>\n\n\n\n<p>PRM Santo Domingo<\/p>\n\n\n\n<p><a target=\"_blank\" href=\"mailto:prmsantodomingord@gmail.com\" rel=\"noreferrer noopener\">prmsantodomingord@gmail.com<\/a><\/p>\n","protected":false},"excerpt":{"rendered":"<p>La marcha caravana partir\u00e1 a las 2:00 de la tarde, y recorrer\u00e1 las principales calles y avenidas de Los Guaricanos y Villa Mella Sur. Santo Domingo Norte.-&nbsp;El presidente Lu\u00eds Abinader encabezar\u00e1 este s\u00e1bado una marcha caravana en apoyo a la candidata a la alcald\u00eda del municipio&nbsp; Santo Domingo Norte,&nbsp; Betty Ger\u00f3nimo. La marcha caravana partir\u00e1 [&hellip;]<\/p>\n","protected":false},"author":28,"featured_media":506893,"comment_status":"closed","ping_status":"","sticky":true,"template":"","format":"standard","meta":{"footnotes":""},"categories":[22,27],"tags":[],"class_list":["post-506892","post","type-post","status-publish","format-standard","has-post-thumbnail","hentry","category-politica","category-portada"],"_links":{"self":[{"href":"https:\/\/diariodominicano.com\/index.php?rest_route=\/wp\/v2\/posts\/506892","targetHints":{"allow":["GET"]}}],"collection":[{"href":"https:\/\/diariodominicano.com\/index.php?rest_route=\/wp\/v2\/posts"}],"about":[{"href":"https:\/\/diariodominicano.com\/index.php?rest_route=\/wp\/v2\/types\/post"}],"author":[{"embeddable":true,"href":"https:\/\/diariodominicano.com\/index.php?rest_route=\/wp\/v2\/users\/28"}],"replies":[{"embeddable":true,"href":"https:\/\/diariodominicano.com\/index.php?rest_route=%2Fwp%2Fv2%2Fcomments&post=506892"}],"version-history":[{"count":4,"href":"https:\/\/diariodominicano.com\/index.php?rest_route=\/wp\/v2\/posts\/506892\/revisions"}],"predecessor-version":[{"id":506898,"href":"https:\/\/diariodominicano.com\/index.php?rest_route=\/wp\/v2\/posts\/506892\/revisions\/506898"}],"wp:featuredmedia":[{"embeddable":true,"href":"https:\/\/diariodominicano.com\/index.php?rest_route=\/wp\/v2\/media\/506893"}],"wp:attachment":[{"href":"https:\/\/diariodominicano.com\/index.php?rest_route=%2Fwp%2Fv2%2Fmedia&parent=506892"}],"wp:term":[{"taxonomy":"category","embeddable":true,"href":"https:\/\/diariodominicano.com\/index.php?rest_route=%2Fwp%2Fv2%2Fcategories&post=506892"},{"taxonomy":"post_tag","embeddable":true,"href":"https:\/\/diariodominicano.com\/index.php?rest_route=%2Fwp%2Fv2%2Ftags&post=506892"}],"curies":[{"name":"wp","href":"https:\/\/api.w.org\/{rel}","templated":true}]}}