{"id":506856,"date":"2024-02-09T10:50:28","date_gmt":"2024-02-09T14:50:28","guid":{"rendered":"https:\/\/diariodominicano.com\/?p=506856"},"modified":"2024-02-09T10:50:28","modified_gmt":"2024-02-09T14:50:28","slug":"pld-y-opcion-democratica-dan-a-conocer-alianza-en-montecristi","status":"publish","type":"post","link":"https:\/\/diariodominicano.com\/?p=506856","title":{"rendered":"PLD y Opci\u00f3n Democr\u00e1tica dan a conocer alianza en Montecristi"},"content":{"rendered":"\n<p>diariodominicano.com<\/p>\n\n\n\n<p>Montecristi, R. D.,\u20029 de febrero, 2024.- <strong><em>Mayobanex Escoto, candidato a Senador del PLD por Montecristi<\/em><\/strong><em>\u00a0es proclamado tambi\u00e9n por el partido Opci\u00f3n Democr\u00e1tica (OD)<\/em><\/p>\n\n\n\n<p><strong>Los partidos de la Liberaci\u00f3n Dominicana (PLD) y Opci\u00f3n Democr\u00e1tica (OD)<\/strong>&nbsp;oficializaron un acuerdo de alianza en los niveles municipal y congresual en la provincia Montecristi.&nbsp;<\/p>\n\n\n\n<p><strong>Minou Tav\u00e1rez Mirabal, presidenta del partido Opci\u00f3n Democr\u00e1tica,<\/strong>&nbsp;proclam\u00f3 en un acto p\u00fablico a&nbsp;<strong>Mayobanex Escoto<\/strong>&nbsp;como candidato a senador por esa organizaci\u00f3n, igual a lo realizado por el Partido de la Liberaci\u00f3n Dominicana, del cual Escoto es miembro de su Comit\u00e9 Pol\u00edtico.<\/p>\n\n\n\n<p>Tav\u00e1rez Mirabal proclam\u00f3 los candidatos del PLD de toda la provincia de Montecristi sellando as\u00ed un compromiso de alianza con los candidatos del PLD y as\u00ed enlazar sus fuerzas pol\u00edticas para lograr el triunfo de cada una de las demarcaciones de la hist\u00f3rica provincia.<\/p>\n\n\n\n<p>Los candidatos proclamados fueron por la senadur\u00eda Mayobanex Escoto y por la diputaci\u00f3n los candidatos Rafael Abel Lora, Saida Tejeda.<\/p>\n\n\n\n<p>&nbsp;En las alcald\u00edas Gregorio Almonte (yoyo) por San Fernando de Montecristi, as\u00ed como Winston \u00c1lvarez, Dar\u00edo Toribio, Jaime de la Rosa, Ren\u00e9 Peralta, Eloiset Castro, Ignacio de la Rosa, Gloribel Villalona, Winston \u00c1lvarez, candidatos municipales, as\u00ed como los candidatos a regidores.<\/p>\n\n\n\n<p>En el encuentro particip\u00f3 el ex vicepresidente de la Republica Jaime David Fern\u00e1ndez Mirabal, miembro del Comit\u00e9 Pol\u00edtico del PLD, qui\u00e9n mostr\u00f3 su alegr\u00eda entre fotos con los candidatos proclamados.<\/p>\n\n\n\n<p>Con este acto se viene mostrando la fortaleza de esa alianza sigue teniendo cada uno de los candidatos y partidos aliados.<\/p>\n\n\n\n<p><strong>SECRETAR\u00cdA DE COMUNICACIONES<\/strong><\/p>\n\n\n\n<p><strong>09 DE FEBRERO, 2024.-\u00a0<\/strong><\/p>\n\n\n\n<p><strong>DECLARACI\u00d3N DE PRENSA<\/strong><\/p>\n","protected":false},"excerpt":{"rendered":"<p>diariodominicano.com Montecristi, R. D.,\u20029 de febrero, 2024.- Mayobanex Escoto, candidato a Senador del PLD por Montecristi\u00a0es proclamado tambi\u00e9n por el partido Opci\u00f3n Democr\u00e1tica (OD) Los partidos de la Liberaci\u00f3n Dominicana (PLD) y Opci\u00f3n Democr\u00e1tica (OD)&nbsp;oficializaron un acuerdo de alianza en los niveles municipal y congresual en la provincia Montecristi.&nbsp; Minou Tav\u00e1rez Mirabal, presidenta del partido [&hellip;]<\/p>\n","protected":false},"author":5,"featured_media":506857,"comment_status":"closed","ping_status":"","sticky":true,"template":"","format":"standard","meta":{"footnotes":""},"categories":[22,27],"tags":[],"class_list":["post-506856","post","type-post","status-publish","format-standard","has-post-thumbnail","hentry","category-politica","category-portada"],"_links":{"self":[{"href":"https:\/\/diariodominicano.com\/index.php?rest_route=\/wp\/v2\/posts\/506856","targetHints":{"allow":["GET"]}}],"collection":[{"href":"https:\/\/diariodominicano.com\/index.php?rest_route=\/wp\/v2\/posts"}],"about":[{"href":"https:\/\/diariodominicano.com\/index.php?rest_route=\/wp\/v2\/types\/post"}],"author":[{"embeddable":true,"href":"https:\/\/diariodominicano.com\/index.php?rest_route=\/wp\/v2\/users\/5"}],"replies":[{"embeddable":true,"href":"https:\/\/diariodominicano.com\/index.php?rest_route=%2Fwp%2Fv2%2Fcomments&post=506856"}],"version-history":[{"count":1,"href":"https:\/\/diariodominicano.com\/index.php?rest_route=\/wp\/v2\/posts\/506856\/revisions"}],"predecessor-version":[{"id":506859,"href":"https:\/\/diariodominicano.com\/index.php?rest_route=\/wp\/v2\/posts\/506856\/revisions\/506859"}],"wp:featuredmedia":[{"embeddable":true,"href":"https:\/\/diariodominicano.com\/index.php?rest_route=\/wp\/v2\/media\/506857"}],"wp:attachment":[{"href":"https:\/\/diariodominicano.com\/index.php?rest_route=%2Fwp%2Fv2%2Fmedia&parent=506856"}],"wp:term":[{"taxonomy":"category","embeddable":true,"href":"https:\/\/diariodominicano.com\/index.php?rest_route=%2Fwp%2Fv2%2Fcategories&post=506856"},{"taxonomy":"post_tag","embeddable":true,"href":"https:\/\/diariodominicano.com\/index.php?rest_route=%2Fwp%2Fv2%2Ftags&post=506856"}],"curies":[{"name":"wp","href":"https:\/\/api.w.org\/{rel}","templated":true}]}}