{"id":50685,"date":"2020-08-15T02:00:15","date_gmt":"2020-08-15T02:00:15","guid":{"rendered":"http:\/\/diariodominicano.ddns.net\/?p=50685"},"modified":"2020-08-15T02:00:15","modified_gmt":"2020-08-15T02:00:15","slug":"restauradores-desafian-gobierno-espanol-llegan-a-capotillo","status":"publish","type":"post","link":"https:\/\/diariodominicano.com\/?p=50685","title":{"rendered":"Restauradores desaf\u00edan Gobierno espa\u00f1ol. Llegan a Capotillo"},"content":{"rendered":"<p><body><\/p>\n<p><img decoding=\"async\" src=\"img3\/santiago Rodriguez arc.jpg\" \/><br \/><img decoding=\"async\" src=\"img3\/benito00.jpg\" \/>  <\/p>\n<p><strong>Diariodominicano.com<\/strong><\/p>\n<p><strong>El grupo estaba encabezado por Santiago Rodr\u00edguez y Benito Monci\u00f3n.<\/strong><\/p>\n<\/p>\n<p><strong>Restauradores desaf\u00edan Gobierno espa\u00f1ol. Llegan a Capotillo <\/strong><\/p>\n<p><strong> Los  restauradores se encontraban en Hait\u00ed. Al  ocupar la Loma de David,  estaban  decididos  a poner fin a la Anexi\u00f3n de la Rep\u00fablica a Espa\u00f1a. El grupo estaba encabezado por <\/strong>Santiago Rodr\u00edguez y Benito Monci\u00f3n.<\/p>\n<p><strong>Por H\u00e9ctor Tineo Nolasco<\/strong><\/p>\n<p><strong>Diariodominicano.com<\/strong><\/p>\n<\/p>\n<p><strong>SANTO DOMINGO, el 15 de agosto de 1863<\/strong>, un grupo de 14 dominicanos en lucha por la Restauraci\u00f3n de la Rep\u00fablica,  tomaron  el Cerro de Capotillo, en la loma de David. Eran encabezados  por  Santiago Rodr\u00edguez,  y Benito Monci\u00f3n, quienes llegaron al lugar   al caer la noche.<\/p>\n<\/p>\n<p>     Los  restauradores se encontraban en Hait\u00ed. Al  ocupar la Loma de David,  estaban  decididos  a poner fin a la Anexi\u00f3n de la Rep\u00fablica a Espa\u00f1a.<\/p>\n<\/p>\n<p>   El mismo d\u00eda 15 de agosto de 1863,  el brigadier espa\u00f1ol  Manuel Buceta  ten\u00eda la informaci\u00f3n de que los revolucionarios dominicanos  se reunir\u00edan en la Loma de David, en las inmediaciones de Sabaneta.<\/p>\n<\/p>\n<p>    Por ello,  orden\u00f3 al General Hungr\u00eda, comandante de la Cuarta Compa\u00f1\u00eda del Batall\u00f3n  de San Quint\u00edn, que se dirigiera  con sus tropas a la Loma de David, y procediera a incendiar el poblado de Sabaneta con el prop\u00f3sito de impedir los planes de los restauradores.<\/p>\n<\/p>\n<p>   Sin embargo, la marcha de las tropas del General Hungr\u00eda  se produjo al d\u00eda siguiente, el 16 de agosto, cuando los restauradores iniciaron la Guerra de la Restauraci\u00f3n, de la que saldr\u00edan derrotados los  militares de Espa\u00f1a.<\/p>\n<\/p>\n<p>   El  14 de agosto de 1863,  el brigadier espa\u00f1ol Manuel Buceta,  lleg\u00f3 a Dajab\u00f3n,  como parte de su recorrido para comprobar cu\u00e1l era la situaci\u00f3n respecto a los movimientos de dominicanos que planificaban acciones  con el objetivo de poner fin al Gobierno de la Anexi\u00f3n.<\/p>\n<\/p>\n<p>   El d\u00eda 14 de agosto de 1863, el brigadier  Manuel Buceta  recibi\u00f3 un mensaje del Gobierno de Hait\u00ed, a trav\u00e9s de un general del Ej\u00e9rcito de ese pa\u00eds, en el que el emisario le aseguraba que por instrucci\u00f3n de su Gobierno no se permitir\u00eda que  el territorio de Hait\u00ed fuera utilizado por dominicanos para organizar acciones contra el r\u00e9gimen  espa\u00f1ol de la Anexi\u00f3n.<\/p>\n<\/p>\n<p>   De acuerdo con la versi\u00f3n comunicada por el militar haitiano,  su pa\u00eds deseaba tener firmes  relaciones de amistad e intercambio con la Rep\u00fablica Dominicana.<\/p>\n<\/p>\n<p>En el momento que Manuel Buceta recibi\u00f3 el mensaje, los  dominicanos que luchaban contra la Anexi\u00f3n, ten\u00edan facilidades de movimiento en el territorio haitiano, lo que le permiti\u00f3 fortalecer su resistencia.<\/p>\n<\/p>\n<p>     El ambiente favorable de Hait\u00ed, permiti\u00f3 a los restauradores internarse  all\u00ed cuando fue necesario. El  d\u00eda  13 de agosto de 1863, estaban pr\u00e1cticamente preparados para comenzar la Guerra de la Restauraci\u00f3n, la cual comenzar\u00eda tres d\u00edas despu\u00e9s, el 16 de agosto de 1863.<\/p>\n<\/p>\n<p>   El d\u00eda 8 de agosto de 1863, los pr\u00f3ceres  restauradores Benito Monci\u00f3n, Jos\u00e9 Cabrera y Santiago Rodr\u00edguez, se reunieron en las lomas  de Capotillo, para conversar sobre el plan para restaurar la soberan\u00eda nacional.<\/p>\n<\/p>\n<p>   El  mismo d\u00eda 8 de agosto de 1863, el general  Buceta rindi\u00f3 un informe a la Capitan\u00eda General de Santo Domingo, en el cual dio cuenta de que recibi\u00f3 noticias  de que con frecuencia, \u00abalgunos buques mercantes y de guerra procedentes de Am\u00e9rica del Norte han desembarcado armas que han sido introducidas subrepticiamente en el territorio nacional\u00bb.<\/p>\n<\/p>\n<p>    El d\u00eda 10 de agosto de 1863, el brigadier  Buceta reiter\u00f3 a la Capitan\u00eda General de Santo Domingo, su informe del d\u00eda 8 y le agreg\u00f3 una carta de la Comandancia de Montecristi, en la que se confirma la denuncia.<\/p>\n<\/p>\n<p>    Inform\u00f3  a la Capitan\u00eda General que se aprestaba a iniciar un recorrido a partir del d\u00eda 12  de Agosto de 1863 por la frontera con el objetivo de obtener m\u00e1s informaciones.  El mismo d\u00eda  Benito Monci\u00f3n lleg\u00f3 a la Sabana de Lauvissit, con varias cajas con pertrechos militares, provenientes de Cabo Haitiano.<\/p>\n<\/p>\n<p>   De su lado,  Santiago Rodr\u00edguez  y Jos\u00e9 Cabrera concentraron sus esfuerzos para reclutar a dominicanos que estaban decididos a luchar contra la Anexi\u00f3n a Espa\u00f1a.<\/p>\n<\/p>\n<p>   En Rep\u00fablica Dominicana  se produjeron movimientos de resistencia desde que se inici\u00f3 el Gobierno de la  Anexi\u00f3n de la Rep\u00fablica a Espa\u00f1a, el 18 de marzo de 1861. <\/p>\n<h6> 2020-08-15 02:00:15 <\/h6>\n<p><!--\n<link rel=\"stylesheet\" href=\"css\/bootstrap.min.css\">\n\n\n<ul class=\"pagination\">\n\t    \n\t\n\n<li >\n\t<a href='?page_no=319'>Previous<\/a>\n\t<\/li>\n\n\n       \n    \n\n<li><a href='?page_no=1'>1<\/a><\/li>\n\n\n\n<li><a href='?page_no=2'>2<\/a><\/li>\n\n\n\n<li><a>...<\/a><\/li>\n\n\n\n<li><a href='?page_no=318'>318<\/a><\/li>\n\n\n\n<li><a href='?page_no=319'>319<\/a><\/li>\n\n\n\n<li class='active'><a>320<\/a><\/li>\n\n\n\n<li><a href='?page_no=321'>321<\/a><\/li>\n\n\n\n<li><a href='?page_no=322'>322<\/a><\/li>\n\n\n\n<li><a>...<\/a><\/li>\n\n\n\n<li><a href='?page_no=22911'>22911<\/a><\/li>\n\n\n\n<li><a href='?page_no=22912'>22912<\/a><\/li>\n\n    \n\t\n\n<li >\n\t<a href='?page_no=321'>Next<\/a>\n\t<\/li>\n\n\n    \n\n<li><a href='?page_no=22912'>Last &rsaquo;&rsaquo;<\/a><\/li>\n\n<\/ul>\n\n\n--><br \/>\n<\/body><\/p>\n","protected":false},"excerpt":{"rendered":"<p>Diariodominicano.com El grupo estaba encabezado por Santiago Rodr\u00edguez y Benito Monci\u00f3n. Restauradores desaf\u00edan Gobierno espa\u00f1ol. Llegan a Capotillo Los restauradores se encontraban en Hait\u00ed. Al ocupar la Loma de David, estaban decididos a poner fin a la Anexi\u00f3n de la Rep\u00fablica a Espa\u00f1a. El grupo estaba encabezado por Santiago Rodr\u00edguez y Benito Monci\u00f3n. Por H\u00e9ctor [&hellip;]<\/p>\n","protected":false},"author":3,"featured_media":0,"comment_status":"open","ping_status":"open","sticky":false,"template":"","format":"standard","meta":{"footnotes":""},"categories":[21],"tags":[],"class_list":["post-50685","post","type-post","status-publish","format-standard","hentry","category-cultura"],"_links":{"self":[{"href":"https:\/\/diariodominicano.com\/index.php?rest_route=\/wp\/v2\/posts\/50685","targetHints":{"allow":["GET"]}}],"collection":[{"href":"https:\/\/diariodominicano.com\/index.php?rest_route=\/wp\/v2\/posts"}],"about":[{"href":"https:\/\/diariodominicano.com\/index.php?rest_route=\/wp\/v2\/types\/post"}],"author":[{"embeddable":true,"href":"https:\/\/diariodominicano.com\/index.php?rest_route=\/wp\/v2\/users\/3"}],"replies":[{"embeddable":true,"href":"https:\/\/diariodominicano.com\/index.php?rest_route=%2Fwp%2Fv2%2Fcomments&post=50685"}],"version-history":[{"count":0,"href":"https:\/\/diariodominicano.com\/index.php?rest_route=\/wp\/v2\/posts\/50685\/revisions"}],"wp:attachment":[{"href":"https:\/\/diariodominicano.com\/index.php?rest_route=%2Fwp%2Fv2%2Fmedia&parent=50685"}],"wp:term":[{"taxonomy":"category","embeddable":true,"href":"https:\/\/diariodominicano.com\/index.php?rest_route=%2Fwp%2Fv2%2Fcategories&post=50685"},{"taxonomy":"post_tag","embeddable":true,"href":"https:\/\/diariodominicano.com\/index.php?rest_route=%2Fwp%2Fv2%2Ftags&post=50685"}],"curies":[{"name":"wp","href":"https:\/\/api.w.org\/{rel}","templated":true}]}}