{"id":506809,"date":"2024-02-09T02:35:03","date_gmt":"2024-02-09T06:35:03","guid":{"rendered":"https:\/\/diariodominicano.com\/?p=506809"},"modified":"2024-02-09T02:35:03","modified_gmt":"2024-02-09T06:35:03","slug":"candidato-a-regidor-fuerza-del-pueblo-angel-rivas-asegura-su-victoria-es-una-realidad-con-el-apoyo-mayoritario-municipes-sde","status":"publish","type":"post","link":"https:\/\/diariodominicano.com\/?p=506809","title":{"rendered":"Candidato a Regidor\u00a0 Fuerza del Pueblo Angel Rivas asegura su victoria es una realidad con el apoyo mayoritario mun\u00edcipes SDE\u00a0"},"content":{"rendered":"\n<p>El candidato a Regidor por la Fuerza del Pueblo en Santo&nbsp; Domingo Este,&nbsp; \u00c1ngel Rivas asegur\u00f3 que su triunfo es una realidad en las elecciones municipales del 18 del presente mes de&nbsp; febrero.<\/p>\n\n\n\n<p>Rivas dijo que el gran apoyo y la gran acogida que tiene su candidatura en los mun\u00edcipes son garant\u00eda plena de su victoria.<\/p>\n\n\n\n<p>Ese respaldo\u2014expresa\u2014se sustenta b\u00e1sicamente en la gran aceptaci\u00f3n que tienen sus propuestas en los mun\u00edcipes de SDE, en especial de la Circunscripci\u00f3n Uno,&nbsp; donde fue postulado por la Fuerza del Pueblo.<\/p>\n\n\n\n<p>Indica que en los recorridos, los manos a manos e intercambios de impresiones con moradores de diferentes sectores de Santo Domingo Este la gente manifiesta su identificaci\u00f3n con sus planes de trabajo,&nbsp; sus proyectos que se ha comprometido a poner en marcha tan pronto se instale en el Consejo de Regidores del Municipio de la provincia Santo Domingo.<\/p>\n\n\n\n<p>Entre otras propuestas, su agenda incluye los temas de seguridad ciudadana, la limpieza, la disposici\u00f3n final de los desperdicios s\u00f3lidos, el alumbrado, la aplicaci\u00f3n adecuada del presupuesto municipal y sobre todo la fiscalizaci\u00f3n de las distintas operaciones para garantizar el buen uso de los recursos del Ayuntamiento.&nbsp;<\/p>\n\n\n\n<p>Por eso\u2014puntualiz\u00f3\u2014tiene la completa seguridad de que resultar\u00e1 favorecido con el voto mayoritario de los mun\u00edcipes en las votaciones del domingo 18 de este mes.<\/p>\n\n\n\n<p>Rivas expres\u00f3 que para no dejar ning\u00fan tipo de dudas sobre su victoria, llam\u00f3 a los miembros y simpatizantes de la Fuerza del Pueblo en Santo Domingo Este&nbsp; a marcar la posici\u00f3n 7 en la casilla 3 del partido liderado por el doctor Leonel Fern\u00e1ndez.<\/p>\n","protected":false},"excerpt":{"rendered":"<p>El candidato a Regidor por la Fuerza del Pueblo en Santo&nbsp; Domingo Este,&nbsp; \u00c1ngel Rivas asegur\u00f3 que su triunfo es una realidad en las elecciones municipales del 18 del presente mes de&nbsp; febrero. Rivas dijo que el gran apoyo y la gran acogida que tiene su candidatura en los mun\u00edcipes son garant\u00eda plena de su [&hellip;]<\/p>\n","protected":false},"author":7,"featured_media":498509,"comment_status":"closed","ping_status":"","sticky":true,"template":"","format":"standard","meta":{"footnotes":""},"categories":[22,27],"tags":[],"class_list":["post-506809","post","type-post","status-publish","format-standard","has-post-thumbnail","hentry","category-politica","category-portada"],"_links":{"self":[{"href":"https:\/\/diariodominicano.com\/index.php?rest_route=\/wp\/v2\/posts\/506809","targetHints":{"allow":["GET"]}}],"collection":[{"href":"https:\/\/diariodominicano.com\/index.php?rest_route=\/wp\/v2\/posts"}],"about":[{"href":"https:\/\/diariodominicano.com\/index.php?rest_route=\/wp\/v2\/types\/post"}],"author":[{"embeddable":true,"href":"https:\/\/diariodominicano.com\/index.php?rest_route=\/wp\/v2\/users\/7"}],"replies":[{"embeddable":true,"href":"https:\/\/diariodominicano.com\/index.php?rest_route=%2Fwp%2Fv2%2Fcomments&post=506809"}],"version-history":[{"count":1,"href":"https:\/\/diariodominicano.com\/index.php?rest_route=\/wp\/v2\/posts\/506809\/revisions"}],"predecessor-version":[{"id":506828,"href":"https:\/\/diariodominicano.com\/index.php?rest_route=\/wp\/v2\/posts\/506809\/revisions\/506828"}],"wp:featuredmedia":[{"embeddable":true,"href":"https:\/\/diariodominicano.com\/index.php?rest_route=\/wp\/v2\/media\/498509"}],"wp:attachment":[{"href":"https:\/\/diariodominicano.com\/index.php?rest_route=%2Fwp%2Fv2%2Fmedia&parent=506809"}],"wp:term":[{"taxonomy":"category","embeddable":true,"href":"https:\/\/diariodominicano.com\/index.php?rest_route=%2Fwp%2Fv2%2Fcategories&post=506809"},{"taxonomy":"post_tag","embeddable":true,"href":"https:\/\/diariodominicano.com\/index.php?rest_route=%2Fwp%2Fv2%2Ftags&post=506809"}],"curies":[{"name":"wp","href":"https:\/\/api.w.org\/{rel}","templated":true}]}}