{"id":506808,"date":"2024-02-09T02:28:16","date_gmt":"2024-02-09T06:28:16","guid":{"rendered":"https:\/\/diariodominicano.com\/?p=506808"},"modified":"2024-02-09T02:33:54","modified_gmt":"2024-02-09T06:33:54","slug":"formacion-continua-en-el-pld","status":"publish","type":"post","link":"https:\/\/diariodominicano.com\/?p=506808","title":{"rendered":"Formaci\u00f3n continua en el PLD"},"content":{"rendered":"\n<p><strong><em>PLD i<\/em><\/strong><em>mparte curso de Redes Sociales para pol\u00edticos ganadores<\/em> <\/p>\n\n\n\n<p>Con el objetivo de capacitar a \u00a0\u00a0candidatos, dirigentes y simpatizantes del \u00a0<strong>Partido de la Liberaci\u00f3n Dominicana (PLD <\/strong>\u00a0sobre nuevas tecnolog\u00edas de comunicaci\u00f3n y redes sociales, el Instituto de Formaci\u00f3n Pol\u00edtica de la organizaci\u00f3n desarroll\u00f3 el curso\u00a0<strong>\u00abRedes Sociales para pol\u00edticos ganadores\u00bb.<\/strong><\/p>\n\n\n\n<p><strong>El facilitador fue Delvis Lanfranco<\/strong>\u00a0 quien expuso sobre la forma r\u00e1pida de proyectar la imagen de cualquier candidato con el uso de las nuevas tecnolog\u00edas de la informaci\u00f3n y la comunicaci\u00f3n.<\/p>\n\n\n\n<p>Sostuvo que en la actualidad las Tecnolog\u00edas de la Informaci\u00f3n y la Comunicaci\u00f3n (TIC), las novedades del Internet as\u00ed como la profusi\u00f3n de las redes sociales juegan un papel importante en la comunicaci\u00f3n pol\u00edtica electoral de nuestro pa\u00eds.<\/p>\n\n\n\n<figure class=\"wp-block-image size-large\"><img loading=\"lazy\" decoding=\"async\" width=\"1024\" height=\"648\" src=\"https:\/\/diariodominicano.com\/wp-content\/uploads\/2024\/02\/Instituto-de-Formacion-continua-en-el-PLD-1024x648.jpeg\" alt=\"\" class=\"wp-image-506824\" srcset=\"https:\/\/diariodominicano.com\/wp-content\/uploads\/2024\/02\/Instituto-de-Formacion-continua-en-el-PLD-1024x648.jpeg 1024w, https:\/\/diariodominicano.com\/wp-content\/uploads\/2024\/02\/Instituto-de-Formacion-continua-en-el-PLD-300x190.jpeg 300w, https:\/\/diariodominicano.com\/wp-content\/uploads\/2024\/02\/Instituto-de-Formacion-continua-en-el-PLD-768x486.jpeg 768w, https:\/\/diariodominicano.com\/wp-content\/uploads\/2024\/02\/Instituto-de-Formacion-continua-en-el-PLD-816x516.jpeg 816w, https:\/\/diariodominicano.com\/wp-content\/uploads\/2024\/02\/Instituto-de-Formacion-continua-en-el-PLD.jpeg 1280w\" sizes=\"auto, (max-width: 1024px) 100vw, 1024px\" \/><\/figure>\n\n\n\n<p>Critic\u00f3 que en pasadas campa\u00f1as muchos candidatos no han hecho un uso correcto de las redes sociales y en vez de ayudarles han salido perjudicados.<\/p>\n\n\n\n<p>&nbsp;La participaci\u00f3n de los candidatos fue muy interactiva al exponer sus consideraciones sobre las ventajas y desventajas que pueden tener las Redes Sociales dependiendo del uso que se le pueda dar.<\/p>\n\n\n\n<p>Alejandrina Germ\u00e1n, es la titular de la Secretar\u00eda de Formaci\u00f3n Pol\u00edtica y Milton Reyes de la Secretar\u00eda de Educaci\u00f3n, Ciencia y Tecnolog\u00eda de la instituci\u00f3n, es el coordinador de los cursos<\/p>\n\n\n\n<p>La actividad se realiz\u00f3 en el local del Instituto de Formaci\u00f3n Pol\u00edtica Profesor Juan Bosch que funciona al lado de la Casa Nacional del PLD.<\/p>\n\n\n\n<p><strong>SECRETARIA DE COMUNICACIONES<\/strong><\/p>\n","protected":false},"excerpt":{"rendered":"<p>PLD imparte curso de Redes Sociales para pol\u00edticos ganadores Con el objetivo de capacitar a \u00a0\u00a0candidatos, dirigentes y simpatizantes del \u00a0Partido de la Liberaci\u00f3n Dominicana (PLD \u00a0sobre nuevas tecnolog\u00edas de comunicaci\u00f3n y redes sociales, el Instituto de Formaci\u00f3n Pol\u00edtica de la organizaci\u00f3n desarroll\u00f3 el curso\u00a0\u00abRedes Sociales para pol\u00edticos ganadores\u00bb. El facilitador fue Delvis Lanfranco\u00a0 quien [&hellip;]<\/p>\n","protected":false},"author":7,"featured_media":506825,"comment_status":"closed","ping_status":"","sticky":true,"template":"","format":"standard","meta":{"footnotes":""},"categories":[22,27],"tags":[],"class_list":["post-506808","post","type-post","status-publish","format-standard","has-post-thumbnail","hentry","category-politica","category-portada"],"_links":{"self":[{"href":"https:\/\/diariodominicano.com\/index.php?rest_route=\/wp\/v2\/posts\/506808","targetHints":{"allow":["GET"]}}],"collection":[{"href":"https:\/\/diariodominicano.com\/index.php?rest_route=\/wp\/v2\/posts"}],"about":[{"href":"https:\/\/diariodominicano.com\/index.php?rest_route=\/wp\/v2\/types\/post"}],"author":[{"embeddable":true,"href":"https:\/\/diariodominicano.com\/index.php?rest_route=\/wp\/v2\/users\/7"}],"replies":[{"embeddable":true,"href":"https:\/\/diariodominicano.com\/index.php?rest_route=%2Fwp%2Fv2%2Fcomments&post=506808"}],"version-history":[{"count":6,"href":"https:\/\/diariodominicano.com\/index.php?rest_route=\/wp\/v2\/posts\/506808\/revisions"}],"predecessor-version":[{"id":506827,"href":"https:\/\/diariodominicano.com\/index.php?rest_route=\/wp\/v2\/posts\/506808\/revisions\/506827"}],"wp:featuredmedia":[{"embeddable":true,"href":"https:\/\/diariodominicano.com\/index.php?rest_route=\/wp\/v2\/media\/506825"}],"wp:attachment":[{"href":"https:\/\/diariodominicano.com\/index.php?rest_route=%2Fwp%2Fv2%2Fmedia&parent=506808"}],"wp:term":[{"taxonomy":"category","embeddable":true,"href":"https:\/\/diariodominicano.com\/index.php?rest_route=%2Fwp%2Fv2%2Fcategories&post=506808"},{"taxonomy":"post_tag","embeddable":true,"href":"https:\/\/diariodominicano.com\/index.php?rest_route=%2Fwp%2Fv2%2Ftags&post=506808"}],"curies":[{"name":"wp","href":"https:\/\/api.w.org\/{rel}","templated":true}]}}