{"id":50673,"date":"2020-08-15T02:38:02","date_gmt":"2020-08-15T02:38:02","guid":{"rendered":"http:\/\/diariodominicano.ddns.net\/?p=50673"},"modified":"2020-08-15T02:38:02","modified_gmt":"2020-08-15T02:38:02","slug":"el-dia-que-nacio-socorro-sanchez","status":"publish","type":"post","link":"https:\/\/diariodominicano.com\/?p=50673","title":{"rendered":"El d\u00eda que naci\u00f3 Socorro S\u00e1nchez"},"content":{"rendered":"<p><body><\/p>\n<p><strong>Diariodominicano.com<\/strong><\/p>\n<p><strong>El d\u00eda que naci\u00f3 Socorro S\u00e1nchez <\/strong><\/p>\n<\/p>\n<p>En la ciudad de  Santiago de los Caballeros, fund\u00f3   en 1870,  el Colegio Coraz\u00f3n de Mar\u00eda,  y en la Capital el  Colegio La Altagracia,  transformado luego en  la Escuela Superior de Se\u00f1oritas.<\/p>\n<\/p>\n<p><strong>SANTO DOMINGO,  el  15 de Agosto de 1830,<\/strong>  naci\u00f3   en la ciudad de Santo Domingo, Socorro S\u00e1nchez  del Rosario,  hija de Narciso S\u00e1nchez  y Mar\u00eda Olaya del Rosario.  Era hermana   del pr\u00f3cer Francisco del Rosario S\u00e1nchez  y sobrina  de Mar\u00eda Trinidad S\u00e1nchez. Se destac\u00f3 como educadora.<\/p>\n<\/p>\n<p>En la ciudad de  Santiago de los Caballeros, fund\u00f3   en 1870,  el Colegio Coraz\u00f3n de Mar\u00eda,  y en la Capital el  Colegio La Altagracia,  transformado luego en  la Escuela Superior de Se\u00f1oritas.<\/p>\n<\/p>\n<p>Entre los que recibieron formaci\u00f3n  en el Colegio Coraz\u00f3n de Mar\u00eda, figuran Rita Infante, Altagracia Perell\u00f3, Justina Perell\u00f3, Eugenia Dechamps, Clementina Jim\u00e9nez, y Matilde Grull\u00f3n.<\/p>\n<p>Tambi\u00e9n  fue  colaboradora de los  peri\u00f3dicos  \u00abEl Dominicano\u00bb, \u00abEl Telegrama\u00bb y \u00abEl Tel\u00e9fono\u00bb.  Con su familia sufri\u00f3 los atropellos de las autoridades  haitianas  por la participaci\u00f3n de  Francisco del Rosario S\u00e1nchez en la lucha por la creaci\u00f3n de la Rep\u00fablica Dominicana.<\/p>\n<\/p>\n<p>Tras el inicio de la Guerra de la Restauraci\u00f3n, Socorro del Rosario S\u00e1nchez, estuvo entre las personas  fueron  arrestadas  por  las autoridades del Gobierno espa\u00f1ol de la Anexi\u00f3n.<\/p>\n<p>En  ocasiones  expresaba  la admiraci\u00f3n y respeto que sent\u00eda  por el patriotismo de su familia. \u00abMi t\u00eda Trinidad dio su sangre por la Patria, quisiera yo que a m\u00ed se me presentara tambi\u00e9n la ocasi\u00f3n para abrirme las venas y dar la m\u00eda, fuerte y joven por la santa libertad\u00bb. <\/p>\n<p>Socorro S\u00e1nchez tambi\u00e9n defendi\u00f3 la participaci\u00f3n  de la mujer  en la producci\u00f3n y toma de decisiones. Muri\u00f3 en la ciudad de Santo Domingo, el 20 de marzo de 1899.<\/p>\n<\/p>\n<\/p>\n<\/p>\n<h6> 2020-08-15 02:38:02 <\/h6>\n<p><!--\n<link rel=\"stylesheet\" href=\"css\/bootstrap.min.css\">\n\n\n<ul class=\"pagination\">\n\t    \n\t\n\n<li >\n\t<a href='?page_no=318'>Previous<\/a>\n\t<\/li>\n\n\n       \n    \n\n<li><a href='?page_no=1'>1<\/a><\/li>\n\n\n\n<li><a href='?page_no=2'>2<\/a><\/li>\n\n\n\n<li><a>...<\/a><\/li>\n\n\n\n<li><a href='?page_no=317'>317<\/a><\/li>\n\n\n\n<li><a href='?page_no=318'>318<\/a><\/li>\n\n\n\n<li class='active'><a>319<\/a><\/li>\n\n\n\n<li><a href='?page_no=320'>320<\/a><\/li>\n\n\n\n<li><a href='?page_no=321'>321<\/a><\/li>\n\n\n\n<li><a>...<\/a><\/li>\n\n\n\n<li><a href='?page_no=22911'>22911<\/a><\/li>\n\n\n\n<li><a href='?page_no=22912'>22912<\/a><\/li>\n\n    \n\t\n\n<li >\n\t<a href='?page_no=320'>Next<\/a>\n\t<\/li>\n\n\n    \n\n<li><a href='?page_no=22912'>Last &rsaquo;&rsaquo;<\/a><\/li>\n\n<\/ul>\n\n\n--><br \/>\n<\/body><\/p>\n","protected":false},"excerpt":{"rendered":"<p>Diariodominicano.com El d\u00eda que naci\u00f3 Socorro S\u00e1nchez En la ciudad de Santiago de los Caballeros, fund\u00f3 en 1870, el Colegio Coraz\u00f3n de Mar\u00eda, y en la Capital el Colegio La Altagracia, transformado luego en la Escuela Superior de Se\u00f1oritas. SANTO DOMINGO, el 15 de Agosto de 1830, naci\u00f3 en la ciudad de Santo Domingo, Socorro [&hellip;]<\/p>\n","protected":false},"author":3,"featured_media":0,"comment_status":"open","ping_status":"open","sticky":false,"template":"","format":"standard","meta":{"footnotes":""},"categories":[21],"tags":[],"class_list":["post-50673","post","type-post","status-publish","format-standard","hentry","category-cultura"],"_links":{"self":[{"href":"https:\/\/diariodominicano.com\/index.php?rest_route=\/wp\/v2\/posts\/50673","targetHints":{"allow":["GET"]}}],"collection":[{"href":"https:\/\/diariodominicano.com\/index.php?rest_route=\/wp\/v2\/posts"}],"about":[{"href":"https:\/\/diariodominicano.com\/index.php?rest_route=\/wp\/v2\/types\/post"}],"author":[{"embeddable":true,"href":"https:\/\/diariodominicano.com\/index.php?rest_route=\/wp\/v2\/users\/3"}],"replies":[{"embeddable":true,"href":"https:\/\/diariodominicano.com\/index.php?rest_route=%2Fwp%2Fv2%2Fcomments&post=50673"}],"version-history":[{"count":0,"href":"https:\/\/diariodominicano.com\/index.php?rest_route=\/wp\/v2\/posts\/50673\/revisions"}],"wp:attachment":[{"href":"https:\/\/diariodominicano.com\/index.php?rest_route=%2Fwp%2Fv2%2Fmedia&parent=50673"}],"wp:term":[{"taxonomy":"category","embeddable":true,"href":"https:\/\/diariodominicano.com\/index.php?rest_route=%2Fwp%2Fv2%2Fcategories&post=50673"},{"taxonomy":"post_tag","embeddable":true,"href":"https:\/\/diariodominicano.com\/index.php?rest_route=%2Fwp%2Fv2%2Ftags&post=50673"}],"curies":[{"name":"wp","href":"https:\/\/api.w.org\/{rel}","templated":true}]}}