{"id":506719,"date":"2024-02-08T20:56:52","date_gmt":"2024-02-09T00:56:52","guid":{"rendered":"https:\/\/diariodominicano.com\/?p=506719"},"modified":"2024-02-08T20:56:52","modified_gmt":"2024-02-09T00:56:52","slug":"ramfis-dominguez-escoge-al-dr-fadul-como-vicepresidente","status":"publish","type":"post","link":"https:\/\/diariodominicano.com\/?p=506719","title":{"rendered":"Ramfis Dom\u00ednguez escoge al dr. Fadul como vicepresidente"},"content":{"rendered":"\n<p>diariodominicano.com<\/p>\n\n\n\n<p>Santiago, R. D.,\u20028 de febrero, 2024.- El candidato presidencial del\u00a0<strong>Partido Esperanza Democr\u00e1tica<\/strong>,\u00a0<strong>Ramfis Dominguez-Trujillo\u00a0<\/strong>anunci\u00f3 en una rueda de prensa, su escogencia del\u00a0<strong>Dr. Ernesto Fadul<\/strong>\u00a0como compa\u00f1ero de boleta para las elecciones presidenciales pautadas para el mes de mayo del a\u00f1o en curso.<\/p>\n\n\n\n<p>En una concurrida convocatoria celebrada en el Pabell\u00f3n de la Bandera de la casa nacional del partido, el l\u00edder pol\u00edtico dej\u00f3 inequ\u00edvocamente claro que estar\u00eda participando en los pr\u00f3ximos comicios, aclarando que no tiene ning\u00fan impedimento constitucional para materializar sus aspiraciones.&nbsp;<\/p>\n\n\n\n<p>\u201cQuiero reiterar que cumplo \u00edntegramente con todas las condiciones que exige nuestra constituci\u00f3n para aspirar a la presidencia de la Rep\u00fablica Dominicana, y esta candidatura va,\u201d se\u00f1al\u00f3 enf\u00e1ticamente.&nbsp;<\/p>\n\n\n\n<p>El tambi\u00e9n presidente del reci\u00e9n naciente Partido Esperanza Democr\u00e1tica puntualiz\u00f3 que, luego de varias semanas contemplando quien conformar\u00eda la otra mitad del binomio presidencial, lleg\u00f3 a comprender que la figura que compaginaba plenamente con los valores de su agrupaci\u00f3n pol\u00edtica y de su persona, enarbolando perfectamente los principios que su proyecto pol\u00edtico ha exteriorizado desde sus inicios, llegando este incluso, a endilgarle el sobre nombre de \u201csu mellizo ide\u00f3logo\u201d, era el Dr. Fadul.&nbsp;<\/p>\n\n\n\n<p>\u201cNosotros correspondemos pr\u00e1cticamente en un 100% los conceptos pol\u00edticos, conf\u00edo plenamente en su endereza y su moralidad. Es una persona de incontrovertibles principios nacionalistas, y una persona que a trav\u00e9s de los a\u00f1os ha demostrado no solo una coherencia inconfundible, sino una vocaci\u00f3n de servirle a su pueblo. Es la persona id\u00f3nea, con el perfil que buscamos, un hombre realmente comprometido con la Patria, que tiene a\u00f1os luchando y que cree firmemente en los preceptos de moralidad, equidad y nacionalismo, pero tambi\u00e9n reconoce la falta de una mano dura para gobernar el pa\u00eds,\u201d asever\u00f3.&nbsp;<\/p>\n\n\n\n<p>Dom\u00ednguez-Trujillo continu\u00f3 manifestando su plena confianza en las aptitudes del Dr. Fadul, aclarando que no busca un sello gom\u00edgrafo, sino alguien que sea capaz de hacer planteamientos sensatos y de aportar mucho m\u00e1s all\u00e1 de simple lisonjas, como vemos en la actualidad.&nbsp;<\/p>\n\n\n\n<p>\u201cSe\u00f1ores, el Dr. Fadul tiene voz propia, es un hombre brillante, con una profundidad intelectual incuestionable. Eso es justamente lo que queremos, alguien que aporte ideas, que no tenga miedo de hablar, no busco un \u2018tumba polvo\u2019 presidencial c\u00f3mo muchos,\u201d enfatiz\u00f3.&nbsp;<\/p>\n\n\n\n<p>Al ser abordado por los medios en torno a los pasos a seguir para la certificaci\u00f3n de su candidatura presidencial, Ramfis comunic\u00f3 que no solo depositaron la instancia correspondiente en el Tribunal Superior Electoral el pasado 8 de enero, sino destac\u00f3 que ante la preponderancia de la evidencia que certifica su candidatura, su equipo de abogados determin\u00f3 que era imperioso redepositar la misma en la Junta Central Electoral, cuesti\u00f3n que seg\u00fan \u00e9l, se realiz\u00f3 la semana pasada.&nbsp;<\/p>\n\n\n\n<p>\u201cMi equipo de abogados y yo venimos trabajando el tema de la candidatura hace mucho. Incluso, depositamos un recurso de amparo en el Tribunal Superior Electoral el mes pasado, el pr\u00f3ximo jueves 15, damos formal inicio a ese proceso. Sin embargo, cuando nos sentamos a revisar todos los documentos que tengo, y que demuestran un fiel cumplimiento con todo lo que establece la Constituci\u00f3n, el Dr. Trajano Potentini, quien dirige mi equipo de abogados, insisti\u00f3 en que deposit\u00e1ramos&nbsp;ante la JCE de nuevo, con una explicaci\u00f3n de todos los elementos probatorios que acreditan la candidatura. No hay forma que me la puedan rechazar legalmente, y espero que mis derechos como dominicano se respeten,\u201d esboz\u00f3.<\/p>\n\n\n\n<p>Ante la insistencia de algunos en torno a una posible negativa frente a sus aspiraciones, el pretendiente presidencial dej\u00f3 muy claro que no permitir\u00e1 que jueguen de nuevo con su proyecto pol\u00edtico, procurando troncharle los derechos que le asisten frente a su candidatura. &nbsp;<\/p>\n\n\n\n<p>\u201cNosotros estamos preparados, enteramente conscientes del miedo que nos tienen los pol\u00edticos de siempre; ellos saben que somos insobornables y que vinimos a resolver. Es por esto que estamos trabajando todos los frentes, incluso prepar\u00e1ndonos para depositar un recurso de emergencia en la corte internacional de ser necesario, y ese proceso tambi\u00e9n est\u00e1 muy adelantado. Esta vez tenemos plan A,B,C, y D, y llevaremos esta lucha hasta al final, y el Partido Esperanza Democr\u00e1tica ser\u00e1 determinante en las pr\u00f3ximas elecciones. Para los quieren creer que, sac\u00e1ndome a m\u00ed de la contienda electoral de manera ilegal o ama\u00f1ada, se saldr\u00e1n con las suyas, les advierto que estamos listos para batallar en cualquier escenario que nos quieran imponer, y los que hoy se creen tener la sart\u00e9n por el mango, pueden salir malheridos de este proceso. Que no jueguen conmigo y no jueguen con el Partido Esperanza Democr\u00e1tica, pues le va a salir cara esa metida de pata \u00ab,\u201d expres\u00f3.<\/p>\n\n\n\n<p>Por su lado, el Dr. Fadul, quien es a su vez Vicepresidente Nacional del Directorio Central Ejecutivo (DCE) del PED, se mostr\u00f3 agradecido por su elecci\u00f3n como candidato vicepresidencial, expresando su apoyo incondicional a las aspiraciones de Ramfis Dom\u00ednguez-Trujillo, manifestando que acept\u00f3 la candidatura por su compromiso invariable con la patria y la complicidad ideol\u00f3gica que comparte con el candidato presidencial.&nbsp;<\/p>\n\n\n\n<p>\u201cEl l\u00edder es Ramfis porque tiene un discurso demoledor, es el \u00fanico que puede devolver la fe nacional deteriorada, y yo conf\u00edo en \u00e9l. El me pidi\u00f3 acompa\u00f1arle en la boleta y para m\u00ed es m\u00e1s que un privilegio. Le manifest\u00e9 mi apoyo y \u00e9l sabe bien que los \u00faltimos \u2018cartuchazos\u2019 pol\u00edticos los voy a echar por nuestro proyecto y nuestro partido, comunic\u00f3 entusiasmado el candidato vicepresidencial.<\/p>\n\n\n\n<p>Ante los cuestionamientos sobre los pasos venideros en torno a la campa\u00f1a presidencial, Ramfis se mostr\u00f3 optimista y respondi\u00f3 categ\u00f3ricamente en torno a la viabilidad de su candidatura, expresando que hace un buen tiempo est\u00e1 enfocado en las elecciones municipales y las candidaturas que lleva el PED, pero aclarando que, ya escogido el candidato vicepresidencial, iniciar\u00edan la campa\u00f1a presidencial de inmediato con miras a los comicios de mayo pr\u00f3ximo.<\/p>\n\n\n\n<p>\u201cNosotros nunca hemos dejado de trabajar, tenemos tiempo recorriendo el pa\u00eds apoyando a nuestros candidatos municipales, y estamos muy entusiasmados y orgullosos de los aspirantes de este glorioso partido dorado. Muchos ciudadanos van a votar \u201c#32\u201d este pr\u00f3ximo 18 de febrero. Eso s\u00ed, a partir de hoy arrancamos de lleno con la candidatura presidencial, asumiendo nuestro lugar como \u00fanico y verdadero l\u00edder de la oposici\u00f3n. No hay marcha atr\u00e1s, que no les quepa la menor duda, la candidatura va y Fadul tambi\u00e9n,\u201d finaliz\u00f3.<\/p>\n\n\n\n<p><strong>Angel Puello<\/strong><\/p>\n","protected":false},"excerpt":{"rendered":"<p>diariodominicano.com Santiago, R. D.,\u20028 de febrero, 2024.- El candidato presidencial del\u00a0Partido Esperanza Democr\u00e1tica,\u00a0Ramfis Dominguez-Trujillo\u00a0anunci\u00f3 en una rueda de prensa, su escogencia del\u00a0Dr. Ernesto Fadul\u00a0como compa\u00f1ero de boleta para las elecciones presidenciales pautadas para el mes de mayo del a\u00f1o en curso. En una concurrida convocatoria celebrada en el Pabell\u00f3n de la Bandera de la casa [&hellip;]<\/p>\n","protected":false},"author":5,"featured_media":506720,"comment_status":"closed","ping_status":"","sticky":true,"template":"","format":"standard","meta":{"footnotes":""},"categories":[22,27],"tags":[],"class_list":["post-506719","post","type-post","status-publish","format-standard","has-post-thumbnail","hentry","category-politica","category-portada"],"_links":{"self":[{"href":"https:\/\/diariodominicano.com\/index.php?rest_route=\/wp\/v2\/posts\/506719","targetHints":{"allow":["GET"]}}],"collection":[{"href":"https:\/\/diariodominicano.com\/index.php?rest_route=\/wp\/v2\/posts"}],"about":[{"href":"https:\/\/diariodominicano.com\/index.php?rest_route=\/wp\/v2\/types\/post"}],"author":[{"embeddable":true,"href":"https:\/\/diariodominicano.com\/index.php?rest_route=\/wp\/v2\/users\/5"}],"replies":[{"embeddable":true,"href":"https:\/\/diariodominicano.com\/index.php?rest_route=%2Fwp%2Fv2%2Fcomments&post=506719"}],"version-history":[{"count":1,"href":"https:\/\/diariodominicano.com\/index.php?rest_route=\/wp\/v2\/posts\/506719\/revisions"}],"predecessor-version":[{"id":506721,"href":"https:\/\/diariodominicano.com\/index.php?rest_route=\/wp\/v2\/posts\/506719\/revisions\/506721"}],"wp:featuredmedia":[{"embeddable":true,"href":"https:\/\/diariodominicano.com\/index.php?rest_route=\/wp\/v2\/media\/506720"}],"wp:attachment":[{"href":"https:\/\/diariodominicano.com\/index.php?rest_route=%2Fwp%2Fv2%2Fmedia&parent=506719"}],"wp:term":[{"taxonomy":"category","embeddable":true,"href":"https:\/\/diariodominicano.com\/index.php?rest_route=%2Fwp%2Fv2%2Fcategories&post=506719"},{"taxonomy":"post_tag","embeddable":true,"href":"https:\/\/diariodominicano.com\/index.php?rest_route=%2Fwp%2Fv2%2Ftags&post=506719"}],"curies":[{"name":"wp","href":"https:\/\/api.w.org\/{rel}","templated":true}]}}