{"id":506698,"date":"2024-02-08T21:37:20","date_gmt":"2024-02-09T01:37:20","guid":{"rendered":"https:\/\/diariodominicano.com\/?p=506698"},"modified":"2024-02-08T21:37:56","modified_gmt":"2024-02-09T01:37:56","slug":"actividades-del-pld-promoviendo-sus-candidaturas-municipales","status":"publish","type":"post","link":"https:\/\/diariodominicano.com\/?p=506698","title":{"rendered":"Actividades del PLD promoviendo sus candidaturas municipales"},"content":{"rendered":"\n<p><em>Abel Mart\u00ednez encabeza este jueves una marcha-caravana en la circunscripci\u00f3n Tres de Santiago junto a V\u00edctor Fadul y Marino Collante<\/em>.<\/p>\n\n\n\n<p>Restando apenas d\u00edas para las elecciones municipales, programadas para el domingo 18 de febrero, el Partido de la Liberaci\u00f3n Dominicana (PLD), se moviliza en todo el territorio nacional, promoviendo sus candidaturas a alcald\u00edas, regidur\u00edas, direcciones distritales y vocal\u00edas.<\/p>\n\n\n\n<p>A la cabeza de la gran movilizaci\u00f3n del PLD est\u00e1 su candidato Presidencial Abel Mart\u00ednez, quien, de forma conjunta con los miembros del Comit\u00e9 Pol\u00edtico, participa en actividades de respaldo a las candidaturas municipales.<\/p>\n\n\n\n<p>\u201cEs una sinergia entre la candidatura presidencial y las candidaturas a las alcald\u00edas, direcciones de distritos municipales, regidur\u00edas y vocal\u00edas\u201d, explic\u00f3 Andr\u00e9s Navarro, coordinador de la campa\u00f1a Presidencial al destacar el crecimiento de la propuesta municipal del PLD y de los partidos de la alianza opositora Rescate RD. &nbsp;<\/p>\n\n\n\n<p>Este jueves el equipo de campa\u00f1a del PLD program\u00f3 una marcha &#8211; caravana en la circunscripci\u00f3n tres de Santiago que se ubica en los barrios y urbanizaciones de la zona Sur de Santiago de los Caballeros<\/p>\n\n\n\n<p>La actividad que ser\u00e1 encabezada por Abel Martinez, candidato presidencial junto a V\u00edctor Fadul, candidato a la Alcald\u00eda y Marino Collante, candidato a Senador est\u00e1 programada para iniciar a las 4.00 de esta tarde desde la Avenida Verde en la entrada a los \u00c1ngeles.&nbsp; Hato Mayor en un recorrido de unos 8 kil\u00f3metros por los diferentes sectores de esa demarcaci\u00f3n de la Hidalga ciudad de los Caballeros &nbsp;<\/p>\n\n\n\n<p>En la semana el equipo de campa\u00f1a de Abel Mart\u00ednez program\u00f3 para el s\u00e1bado en horas de la tarde una marcha caravana en la Circunscripci\u00f3n Dos del Distrito Nacional<\/p>\n\n\n\n<p>Y el Domingo una agenda completa que incluye una visita de Abel Mart\u00ednez de respaldo a los Candidatos a Regidores de Circ 1 del Distrito Nacional y en la tarde una marcha Caravana en la Circ 3 de San Crist\u00f3bal, que incluye El Carril , Haina y Nigua)<\/p>\n\n\n\n<p>Conjuntamente con las actividades encabezadas por Abel Mart\u00ednez, el PLD en todos los municipios y distritos municipales tiene en su agenda marchas y caravanas locales, encuentros comunitarios, toques de banderas entre otros, como parte de las actividades finales en v\u00edsperas de las elecciones municipales.<\/p>\n\n\n\n<p><strong>SECRETARIA DE COMUNICACIONES<\/strong><\/p>\n\n\n\n<p><strong>8 FEBRERO 2024 &nbsp;<\/strong><\/p>\n","protected":false},"excerpt":{"rendered":"<p>Abel Mart\u00ednez encabeza este jueves una marcha-caravana en la circunscripci\u00f3n Tres de Santiago junto a V\u00edctor Fadul y Marino Collante. Restando apenas d\u00edas para las elecciones municipales, programadas para el domingo 18 de febrero, el Partido de la Liberaci\u00f3n Dominicana (PLD), se moviliza en todo el territorio nacional, promoviendo sus candidaturas a alcald\u00edas, regidur\u00edas, direcciones [&hellip;]<\/p>\n","protected":false},"author":7,"featured_media":506715,"comment_status":"closed","ping_status":"","sticky":true,"template":"","format":"standard","meta":{"footnotes":""},"categories":[22,27],"tags":[],"class_list":["post-506698","post","type-post","status-publish","format-standard","has-post-thumbnail","hentry","category-politica","category-portada"],"_links":{"self":[{"href":"https:\/\/diariodominicano.com\/index.php?rest_route=\/wp\/v2\/posts\/506698","targetHints":{"allow":["GET"]}}],"collection":[{"href":"https:\/\/diariodominicano.com\/index.php?rest_route=\/wp\/v2\/posts"}],"about":[{"href":"https:\/\/diariodominicano.com\/index.php?rest_route=\/wp\/v2\/types\/post"}],"author":[{"embeddable":true,"href":"https:\/\/diariodominicano.com\/index.php?rest_route=\/wp\/v2\/users\/7"}],"replies":[{"embeddable":true,"href":"https:\/\/diariodominicano.com\/index.php?rest_route=%2Fwp%2Fv2%2Fcomments&post=506698"}],"version-history":[{"count":1,"href":"https:\/\/diariodominicano.com\/index.php?rest_route=\/wp\/v2\/posts\/506698\/revisions"}],"predecessor-version":[{"id":506736,"href":"https:\/\/diariodominicano.com\/index.php?rest_route=\/wp\/v2\/posts\/506698\/revisions\/506736"}],"wp:featuredmedia":[{"embeddable":true,"href":"https:\/\/diariodominicano.com\/index.php?rest_route=\/wp\/v2\/media\/506715"}],"wp:attachment":[{"href":"https:\/\/diariodominicano.com\/index.php?rest_route=%2Fwp%2Fv2%2Fmedia&parent=506698"}],"wp:term":[{"taxonomy":"category","embeddable":true,"href":"https:\/\/diariodominicano.com\/index.php?rest_route=%2Fwp%2Fv2%2Fcategories&post=506698"},{"taxonomy":"post_tag","embeddable":true,"href":"https:\/\/diariodominicano.com\/index.php?rest_route=%2Fwp%2Fv2%2Ftags&post=506698"}],"curies":[{"name":"wp","href":"https:\/\/api.w.org\/{rel}","templated":true}]}}