{"id":50662,"date":"2020-08-15T23:02:06","date_gmt":"2020-08-15T23:02:06","guid":{"rendered":"http:\/\/diariodominicano.ddns.net\/?p=50662"},"modified":"2020-08-15T23:02:06","modified_gmt":"2020-08-15T23:02:06","slug":"presidente-colombiano-lamenta-fallecimiento-de-la-viuda-de-gabriel-garcia-marquez","status":"publish","type":"post","link":"https:\/\/diariodominicano.com\/?p=50662","title":{"rendered":"Presidente colombiano lamenta fallecimiento de la viuda de Gabriel Garc\u00eda M\u00e1rquez"},"content":{"rendered":"<p><body><\/p>\n<p><img decoding=\"async\" src=\"img3\/Mercedes Barcha15-8-20.jpg\" \/>  <\/p>\n<p><span class=\"text1noticias\">diariodominicano.com<\/span><\/p>\n<p><span class=\"text1noticias\"> <\/span><\/p>\n<p><span class=\"text1noticias\">   BOGOT\u00c1, 15 ago (Xinhua) &#8212; El presidente colombiano, Iv\u00e1n Duque, lament\u00f3 en la noche de hoy el fallecimiento de la viuda del Nobel del Literatura Gabriel Garc\u00eda M\u00e1rquez, Mercedes Barcha, quien muri\u00f3 en la capital mexicana a los 87 a\u00f1os.<\/span><\/p>\n<p><span class=\"text1noticias\"> <\/span><\/p>\n<p><span class=\"text1noticias\">   \u00abHoy muri\u00f3, en Ciudad de M\u00e9xico, Mercedes Barcha, el amor de la vida de nuestro Nobel Gabriel Garc\u00eda M\u00e1rquez, y su compa\u00f1era incondicional en los extensos retiros de Gabo, cuando se fund\u00eda en sus letras. Toda la solidaridad para su familia\u00bb, escribi\u00f3 el jefe de Estado en su cuenta de Twitter.<\/span><\/p>\n<p><span class=\"text1noticias\"> <\/span><\/p>\n<p><span class=\"text1noticias\">   Entretanto, la Fundaci\u00f3n Gabo lament\u00f3 el fallecimiento de Barcha, quien hac\u00eda parte de la junta directiva de la entidad creada por el Nobel colombiano de Literatura.<\/span><\/p>\n<p><span class=\"text1noticias\"> <\/span><\/p>\n<p><span class=\"text1noticias\">   \u00abMercedes Barcha falleci\u00f3 en la ma\u00f1ana de este s\u00e1bado, 15 de agosto, en su residencia en Ciudad de M\u00e9xico, donde se estableci\u00f3 con Gabo en 1961. Ten\u00eda 87 a\u00f1os\u00bb, se\u00f1ala un comunicado de la Fundaci\u00f3n Gabo.<\/span><\/p>\n<p><span class=\"text1noticias\"> <\/span><\/p>\n<p><span class=\"text1noticias\">   \u00abPara Jaime Abello Banfi, director general de la Fundaci\u00f3n Gabo, &#8216;Mercedes Barcha descansa en paz despu\u00e9s de una vida plena. Su personalidad era \u00fanica, una mezcla singular de inteligencia absoluta, fortaleza de car\u00e1cter, pragmatismo, curiosidad, sentido del humor y hermetismo'\u00bb, agrega.<\/span><\/p>\n<p><span class=\"text1noticias\"> <\/span><\/p>\n<p><span class=\"text1noticias\">   Garc\u00eda M\u00e1rquez falleci\u00f3 el 17 de abril de 2014 en la capital mexi<\/span>cana. <\/p>\n<h6> 2020-08-15 23:02:06 <\/h6>\n<p><!--\n<link rel=\"stylesheet\" href=\"css\/bootstrap.min.css\">\n\n\n<ul class=\"pagination\">\n\t    \n\t\n\n<li >\n\t<a href='?page_no=317'>Previous<\/a>\n\t<\/li>\n\n\n       \n    \n\n<li><a href='?page_no=1'>1<\/a><\/li>\n\n\n\n<li><a href='?page_no=2'>2<\/a><\/li>\n\n\n\n<li><a>...<\/a><\/li>\n\n\n\n<li><a href='?page_no=316'>316<\/a><\/li>\n\n\n\n<li><a href='?page_no=317'>317<\/a><\/li>\n\n\n\n<li class='active'><a>318<\/a><\/li>\n\n\n\n<li><a href='?page_no=319'>319<\/a><\/li>\n\n\n\n<li><a href='?page_no=320'>320<\/a><\/li>\n\n\n\n<li><a>...<\/a><\/li>\n\n\n\n<li><a href='?page_no=22911'>22911<\/a><\/li>\n\n\n\n<li><a href='?page_no=22912'>22912<\/a><\/li>\n\n    \n\t\n\n<li >\n\t<a href='?page_no=319'>Next<\/a>\n\t<\/li>\n\n\n    \n\n<li><a href='?page_no=22912'>Last &rsaquo;&rsaquo;<\/a><\/li>\n\n<\/ul>\n\n\n--><br \/>\n<\/body><\/p>\n","protected":false},"excerpt":{"rendered":"<p>diariodominicano.com BOGOT\u00c1, 15 ago (Xinhua) &#8212; El presidente colombiano, Iv\u00e1n Duque, lament\u00f3 en la noche de hoy el fallecimiento de la viuda del Nobel del Literatura Gabriel Garc\u00eda M\u00e1rquez, Mercedes Barcha, quien muri\u00f3 en la capital mexicana a los 87 a\u00f1os. \u00abHoy muri\u00f3, en Ciudad de M\u00e9xico, Mercedes Barcha, el amor de la vida de [&hellip;]<\/p>\n","protected":false},"author":3,"featured_media":0,"comment_status":"open","ping_status":"open","sticky":false,"template":"","format":"standard","meta":{"footnotes":""},"categories":[21],"tags":[],"class_list":["post-50662","post","type-post","status-publish","format-standard","hentry","category-cultura"],"_links":{"self":[{"href":"https:\/\/diariodominicano.com\/index.php?rest_route=\/wp\/v2\/posts\/50662","targetHints":{"allow":["GET"]}}],"collection":[{"href":"https:\/\/diariodominicano.com\/index.php?rest_route=\/wp\/v2\/posts"}],"about":[{"href":"https:\/\/diariodominicano.com\/index.php?rest_route=\/wp\/v2\/types\/post"}],"author":[{"embeddable":true,"href":"https:\/\/diariodominicano.com\/index.php?rest_route=\/wp\/v2\/users\/3"}],"replies":[{"embeddable":true,"href":"https:\/\/diariodominicano.com\/index.php?rest_route=%2Fwp%2Fv2%2Fcomments&post=50662"}],"version-history":[{"count":0,"href":"https:\/\/diariodominicano.com\/index.php?rest_route=\/wp\/v2\/posts\/50662\/revisions"}],"wp:attachment":[{"href":"https:\/\/diariodominicano.com\/index.php?rest_route=%2Fwp%2Fv2%2Fmedia&parent=50662"}],"wp:term":[{"taxonomy":"category","embeddable":true,"href":"https:\/\/diariodominicano.com\/index.php?rest_route=%2Fwp%2Fv2%2Fcategories&post=50662"},{"taxonomy":"post_tag","embeddable":true,"href":"https:\/\/diariodominicano.com\/index.php?rest_route=%2Fwp%2Fv2%2Ftags&post=50662"}],"curies":[{"name":"wp","href":"https:\/\/api.w.org\/{rel}","templated":true}]}}