{"id":506575,"date":"2024-02-08T10:25:00","date_gmt":"2024-02-08T14:25:00","guid":{"rendered":"https:\/\/diariodominicano.com\/?p=506575"},"modified":"2024-02-08T10:25:00","modified_gmt":"2024-02-08T14:25:00","slug":"miguel-vargas-continua-intenso-activismo-por-provincias-en-apoyo-a-candidatos-del-prd","status":"publish","type":"post","link":"https:\/\/diariodominicano.com\/?p=506575","title":{"rendered":"Miguel Vargas contin\u00faa intenso activismo por provincias en apoyo a candidatos del PRD"},"content":{"rendered":"\n<p>diariodominicano.com<\/p>\n\n\n\n<p>Santo Domingo, R. D.,\u20028 de febrero, 2024.- \u00a0El presidente del Partido Revolucionario Dominicano (PRD), ingeniero Miguel Vargas Maldonado, encabezar\u00e1 una serie de actividades en la capital, Monte Plata y Santiago, en respaldo a los candidatos de esa organizaci\u00f3n para las elecciones de este a\u00f1o.<\/p>\n\n\n\n<p>La agenda inicia este jueves, a las 11:00 a. m., con una reuni\u00f3n para presidentes y soportes provinciales, en la Casa Nacional del PRD, Distrito Nacional.<\/p>\n\n\n\n<p>Ma\u00f1ana viernes, tocar\u00e1 el turno a Monte Plata. All\u00ed, el tambi\u00e9n candidato presidencial perrede\u00edsta liderar\u00e1 una actividad con la participaci\u00f3n de simpatizantes y militantes de todos los municipios de la provincia. El evento se efectuar\u00e1 en el local de la organizaci\u00f3n opositora en el municipio Sabana Grande de Boy\u00e1, a las 04:00 p. m.<\/p>\n\n\n\n<p>Para este s\u00e1bado 10 de febrero, Vargas llegar\u00e1 a Santiago de los Caballeros. En dicha ciudad, sostendr\u00e1 un encuentro con la familia perrede\u00edsta. Esto ser\u00e1 a las 10:00 a. m., en el Hotel Matum.<\/p>\n\n\n\n<p>A las 03:00 p. m., Miguel Vargas encabezar\u00e1 una marcha caravana en Baitoa. Con el evento se busca sellar el triunfo de los candidatos del partido en esa localidad de la provincia Santiago, de cara a las elecciones municipales del 18 de febrero.<\/p>\n\n\n\n<p>Comunicaci\u00f3n Integral Rep Dom<\/p>\n\n\n\n<p><a target=\"_blank\" href=\"mailto:comunicacionintegralrepdom@gmail.com\" rel=\"noreferrer noopener\">comunicacionintegralrepdom@gmail.com<\/a><\/p>\n","protected":false},"excerpt":{"rendered":"<p>diariodominicano.com Santo Domingo, R. D.,\u20028 de febrero, 2024.- \u00a0El presidente del Partido Revolucionario Dominicano (PRD), ingeniero Miguel Vargas Maldonado, encabezar\u00e1 una serie de actividades en la capital, Monte Plata y Santiago, en respaldo a los candidatos de esa organizaci\u00f3n para las elecciones de este a\u00f1o. La agenda inicia este jueves, a las 11:00 a. m., [&hellip;]<\/p>\n","protected":false},"author":5,"featured_media":506576,"comment_status":"closed","ping_status":"","sticky":true,"template":"","format":"standard","meta":{"footnotes":""},"categories":[22,27],"tags":[],"class_list":["post-506575","post","type-post","status-publish","format-standard","has-post-thumbnail","hentry","category-politica","category-portada"],"_links":{"self":[{"href":"https:\/\/diariodominicano.com\/index.php?rest_route=\/wp\/v2\/posts\/506575","targetHints":{"allow":["GET"]}}],"collection":[{"href":"https:\/\/diariodominicano.com\/index.php?rest_route=\/wp\/v2\/posts"}],"about":[{"href":"https:\/\/diariodominicano.com\/index.php?rest_route=\/wp\/v2\/types\/post"}],"author":[{"embeddable":true,"href":"https:\/\/diariodominicano.com\/index.php?rest_route=\/wp\/v2\/users\/5"}],"replies":[{"embeddable":true,"href":"https:\/\/diariodominicano.com\/index.php?rest_route=%2Fwp%2Fv2%2Fcomments&post=506575"}],"version-history":[{"count":1,"href":"https:\/\/diariodominicano.com\/index.php?rest_route=\/wp\/v2\/posts\/506575\/revisions"}],"predecessor-version":[{"id":506577,"href":"https:\/\/diariodominicano.com\/index.php?rest_route=\/wp\/v2\/posts\/506575\/revisions\/506577"}],"wp:featuredmedia":[{"embeddable":true,"href":"https:\/\/diariodominicano.com\/index.php?rest_route=\/wp\/v2\/media\/506576"}],"wp:attachment":[{"href":"https:\/\/diariodominicano.com\/index.php?rest_route=%2Fwp%2Fv2%2Fmedia&parent=506575"}],"wp:term":[{"taxonomy":"category","embeddable":true,"href":"https:\/\/diariodominicano.com\/index.php?rest_route=%2Fwp%2Fv2%2Fcategories&post=506575"},{"taxonomy":"post_tag","embeddable":true,"href":"https:\/\/diariodominicano.com\/index.php?rest_route=%2Fwp%2Fv2%2Ftags&post=506575"}],"curies":[{"name":"wp","href":"https:\/\/api.w.org\/{rel}","templated":true}]}}