{"id":506446,"date":"2024-02-08T00:14:53","date_gmt":"2024-02-08T04:14:53","guid":{"rendered":"https:\/\/diariodominicano.com\/?p=506446"},"modified":"2024-02-08T00:16:21","modified_gmt":"2024-02-08T04:16:21","slug":"narciso-isa-conde-acusa-al-gobierno-de-crear-crisis-para-privatizar-empresas-electricas","status":"publish","type":"post","link":"https:\/\/diariodominicano.com\/?p=506446","title":{"rendered":"Narciso Isa Conde acusa al gobierno de crear crisis para privatizar empresas el\u00e9ctricas"},"content":{"rendered":"\n<p>SANTO DOMINGO.- El Coordinador del Movimiento Caama\u00f1ista (MC), Narciso Isa Conde, acus\u00f3 esta tarde al gobierno de crear una crisis en las empresas que conforman el sector el\u00e9ctrico con el prop\u00f3sito de privatizarlas.<\/p>\n\n\n\n<p>Conde, dijo que en cada una de las empresas el\u00e9ctricas hay un representante del gran empresariado, tras destacar que en el pa\u00eds est\u00e1n gobernando los diez millonarios de Forbes.<\/p>\n\n\n\n<p>El dirigente pol\u00edtico se expres\u00f3 en esos t\u00e9rminos al ser entrevistado por el comunicador Edward Ram\u00edrez en el programa \u201cEl Nuevo Diario en la Tarde\u201d, transmitido por la plataforma digital El Nuevo Diario TV.<\/p>\n\n\n\n<p>\u201cPorque aqu\u00ed hay un gobierno de empresarios y se ha creado un movimiento de los megas empresarios a nivel mundial y en especial en los Estados Unidos, que es lo que est\u00e1 gravitando sobre la Rep\u00fablica Dominicana\u201d, enfatiz\u00f3.<\/p>\n\n\n\n<p>En ese mismo contexto, afirm\u00f3 que las bandas de Hait\u00ed, tambi\u00e9n son binacionales, como tambi\u00e9n aqu\u00ed hay toda una narco econom\u00eda que ha creado carteles internos y bandas armadas. &nbsp;&nbsp;<\/p>\n\n\n\n<p>\u201cEste pa\u00eds est\u00e1 amenazado por estos grupos, pero todav\u00eda no necesita de estas f\u00f3rmulas, pero ahora lo que buscan es hacer de este pa\u00eds mucho m\u00e1s dependiente y colonizado\u201d, apunt\u00f3.<\/p>\n\n\n\n<p>Asimismo, defini\u00f3 como una atrocidad el programa minero, para el tema ambiental, al revelar que en el pa\u00eds hay m\u00e1s de 300 concesiones mineras en las cordilleras y m\u00e1s de 200 de estas en la Cordillera Central que es la madre de todas las aguas. &nbsp;&nbsp;<\/p>\n\n\n\n<figure class=\"wp-block-embed is-type-wp-embed is-provider-el-nuevo-diario-rep-blica-dominicana wp-block-embed-el-nuevo-diario-rep-blica-dominicana\"><div class=\"wp-block-embed__wrapper\">\n<blockquote class=\"wp-embedded-content\" data-secret=\"rLZR1yEBlA\"><a href=\"https:\/\/elnuevodiario.com.do\/tv\/el-nuevo-diario-en-la-tarde-se-agudiza-la-crisis-de-haiti-entrevista-a-juan-hubieres-presidente-fenatrano-y-lider-movimiento-rebelde\/\">El Nuevo Diario en la Tarde &#8211; Se agudiza la crisis de Hait\u00ed; Entrevista a Juan Hubieres (Presidente Fenatrano y L\u00edder Movimiento Rebelde)<\/a><\/blockquote><iframe loading=\"lazy\" class=\"wp-embedded-content\" sandbox=\"allow-scripts\" security=\"restricted\" style=\"position: absolute; visibility: hidden;\" title=\"\u00abEl Nuevo Diario en la Tarde &#8211; Se agudiza la crisis de Hait\u00ed; Entrevista a Juan Hubieres (Presidente Fenatrano y L\u00edder Movimiento Rebelde)\u00bb \u2014 El Nuevo Diario (Rep\u00fablica Dominicana)\" src=\"https:\/\/elnuevodiario.com.do\/tv\/el-nuevo-diario-en-la-tarde-se-agudiza-la-crisis-de-haiti-entrevista-a-juan-hubieres-presidente-fenatrano-y-lider-movimiento-rebelde\/embed\/#?secret=PgUxIn3FdS#?secret=rLZR1yEBlA\" data-secret=\"rLZR1yEBlA\" width=\"600\" height=\"338\" frameborder=\"0\" marginwidth=\"0\" marginheight=\"0\" scrolling=\"no\"><\/iframe>\n<\/div><\/figure>\n","protected":false},"excerpt":{"rendered":"<p>SANTO DOMINGO.- El Coordinador del Movimiento Caama\u00f1ista (MC), Narciso Isa Conde, acus\u00f3 esta tarde al gobierno de crear una crisis en las empresas que conforman el sector el\u00e9ctrico con el prop\u00f3sito de privatizarlas. Conde, dijo que en cada una de las empresas el\u00e9ctricas hay un representante del gran empresariado, tras destacar que en el pa\u00eds [&hellip;]<\/p>\n","protected":false},"author":28,"featured_media":506447,"comment_status":"closed","ping_status":"","sticky":true,"template":"","format":"standard","meta":{"footnotes":""},"categories":[18,22,27],"tags":[],"class_list":["post-506446","post","type-post","status-publish","format-standard","has-post-thumbnail","hentry","category-economia","category-politica","category-portada"],"_links":{"self":[{"href":"https:\/\/diariodominicano.com\/index.php?rest_route=\/wp\/v2\/posts\/506446","targetHints":{"allow":["GET"]}}],"collection":[{"href":"https:\/\/diariodominicano.com\/index.php?rest_route=\/wp\/v2\/posts"}],"about":[{"href":"https:\/\/diariodominicano.com\/index.php?rest_route=\/wp\/v2\/types\/post"}],"author":[{"embeddable":true,"href":"https:\/\/diariodominicano.com\/index.php?rest_route=\/wp\/v2\/users\/28"}],"replies":[{"embeddable":true,"href":"https:\/\/diariodominicano.com\/index.php?rest_route=%2Fwp%2Fv2%2Fcomments&post=506446"}],"version-history":[{"count":3,"href":"https:\/\/diariodominicano.com\/index.php?rest_route=\/wp\/v2\/posts\/506446\/revisions"}],"predecessor-version":[{"id":506450,"href":"https:\/\/diariodominicano.com\/index.php?rest_route=\/wp\/v2\/posts\/506446\/revisions\/506450"}],"wp:featuredmedia":[{"embeddable":true,"href":"https:\/\/diariodominicano.com\/index.php?rest_route=\/wp\/v2\/media\/506447"}],"wp:attachment":[{"href":"https:\/\/diariodominicano.com\/index.php?rest_route=%2Fwp%2Fv2%2Fmedia&parent=506446"}],"wp:term":[{"taxonomy":"category","embeddable":true,"href":"https:\/\/diariodominicano.com\/index.php?rest_route=%2Fwp%2Fv2%2Fcategories&post=506446"},{"taxonomy":"post_tag","embeddable":true,"href":"https:\/\/diariodominicano.com\/index.php?rest_route=%2Fwp%2Fv2%2Ftags&post=506446"}],"curies":[{"name":"wp","href":"https:\/\/api.w.org\/{rel}","templated":true}]}}