{"id":506434,"date":"2024-02-07T23:45:09","date_gmt":"2024-02-08T03:45:09","guid":{"rendered":"https:\/\/diariodominicano.com\/?p=506434"},"modified":"2024-02-07T23:45:09","modified_gmt":"2024-02-08T03:45:09","slug":"domingo-contreras-distrito-nacional-sufre-las-consecuencias-de-una-gestion-municipal-improvisada","status":"publish","type":"post","link":"https:\/\/diariodominicano.com\/?p=506434","title":{"rendered":"Domingo Contreras: Distrito Nacional sufre las consecuencias de una gesti\u00f3n municipal improvisada"},"content":{"rendered":"\n<p><strong><em>Domingo Contreras<\/em><\/strong><em>\u00a0reiter\u00f3 su disposici\u00f3n de debatir con la actual alcaldesa sobre las soluciones al problema del Distrito Nacional.<\/em><\/p>\n\n\n\n<p><strong>El candidato del Partido de la Liberaci\u00f3n Dominicana y la alianza opositora Rescate RD a la alcald\u00eda del Distrito Nacional, Domingo Contreras,<\/strong>&nbsp;ret\u00f3 a la alcaldesa de esa demarcaci\u00f3n a debatir sobre las soluciones al problema del drenaje pluvial que afecta a la ciudad de Santo Domingo.<\/p>\n\n\n\n<p>Contreras dijo que est\u00e1 en la mayor disposici\u00f3n de discutir este y otros temas con profundidad y claridad para que la ciudadan\u00eda establezca responsabilidad.<\/p>\n\n\n\n<p>\u201cEl oficialismo anda corriendo. Estamos dispuestos a enfrentar cualquier tipo de debate para que los mun\u00edcipes del Distrito Nacional conozcan cu\u00e1l es nuestra propuesta frente al tema del drenaje\u201d, declar\u00f3 el dirigente pol\u00edtico entrevistado en el programa El Despertador.<\/p>\n\n\n\n<p>Expres\u00f3 que la ciudad ha sufrido grandes da\u00f1os como resultado de la inoperancia de una inversi\u00f3n adecuada del Ayuntamiento en el drenaje pluvial, y la alcaldesa tiene la responsabilidad ante el Consejo de Regidores y los ciudadanos de dar una respuesta a este grave problema.<\/p>\n\n\n\n<p>El tambi\u00e9n miembro del Comit\u00e9 Pol\u00edtico del PLD record\u00f3 que, como consecuencia de esta inoperancia en noviembre del pasado a\u00f1o, a ra\u00edz de los disturbios tropicales se produjeron m\u00e1s de 10 mil millones en p\u00e9rdidas, esparcidas en miles veh\u00edculos inundados, 3 mil ascensores da\u00f1ados y p\u00e9rdidas en casas de familias y negocios, \u201cpero lo peor es que 20 personas perdieron su vida\u201d.<\/p>\n\n\n\n<p>Cuestion\u00f3 que despu\u00e9s del primer disturbio tropical ocurrido el 4 de noviembre, el Ayuntamiento del Distrito Nacional recibi\u00f3 una transferencia millonaria del ejecutivo y no hizo nada hasta despu\u00e9s del siguiente disturbio el a\u00f1o pasado, tambi\u00e9n en noviembre.<\/p>\n\n\n\n<p>Contreras reiter\u00f3 su denuncia de que la actual gesti\u00f3n de la alcald\u00eda del DN adjudic\u00f3 de manera irregular al Grupo Lackey por un monto superior a los RD$155 millones, la limpieza de los imbornales y filtrantes y que no cumple.<\/p>\n\n\n\n<p>Cuestionado sobre c\u00f3mo marcha su candidatura apenas a unas dos semanas de las elecciones municipales apunt\u00f3 que la Alianza Rescate RD tiene un 58%, y que el PLD ganar\u00e1 la alcald\u00eda y la senadur\u00eda del Distrito Nacional.<\/p>\n\n\n\n<p><strong>SECRETARIA DE COMUNICACIONES<\/strong><\/p>\n\n\n\n<p><strong>07 DE FEBRERO, 2024.-<\/strong><\/p>\n","protected":false},"excerpt":{"rendered":"<p>Domingo Contreras\u00a0reiter\u00f3 su disposici\u00f3n de debatir con la actual alcaldesa sobre las soluciones al problema del Distrito Nacional. El candidato del Partido de la Liberaci\u00f3n Dominicana y la alianza opositora Rescate RD a la alcald\u00eda del Distrito Nacional, Domingo Contreras,&nbsp;ret\u00f3 a la alcaldesa de esa demarcaci\u00f3n a debatir sobre las soluciones al problema del drenaje [&hellip;]<\/p>\n","protected":false},"author":28,"featured_media":506435,"comment_status":"closed","ping_status":"","sticky":true,"template":"","format":"standard","meta":{"footnotes":""},"categories":[20,22,27],"tags":[],"class_list":["post-506434","post","type-post","status-publish","format-standard","has-post-thumbnail","hentry","category-dominicana-hoy","category-politica","category-portada"],"_links":{"self":[{"href":"https:\/\/diariodominicano.com\/index.php?rest_route=\/wp\/v2\/posts\/506434","targetHints":{"allow":["GET"]}}],"collection":[{"href":"https:\/\/diariodominicano.com\/index.php?rest_route=\/wp\/v2\/posts"}],"about":[{"href":"https:\/\/diariodominicano.com\/index.php?rest_route=\/wp\/v2\/types\/post"}],"author":[{"embeddable":true,"href":"https:\/\/diariodominicano.com\/index.php?rest_route=\/wp\/v2\/users\/28"}],"replies":[{"embeddable":true,"href":"https:\/\/diariodominicano.com\/index.php?rest_route=%2Fwp%2Fv2%2Fcomments&post=506434"}],"version-history":[{"count":1,"href":"https:\/\/diariodominicano.com\/index.php?rest_route=\/wp\/v2\/posts\/506434\/revisions"}],"predecessor-version":[{"id":506436,"href":"https:\/\/diariodominicano.com\/index.php?rest_route=\/wp\/v2\/posts\/506434\/revisions\/506436"}],"wp:featuredmedia":[{"embeddable":true,"href":"https:\/\/diariodominicano.com\/index.php?rest_route=\/wp\/v2\/media\/506435"}],"wp:attachment":[{"href":"https:\/\/diariodominicano.com\/index.php?rest_route=%2Fwp%2Fv2%2Fmedia&parent=506434"}],"wp:term":[{"taxonomy":"category","embeddable":true,"href":"https:\/\/diariodominicano.com\/index.php?rest_route=%2Fwp%2Fv2%2Fcategories&post=506434"},{"taxonomy":"post_tag","embeddable":true,"href":"https:\/\/diariodominicano.com\/index.php?rest_route=%2Fwp%2Fv2%2Ftags&post=506434"}],"curies":[{"name":"wp","href":"https:\/\/api.w.org\/{rel}","templated":true}]}}