{"id":506421,"date":"2024-02-07T23:26:29","date_gmt":"2024-02-08T03:26:29","guid":{"rendered":"https:\/\/diariodominicano.com\/?p=506421"},"modified":"2024-02-07T23:26:29","modified_gmt":"2024-02-08T03:26:29","slug":"presidente-de-la-jce-recibe-visita-de-de-directivos-del-codue-expresan-respaldo-al-pleno","status":"publish","type":"post","link":"https:\/\/diariodominicano.com\/?p=506421","title":{"rendered":"Presidente de la JCE recibe visita de  de directivos del CODUE; expresan respaldo al Pleno"},"content":{"rendered":"\n<p>El presidente de la Junta Central Electoral (JCE), Rom\u00e1n Andr\u00e9s J\u00e1quez Liranzo y el  presidente del CODUE, Feliciano Lacen.<\/p>\n\n\n\n<p>La JCE inform\u00f3 que el presidente del CODUE, Feliciano Lacen, felicit\u00f3 al Pleno y al \u00f3rgano electoral por el manejo que han tenido en el actual proceso.<\/p>\n\n\n\n<figure class=\"wp-block-image size-large\"><img loading=\"lazy\" decoding=\"async\" width=\"1024\" height=\"682\" src=\"https:\/\/diariodominicano.com\/wp-content\/uploads\/2024\/02\/JCE.CODUE-1-1024x682.jpeg\" alt=\"\" class=\"wp-image-506424\" srcset=\"https:\/\/diariodominicano.com\/wp-content\/uploads\/2024\/02\/JCE.CODUE-1-1024x682.jpeg 1024w, https:\/\/diariodominicano.com\/wp-content\/uploads\/2024\/02\/JCE.CODUE-1-300x200.jpeg 300w, https:\/\/diariodominicano.com\/wp-content\/uploads\/2024\/02\/JCE.CODUE-1-768x512.jpeg 768w, https:\/\/diariodominicano.com\/wp-content\/uploads\/2024\/02\/JCE.CODUE-1-816x544.jpeg 816w, https:\/\/diariodominicano.com\/wp-content\/uploads\/2024\/02\/JCE.CODUE-1.jpeg 1280w\" sizes=\"auto, (max-width: 1024px) 100vw, 1024px\" \/><\/figure>\n\n\n\n<p>Santo Domingo, RD. &#8211;\u00a0\u00a0El presidente de la Junta Central Electoral (JCE), Rom\u00e1n Andr\u00e9s J\u00e1quez Liranzo, recibi\u00f3 el mi\u00e9rcoles en su despacho una visita de cortes\u00eda de directivos del Consejo Dominicano de la Unidad Evang\u00e9lica (CODUE), con quienes convers\u00f3 sobre el avance del montaje de las elecciones municipales del pr\u00f3ximo domingo 18 de febrero de 2024.<\/p>\n\n\n\n<p>J\u00e1quez Liranzo habl\u00f3 del grado de cumplimiento de toda la planificaci\u00f3n en cuanto a la conformaci\u00f3n de los 16,851 Colegios Electorales, del personal que los integrar\u00e1, de la capacitaci\u00f3n alcanzada, la preparaci\u00f3n de las valijas y sobre las medidas preventivas tomadas para garantizar un desarrollo eficiente y transparente de las votaciones, inform\u00f3 la Direcci\u00f3n de Comunicaciones de la JCE..<\/p>\n\n\n\n<figure class=\"wp-block-image size-large\"><img loading=\"lazy\" decoding=\"async\" width=\"1024\" height=\"682\" src=\"https:\/\/diariodominicano.com\/wp-content\/uploads\/2024\/02\/JCE-CODUE-1024x682.jpeg\" alt=\"\" class=\"wp-image-506425\" srcset=\"https:\/\/diariodominicano.com\/wp-content\/uploads\/2024\/02\/JCE-CODUE-1024x682.jpeg 1024w, https:\/\/diariodominicano.com\/wp-content\/uploads\/2024\/02\/JCE-CODUE-300x200.jpeg 300w, https:\/\/diariodominicano.com\/wp-content\/uploads\/2024\/02\/JCE-CODUE-768x512.jpeg 768w, https:\/\/diariodominicano.com\/wp-content\/uploads\/2024\/02\/JCE-CODUE-816x544.jpeg 816w, https:\/\/diariodominicano.com\/wp-content\/uploads\/2024\/02\/JCE-CODUE.jpeg 1280w\" sizes=\"auto, (max-width: 1024px) 100vw, 1024px\" \/><\/figure>\n\n\n\n<p>Dijo que es importante recordar que se votar\u00e1 de manera manual con dos boletas en cada nivel, que resultar\u00e1 sumamente f\u00e1cil para la poblaci\u00f3n y que, pasada las votaciones, los delegados de las organizaciones pol\u00edticas podr\u00e1n utilizar sus tel\u00e9fonos u otros dispositivos para grabar las incidencias del escrutinio, lo que garantizar\u00e1 total transparencia del proceso.<\/p>\n\n\n\n<p>CODUE felicita el manejo de la JCE<\/p>\n\n\n\n<p>El presidente del CODUE, Feliciano Lacen, felicit\u00f3 al Pleno y al \u00f3rgano electoral por el manejo que han tenido en el actual proceso.<\/p>\n\n\n\n<p>\u201cNosotros, como CODUE, siempre hemos levantado la bandera del fortalecimiento de la democracia. Como instituci\u00f3n nos sentimos bien seguros con el Pleno que dirige actualmente la Junta Central Electoral y los dem\u00e1s directivos que lucen comprometidos con sus familias, con el pa\u00eds y con la democracia, pero quisimos pasar a darles apoyo y a orar por todos y por la instituci\u00f3n para que todo siga como luce su marcha\u201d, dijo el reverendo Lacen.<\/p>\n\n\n\n<p>Dijo que, como organizaci\u00f3n cristiana seguida por una gran comunidad de fe, quer\u00edan llegar a la instituci\u00f3n para expresarle su soporte moral y espiritual de manera presencial a todo el Pleno para que cuente con las oraciones de la comunidad evang\u00e9lica.<\/p>\n\n\n\n<p>Al reverendo Lacen lo acompa\u00f1aron los reverendos Silverio Manuel Bello, Pedro Choi, la pastoral Raquel Mari\u00f1ez y el director ejecutivo del CODUE, Guarionex Corona.<\/p>\n\n\n\n<p>Direcci\u00f3n de Comunicaciones<\/p>\n\n\n\n<p>07 de febrero de 2024<\/p>\n","protected":false},"excerpt":{"rendered":"<p>El presidente de la Junta Central Electoral (JCE), Rom\u00e1n Andr\u00e9s J\u00e1quez Liranzo y el presidente del CODUE, Feliciano Lacen. La JCE inform\u00f3 que el presidente del CODUE, Feliciano Lacen, felicit\u00f3 al Pleno y al \u00f3rgano electoral por el manejo que han tenido en el actual proceso. Santo Domingo, RD. &#8211;\u00a0\u00a0El presidente de la Junta Central [&hellip;]<\/p>\n","protected":false},"author":28,"featured_media":506423,"comment_status":"closed","ping_status":"","sticky":true,"template":"","format":"standard","meta":{"footnotes":""},"categories":[20,22,27],"tags":[],"class_list":["post-506421","post","type-post","status-publish","format-standard","has-post-thumbnail","hentry","category-dominicana-hoy","category-politica","category-portada"],"_links":{"self":[{"href":"https:\/\/diariodominicano.com\/index.php?rest_route=\/wp\/v2\/posts\/506421","targetHints":{"allow":["GET"]}}],"collection":[{"href":"https:\/\/diariodominicano.com\/index.php?rest_route=\/wp\/v2\/posts"}],"about":[{"href":"https:\/\/diariodominicano.com\/index.php?rest_route=\/wp\/v2\/types\/post"}],"author":[{"embeddable":true,"href":"https:\/\/diariodominicano.com\/index.php?rest_route=\/wp\/v2\/users\/28"}],"replies":[{"embeddable":true,"href":"https:\/\/diariodominicano.com\/index.php?rest_route=%2Fwp%2Fv2%2Fcomments&post=506421"}],"version-history":[{"count":1,"href":"https:\/\/diariodominicano.com\/index.php?rest_route=\/wp\/v2\/posts\/506421\/revisions"}],"predecessor-version":[{"id":506426,"href":"https:\/\/diariodominicano.com\/index.php?rest_route=\/wp\/v2\/posts\/506421\/revisions\/506426"}],"wp:featuredmedia":[{"embeddable":true,"href":"https:\/\/diariodominicano.com\/index.php?rest_route=\/wp\/v2\/media\/506423"}],"wp:attachment":[{"href":"https:\/\/diariodominicano.com\/index.php?rest_route=%2Fwp%2Fv2%2Fmedia&parent=506421"}],"wp:term":[{"taxonomy":"category","embeddable":true,"href":"https:\/\/diariodominicano.com\/index.php?rest_route=%2Fwp%2Fv2%2Fcategories&post=506421"},{"taxonomy":"post_tag","embeddable":true,"href":"https:\/\/diariodominicano.com\/index.php?rest_route=%2Fwp%2Fv2%2Ftags&post=506421"}],"curies":[{"name":"wp","href":"https:\/\/api.w.org\/{rel}","templated":true}]}}