{"id":50640,"date":"2020-08-16T23:17:45","date_gmt":"2020-08-16T23:17:45","guid":{"rendered":"http:\/\/diariodominicano.ddns.net\/?p=50640"},"modified":"2020-08-16T23:17:45","modified_gmt":"2020-08-16T23:17:45","slug":"el-presidente-luis-abinader-juramenta-a-carmen-heredia-como-nueva-ministra-de-cultura","status":"publish","type":"post","link":"https:\/\/diariodominicano.com\/?p=50640","title":{"rendered":"El presidente Luis Abinader juramenta a Carmen Heredia como nueva ministra de Cultura"},"content":{"rendered":"<p><body><\/p>\n<p><img decoding=\"async\" src=\"img3\/juramenta Gabinete16-8-20.JPG\" \/>  <\/p>\n<p><span class=\"text1noticias\">diariodominicano.com<\/span><\/p>\n<p><span class=\"text1noticias\"> <\/span><\/p>\n<p><span class=\"text1noticias\">Santo Domingo, R.D., 16 de agosto, 2020.- El presidente Luis Abinader jurament\u00f3 este domingo a la profesora Carmen Heredia Ottenwalder como ministra de Cultura de la Rep\u00fablica Dominicana.<\/span><\/p>\n<p><span class=\"text1noticias\"> <\/span><\/p>\n<p><span class=\"text1noticias\">La profesora Heredia Ottenwalder tom\u00f3 el juramento en el Palacio Nacional, junto a los dem\u00e1s ministros designados por el nuevo presidente de la Rep\u00fablica.<\/span><\/p>\n<p><span class=\"text1noticias\"> <\/span><\/p>\n<p><span class=\"text1noticias\">La nueva ministra de Cultura y dem\u00e1s funcionarios fueron nombrados mediante el decreto 324-20 emitido por el Poder Ejecutivo, luego de que Luis Abinader fuera juramentado, en la Asamblea Nacional, como presidente de la Rep\u00fablica Dominicana para el periodo 2020-2024.<\/span><\/p>\n<p><span class=\"text1noticias\"> <\/span><\/p>\n<p><span class=\"text1noticias\">La ceremonia de juramentaci\u00f3n se efectu\u00f3 en el sal\u00f3n la Cari\u00e1tides del Palacio Nacional.<\/span><\/p>\n<p><span class=\"text1noticias\"> <\/span><\/p>\n<p><span class=\"text1noticias\">La nueva ministra de Cultura, Carmen Heredia Ottenwalder es una reconocida personalidad con una larga trayectoria de trabajos en el sector cultural de Rep\u00fablica Dominicana.<\/span><\/p>\n<p><span class=\"text1noticias\"> <\/span><\/p>\n<p><span class=\"text1noticias\">Es la primera mujer que ocupa el cargo de ministra de Cultura, desde que fuera creado en el 2020 mediante la ley 41-00.<\/span><\/p>\n<p><span class=\"text1noticias\"> <\/span><\/p>\n<p><span class=\"text1noticias\">Para su designaci\u00f3n se tom\u00f3 en consideraci\u00f3n los m\u00e9ritos acumulados por la se\u00f1ora Heredia, quien realiz\u00f3 Estudios de Administraci\u00f3n de Empresas en el pa\u00eds y de Gesti\u00f3n y Desarrollo del Espect\u00e1culo en el Instituto de Artes Esc\u00e9nica y M\u00fasica de Madrid, Espa\u00f1a. Estos conocimientos les sirven de base para desarrollar una prol\u00edfica y fecunda carrera en el arte y la cultura nacionales.<\/span><\/p>\n<p><span class=\"text1noticias\"> <\/span><\/p>\n<p><span class=\"text1noticias\">Se ha despe\u00f1ado como sub directora del Museo de las Casas Reales, directora del Ballet Cl\u00e1sico Nacional, directora General de Bellas Artes, directora del Teatro Nacional y  miembro Consejo Ministerial de Cultura.<\/span><\/p>\n<p><span class=\"text1noticias\"> <\/span><\/p>\n<p><span class=\"text1noticias\">Particip\u00f3 como delegada en la I, II y III, Conferencias de Especialistas en Ballet en Panam\u00e1, Buenos Aires y Caracas. Fue designada secretaria General de la \u00abSociedad Iberoamericana de Danza\u00bb, dirigida por Madame Margot Fonteyn. Tambi\u00e9n fue delegada a la Primera Asamblea del Centro de Las Am\u00e9ricas, World Dance Alliance, New York, y elegida como miembro del Comit\u00e9 Alianza Mundial De La Danza.<\/span><\/p>\n<p><span class=\"text1noticias\"> <\/span><\/p>\n<p><span class=\"text1noticias\">Ha ejercido la Cr\u00edtica de Teatro, Danza y M\u00fasica por m\u00e1s de 40 a\u00f1os en diferentes medios de Comunicaci\u00f3n.<\/span><\/p>\n<p><span class=\"text1noticias\"> <\/span><\/p>\n<p><span class=\"text1noticias\">Algunos de sus art\u00edculos han sido incluidos en interesantes publicaciones como: el Libro Di\u00f3genes de la Universidad de California; en el Libro de C\u00e1tedra de Lengua Espa\u00f1ola IV de la Editora Santillana y en la Revista de Las Bellas Artes de Puerto Rico.<\/span><\/p>\n<p><span class=\"text1noticias\"> <\/span><\/p>\n<p><span class=\"text1noticias\">Es autora de los libros Espacios de Teatro y Danza y otros Espacios y  \u00abDesde Platea\u00bb. Su labor art\u00edstica y cultural la ha hecho merecedora de m\u00faltiples reconocimientos en el pa\u00eds y en el exterior.<\/span><\/p>\n<p><span class=\"text1noticias\"> <\/span><\/p>\n<p><span class=\"text1noticias\">Direcci\u00f3n de Comunicaciones<\/span><\/p>\n<p><span class=\"text1noticias\">Ministerio de Cultura Rep\u00fablica Dominicana<\/span><\/p>\n<p><span class=\"text1noticias\">Ministerio de Cultura de la Rep<\/span>\u00fablica Dominicana<\/p>\n<h6> 2020-08-16 23:17:45 <\/h6>\n<p><!--\n<link rel=\"stylesheet\" href=\"css\/bootstrap.min.css\">\n\n\n<ul class=\"pagination\">\n\t    \n\t\n\n<li >\n\t<a href='?page_no=315'>Previous<\/a>\n\t<\/li>\n\n\n       \n    \n\n<li><a href='?page_no=1'>1<\/a><\/li>\n\n\n\n<li><a href='?page_no=2'>2<\/a><\/li>\n\n\n\n<li><a>...<\/a><\/li>\n\n\n\n<li><a href='?page_no=314'>314<\/a><\/li>\n\n\n\n<li><a href='?page_no=315'>315<\/a><\/li>\n\n\n\n<li class='active'><a>316<\/a><\/li>\n\n\n\n<li><a href='?page_no=317'>317<\/a><\/li>\n\n\n\n<li><a href='?page_no=318'>318<\/a><\/li>\n\n\n\n<li><a>...<\/a><\/li>\n\n\n\n<li><a href='?page_no=22911'>22911<\/a><\/li>\n\n\n\n<li><a href='?page_no=22912'>22912<\/a><\/li>\n\n    \n\t\n\n<li >\n\t<a href='?page_no=317'>Next<\/a>\n\t<\/li>\n\n\n    \n\n<li><a href='?page_no=22912'>Last &rsaquo;&rsaquo;<\/a><\/li>\n\n<\/ul>\n\n\n--><br \/>\n<\/body><\/p>\n","protected":false},"excerpt":{"rendered":"<p>diariodominicano.com Santo Domingo, R.D., 16 de agosto, 2020.- El presidente Luis Abinader jurament\u00f3 este domingo a la profesora Carmen Heredia Ottenwalder como ministra de Cultura de la Rep\u00fablica Dominicana. La profesora Heredia Ottenwalder tom\u00f3 el juramento en el Palacio Nacional, junto a los dem\u00e1s ministros designados por el nuevo presidente de la Rep\u00fablica. La nueva [&hellip;]<\/p>\n","protected":false},"author":3,"featured_media":0,"comment_status":"open","ping_status":"open","sticky":false,"template":"","format":"standard","meta":{"footnotes":""},"categories":[21],"tags":[],"class_list":["post-50640","post","type-post","status-publish","format-standard","hentry","category-cultura"],"_links":{"self":[{"href":"https:\/\/diariodominicano.com\/index.php?rest_route=\/wp\/v2\/posts\/50640","targetHints":{"allow":["GET"]}}],"collection":[{"href":"https:\/\/diariodominicano.com\/index.php?rest_route=\/wp\/v2\/posts"}],"about":[{"href":"https:\/\/diariodominicano.com\/index.php?rest_route=\/wp\/v2\/types\/post"}],"author":[{"embeddable":true,"href":"https:\/\/diariodominicano.com\/index.php?rest_route=\/wp\/v2\/users\/3"}],"replies":[{"embeddable":true,"href":"https:\/\/diariodominicano.com\/index.php?rest_route=%2Fwp%2Fv2%2Fcomments&post=50640"}],"version-history":[{"count":0,"href":"https:\/\/diariodominicano.com\/index.php?rest_route=\/wp\/v2\/posts\/50640\/revisions"}],"wp:attachment":[{"href":"https:\/\/diariodominicano.com\/index.php?rest_route=%2Fwp%2Fv2%2Fmedia&parent=50640"}],"wp:term":[{"taxonomy":"category","embeddable":true,"href":"https:\/\/diariodominicano.com\/index.php?rest_route=%2Fwp%2Fv2%2Fcategories&post=50640"},{"taxonomy":"post_tag","embeddable":true,"href":"https:\/\/diariodominicano.com\/index.php?rest_route=%2Fwp%2Fv2%2Ftags&post=50640"}],"curies":[{"name":"wp","href":"https:\/\/api.w.org\/{rel}","templated":true}]}}