{"id":506338,"date":"2024-02-07T15:55:40","date_gmt":"2024-02-07T19:55:40","guid":{"rendered":"https:\/\/diariodominicano.com\/?p=506338"},"modified":"2024-02-07T15:55:40","modified_gmt":"2024-02-07T19:55:40","slug":"fuerza-cultural-del-pueblo-lamenta-el-fallecimiento-del-artista-plastico-rafael-perez-concepcion-chepe","status":"publish","type":"post","link":"https:\/\/diariodominicano.com\/?p=506338","title":{"rendered":"Fuerza Cultural del Pueblo lamenta el fallecimiento\u00a0del artista\u00a0pl\u00e1stico Rafael P\u00e9rez Concepci\u00f3n -Chepe-"},"content":{"rendered":"\n<p>Jos\u00e9 Rafael P\u00e9rez Concepci\u00f3n -Chepe-,<\/p>\n\n\n\n<p><strong>Santo Domingo, RD.-\u00a0<\/strong>La Fuerza Cultural del Pueblo (FCP), expres\u00f3  su pesar por el fallecimiento del artista pl\u00e1stico Jos\u00e9 Rafael P\u00e9rez Concepci\u00f3n -Chepe-, ocurrido en ciudad Santo Domingo.<\/p>\n\n\n\n<p>\u201cNos unimos al dolor que hoy embarga a toda la comunidad art\u00edstica nacional, por el fallecimiento del artista Rafael P\u00e9rez Concepci\u00f3n\u201d, indica un comunicado.<\/p>\n\n\n\n<p><br>La Fuerza Cultural del Pueblo, brazo cultural del Partido Fuerza del Pueblo (FP), destac\u00f3 la trayectoria del artista visual, quien naci\u00f3 en Santo Domingo en 1975. Fue un artista multidisciplinario, cuya b\u00fasqueda est\u00e9tica se concentr\u00f3 en la pintura, el dibujo, as\u00ed como en las instalaciones y proyectos curatoriales.<\/p>\n\n\n\n<figure class=\"wp-block-image size-full\"><img loading=\"lazy\" decoding=\"async\" width=\"500\" height=\"267\" src=\"https:\/\/diariodominicano.com\/wp-content\/uploads\/2024\/02\/Jose-Rafael-Perez-Concepcion-Chepe-02.jpeg\" alt=\"\" class=\"wp-image-506340\" srcset=\"https:\/\/diariodominicano.com\/wp-content\/uploads\/2024\/02\/Jose-Rafael-Perez-Concepcion-Chepe-02.jpeg 500w, https:\/\/diariodominicano.com\/wp-content\/uploads\/2024\/02\/Jose-Rafael-Perez-Concepcion-Chepe-02-300x160.jpeg 300w\" sizes=\"auto, (max-width: 500px) 100vw, 500px\" \/><\/figure>\n\n\n\n<p><br>Vivi\u00f3 y trabaj\u00f3 en Par\u00eds, Francia, as\u00ed como en la Rep\u00fablica Dominicana.<br>Realiz\u00f3 sus estudios en Bellas Artes e Historia del Arte, tanto en Rep\u00fablica Dominicana, como en Estados Unidos e Italia, exponiendo sus obras de manera itinerante y permanente, en ciudades incluidas  Par\u00eds, Berl\u00edn, Londres, Barcelona y  Santo Domingo, entre otras.<br>P\u00e9rez Concepci\u00f3n -Chepe-, quien era miembro activo de la Fuerza Cultural del Pueblo, lleg\u00f3 a presidir la Asociaci\u00f3n Dominicana de Artistas Visuales, durante el per\u00edodo 2020-2022.<\/p>\n\n\n\n<p><br>Sobre sus motivaciones creativas, en vida, el artista reflexiona: \u201cEl cuerpo de mi trabajo es parte de un proyecto en donde busco mi identidad humana y creativa. Un diario abierto donde los cap\u00edtulos son exposiciones y propuestas diversas\u00bb.<br>\u201cMi imaginario se nutre al capturar experiencias acumuladas en viajes y encuentros: paisajes, historia, diversidad cultural, arquitectura, actualidad global y ecolog\u00eda. Dicho de otra manera: Mis obras son un testimonio autobiogr\u00e1fico y contemplativo de mi fascinaci\u00f3n por la humanidad\u201d.<\/p>\n\n\n\n<p><br>Jos\u00e9 Rafael P\u00e9rez Concepci\u00f3n -Chepe-, asumi\u00f3 funciones en el servicio exterior en el a\u00f1o 2006 en la embajada de la Rep\u00fablica Dominicana en Par\u00eds, Francia.<\/p>\n\n\n\n<p>Posteriormente sirvi\u00f3 en Alemania, India y en la UNESCO.<\/p>\n\n\n\n<p>La Fuerza Cultural del Pueblo lamenta tan sensible p\u00e9rdida y manifiesta sus sinceras condolencias a los familiares de nuestro gran amigo Jos\u00e9 Rafael P\u00e9rez Concepci\u00f3n.<\/p>\n\n\n\n<p><strong>Marcos DOMINICI B.<\/strong>&nbsp;| Periodista<\/p>\n","protected":false},"excerpt":{"rendered":"<p>Jos\u00e9 Rafael P\u00e9rez Concepci\u00f3n -Chepe-, Santo Domingo, RD.-\u00a0La Fuerza Cultural del Pueblo (FCP), expres\u00f3 su pesar por el fallecimiento del artista pl\u00e1stico Jos\u00e9 Rafael P\u00e9rez Concepci\u00f3n -Chepe-, ocurrido en ciudad Santo Domingo. \u201cNos unimos al dolor que hoy embarga a toda la comunidad art\u00edstica nacional, por el fallecimiento del artista Rafael P\u00e9rez Concepci\u00f3n\u201d, indica un [&hellip;]<\/p>\n","protected":false},"author":28,"featured_media":506339,"comment_status":"closed","ping_status":"","sticky":true,"template":"","format":"standard","meta":{"footnotes":""},"categories":[21,26,27],"tags":[],"class_list":["post-506338","post","type-post","status-publish","format-standard","has-post-thumbnail","hentry","category-cultura","category-efemerides","category-portada"],"_links":{"self":[{"href":"https:\/\/diariodominicano.com\/index.php?rest_route=\/wp\/v2\/posts\/506338","targetHints":{"allow":["GET"]}}],"collection":[{"href":"https:\/\/diariodominicano.com\/index.php?rest_route=\/wp\/v2\/posts"}],"about":[{"href":"https:\/\/diariodominicano.com\/index.php?rest_route=\/wp\/v2\/types\/post"}],"author":[{"embeddable":true,"href":"https:\/\/diariodominicano.com\/index.php?rest_route=\/wp\/v2\/users\/28"}],"replies":[{"embeddable":true,"href":"https:\/\/diariodominicano.com\/index.php?rest_route=%2Fwp%2Fv2%2Fcomments&post=506338"}],"version-history":[{"count":1,"href":"https:\/\/diariodominicano.com\/index.php?rest_route=\/wp\/v2\/posts\/506338\/revisions"}],"predecessor-version":[{"id":506341,"href":"https:\/\/diariodominicano.com\/index.php?rest_route=\/wp\/v2\/posts\/506338\/revisions\/506341"}],"wp:featuredmedia":[{"embeddable":true,"href":"https:\/\/diariodominicano.com\/index.php?rest_route=\/wp\/v2\/media\/506339"}],"wp:attachment":[{"href":"https:\/\/diariodominicano.com\/index.php?rest_route=%2Fwp%2Fv2%2Fmedia&parent=506338"}],"wp:term":[{"taxonomy":"category","embeddable":true,"href":"https:\/\/diariodominicano.com\/index.php?rest_route=%2Fwp%2Fv2%2Fcategories&post=506338"},{"taxonomy":"post_tag","embeddable":true,"href":"https:\/\/diariodominicano.com\/index.php?rest_route=%2Fwp%2Fv2%2Ftags&post=506338"}],"curies":[{"name":"wp","href":"https:\/\/api.w.org\/{rel}","templated":true}]}}