{"id":506332,"date":"2024-02-07T15:33:59","date_gmt":"2024-02-07T19:33:59","guid":{"rendered":"https:\/\/diariodominicano.com\/?p=506332"},"modified":"2024-02-07T15:37:02","modified_gmt":"2024-02-07T19:37:02","slug":"el-pld-confirma-el-fallecimiento-del-joven-pintor-jose-rafael-perez-concepcion-hijo-del-historiador-rafael-perez-modesto-del-cc-del-pld","status":"publish","type":"post","link":"https:\/\/diariodominicano.com\/?p=506332","title":{"rendered":"Fallece el joven pintor\u00a0Jos\u00e9 Rafael P\u00e9rez Concepci\u00f3n,\u00a0hijo del historiador\u00a0Rafael P\u00e9rez Modesto, del CC del PLD"},"content":{"rendered":"\n<p>J<strong>os\u00e9 Rafael P\u00e9rez Concepci\u00f3n<\/strong><\/p>\n\n\n\n<p><strong>El Partido de la Liberaci\u00f3n Dominicana (PLD)<\/strong>\u00a0pasa por la pena de confirmar el fallecimiento del artista pl\u00e1stico\u00a0<strong>Jos\u00e9 Rafael P\u00e9rez Concepci\u00f3n -Chepe-,<\/strong>\u00a0ocurrido en  ciudad de Santo Domingo este mi\u00e9rcoles.<\/p>\n\n\n\n<p><strong>Chepe, hijo de Rafael P\u00e9rez Modesto, historiador, miembro del Comit\u00e9 Central del Partido de la Liberaci\u00f3n Dominicana,<\/strong>&nbsp;fue un artista multidisciplinario en la pl\u00e1stica, destac\u00e1ndose en la pintura, el dibujo y proyectos de curaci\u00f3n de obras.<\/p>\n\n\n\n<p>Su hermana Albania, quien inform\u00f3 de la infausta noticia, adelant\u00f3 que en las pr\u00f3ximas horas se informar\u00e1 de los servicios funerarios y las actividades programadas para celebrar su vida con mucho amor.<\/p>\n\n\n\n<p><strong>Jos\u00e9 Rafael P\u00e9rez Concepci\u00f3n (Chepe)<\/strong>\u00a0estudi\u00f3 Bellas Artes en la ciudad capital, en Estados Unidos e Italia, exponiendo sus obras de manera itinerante y permanente, en ciudades incluidas  Par\u00eds, Berl\u00edn, Londres, Barcelona y Santo Domingo, entre otras.<\/p>\n\n\n\n<p>El artista r en el periodo 2020- 2022, presidi\u00f3 la Asociaci\u00f3n Dominicana de Artistas Visuales.<\/p>\n\n\n\n<p><strong>El Partido de la Liberaci\u00f3n Dominicana<\/strong>\u00a0presenta sus condolencias a Rafael P\u00e9rez Modesto y a todos los familiares del joven artista fallecido, as\u00ed como al sector cultural por tan lamentable p\u00e9rdida. <\/p>\n\n\n\n<p>Que descanse en paz, expres\u00f3 el PLD al comunicar la noticia..\u00a0<\/p>\n\n\n\n<p><strong>SECRETARIA DE COMUNICACIONES<\/strong><strong><\/strong><\/p>\n\n\n\n<p><strong>07 DE FEBRERO, 2024.- &nbsp;&nbsp;<\/strong><strong><\/strong><\/p>\n","protected":false},"excerpt":{"rendered":"<p>Jos\u00e9 Rafael P\u00e9rez Concepci\u00f3n El Partido de la Liberaci\u00f3n Dominicana (PLD)\u00a0pasa por la pena de confirmar el fallecimiento del artista pl\u00e1stico\u00a0Jos\u00e9 Rafael P\u00e9rez Concepci\u00f3n -Chepe-,\u00a0ocurrido en ciudad de Santo Domingo este mi\u00e9rcoles. Chepe, hijo de Rafael P\u00e9rez Modesto, historiador, miembro del Comit\u00e9 Central del Partido de la Liberaci\u00f3n Dominicana,&nbsp;fue un artista multidisciplinario en la pl\u00e1stica, [&hellip;]<\/p>\n","protected":false},"author":28,"featured_media":506333,"comment_status":"closed","ping_status":"","sticky":true,"template":"","format":"standard","meta":{"footnotes":""},"categories":[21,26,27],"tags":[],"class_list":["post-506332","post","type-post","status-publish","format-standard","has-post-thumbnail","hentry","category-cultura","category-efemerides","category-portada"],"_links":{"self":[{"href":"https:\/\/diariodominicano.com\/index.php?rest_route=\/wp\/v2\/posts\/506332","targetHints":{"allow":["GET"]}}],"collection":[{"href":"https:\/\/diariodominicano.com\/index.php?rest_route=\/wp\/v2\/posts"}],"about":[{"href":"https:\/\/diariodominicano.com\/index.php?rest_route=\/wp\/v2\/types\/post"}],"author":[{"embeddable":true,"href":"https:\/\/diariodominicano.com\/index.php?rest_route=\/wp\/v2\/users\/28"}],"replies":[{"embeddable":true,"href":"https:\/\/diariodominicano.com\/index.php?rest_route=%2Fwp%2Fv2%2Fcomments&post=506332"}],"version-history":[{"count":2,"href":"https:\/\/diariodominicano.com\/index.php?rest_route=\/wp\/v2\/posts\/506332\/revisions"}],"predecessor-version":[{"id":506335,"href":"https:\/\/diariodominicano.com\/index.php?rest_route=\/wp\/v2\/posts\/506332\/revisions\/506335"}],"wp:featuredmedia":[{"embeddable":true,"href":"https:\/\/diariodominicano.com\/index.php?rest_route=\/wp\/v2\/media\/506333"}],"wp:attachment":[{"href":"https:\/\/diariodominicano.com\/index.php?rest_route=%2Fwp%2Fv2%2Fmedia&parent=506332"}],"wp:term":[{"taxonomy":"category","embeddable":true,"href":"https:\/\/diariodominicano.com\/index.php?rest_route=%2Fwp%2Fv2%2Fcategories&post=506332"},{"taxonomy":"post_tag","embeddable":true,"href":"https:\/\/diariodominicano.com\/index.php?rest_route=%2Fwp%2Fv2%2Ftags&post=506332"}],"curies":[{"name":"wp","href":"https:\/\/api.w.org\/{rel}","templated":true}]}}