{"id":50629,"date":"2020-08-17T01:22:40","date_gmt":"2020-08-17T01:22:40","guid":{"rendered":"http:\/\/diariodominicano.ddns.net\/?p=50629"},"modified":"2020-08-17T01:22:40","modified_gmt":"2020-08-17T01:22:40","slug":"benito-moncion-jose-cabrera-y-pimentel-atacan-guarniciones-y-patrullas-del-ejercito-espanol-comandado-por-el-general-manuel-buceta","status":"publish","type":"post","link":"https:\/\/diariodominicano.com\/?p=50629","title":{"rendered":"Benito Monci\u00f3n, Jos\u00e9 Cabrera y Pimentel  atacan guarniciones  y patrullas del Ej\u00e9rcito Espa\u00f1ol comandado por el general Manuel Buceta"},"content":{"rendered":"<p><body><\/p>\n<p><img decoding=\"async\" src=\"img3\/guerraRest copia.jpg\" \/>  <\/p>\n<p><strong>Diariodominicano.com<\/strong><\/p>\n<p><strong>La Guerra de la Restauraci\u00f3n: <\/strong><\/p>\n<p><strong>Portada del libro Guerra de la Restauraci\u00f3n del profesor Juan Bosch.<\/strong><\/p>\n<p><strong>El mismo d\u00eda 17 de agosto, las fuerzas del general Pedro Antonio Pimentel destrozaron en el r\u00edo Macab\u00f3n, una columna espa\u00f1ola que se dirig\u00eda de Dajab\u00f3n al municipio de Guayub\u00edn.<\/strong><\/p>\n<p><strong>Por H\u00e9ctor Tineo Nolasco<\/strong><\/p>\n<p><strong>Diariodominicano.com<\/strong><\/p>\n<\/p>\n<p><strong>Benito Monci\u00f3n, Jos\u00e9 Cabrera y Pimentel  atacan guarniciones  y patrullas del Ej\u00e9rcito Espa\u00f1ol<\/strong><\/p>\n<p><strong>SANTIAGO DE LOS CABALLEROS, <\/strong>el 17 de agosto de 1863, en la Guerra de la Restauraci\u00f3n, tropas dominicanas comandadas por los generales Benito Monci\u00f3n, Jos\u00e9 Cabrera y Pedro Antonio Pimentel, iniciaron los ataques contra las guarniciones y patrullas espa\u00f1olas, que comandaba el brigadier  Manuel Buceta.<\/p>\n<p>   El mismo d\u00eda 17 de agosto, las fuerzas del general Pedro Antonio Pimentel destrozaron en el r\u00edo Macab\u00f3n, una columna espa\u00f1ola que se dirig\u00eda de Dajab\u00f3n al municipio de Guayub\u00edn.<\/p>\n<p>    El brigadier  Buceta, era el Gobernador de la Anexi\u00f3n  en Santiago. Cuando se produjo el \u00abGrito de Capotillo\u00bb, el 16 de agosto de 1863, se encontraba en  un recorrido por la l\u00ednea Noroeste y la Frontera, con el prop\u00f3sito de comprobar  la situaci\u00f3n en la zona.<\/p>\n<p>    La Guerra de la Restauraci\u00f3n hab\u00eda comenzado el d\u00eda  16 de agosto del a\u00f1o 1863, y  termin\u00f3 con el rescate de la soberan\u00eda de la Rep\u00fablica Dominicana.<\/p>\n<p>   Un informe militar  da cuenta de que el 16 de agosto los revolucionarios dominicanos aprovecharon que el Gobierno Espa\u00f1ol de la Anexi\u00f3n hab\u00eda dispuesto el desplazamiento de las guarniciones fronterizas,  y el Batall\u00f3n La Corona, con una secci\u00f3n de artiller\u00eda y otra de cazadores, hacia Puerto Plata y Santiago.<\/p>\n<p> El  16 de agosto de 1863, 14 patriotas dominicanos cruzaron la frontera y proclamaron el \u00abGrito de Capotillo\u00bb, en el cerro de Capotillo Espa\u00f1ol y de inmediato izaron la bandera dominicana que hab\u00eda sido  cosida por Huberto Mars\u00e1n.<\/p>\n<p>         Los 14 pr\u00f3ceres del \u00abGrito de Capotillo\u00bb fueron el coronel Santiago Rodr\u00edguez, capit\u00e1n Eugenio Belliard, Segundo Rivas, Alejandro Bueno, Pablo Reyes,  y Juan de la Mata Monci\u00f3n (abanderado). El espa\u00f1ol Jos\u00e9 Angulo (corneta), San M\u00e9zquita, Tom\u00e1s de Aquilino Rodr\u00edguez, Jos\u00e9 Cabrera, Sotero Blan, Benito Monci\u00f3n, Juan de la Cruz Alvarez y un soldado desconocido.<\/p>\n<\/p>\n<p>     Al comentar el acontecimiento, el historiador Jos\u00e9 Gabriel Garc\u00eda destaca el apoyo que recibieron los restauradores en la regi\u00f3n Norte.<\/p>\n<p>      \u00abTodo el Cibao, en fin, estaba en armas, y la bandera del 27 de febrero de 1844, desplegada en Capotillo el 16 de agosto de 1863, por los merodeadores de las fronteras, que como por encanto se hab\u00edan convertido en ej\u00e9rcito revolucionario, iba recuperando, una a una, en marcha triunfal, las astas gloriosas de donde hab\u00eda sido arriada violentamente el 18 de marzo de 1861\u00bb.<\/p>\n<p>      La anexi\u00f3n de Rep\u00fablica Dominicana a Espa\u00f1a hab\u00eda sido proclamada por el Presidente Pedro Santana, en un acto celebrado en la plaza de la Catedral de Santo Domingo, el d\u00eda 18 de marzo de 1861.  <\/p>\n<p>     A pesar de que los dominicanos proclamaron la Restauraci\u00f3n de la Rep\u00fablica el d\u00eda 16 de agosto de 1863,  los espa\u00f1oles se resist\u00edan a salir del pa\u00eds y se concentraron en varios puntos del territorio nacional.<\/p>\n<p>     En un proceso de negociaciones se lleg\u00f3  al acuerdo que produjo la salida de los remanentes del Ej\u00e9rcito Espa\u00f1ol a partir del d\u00eda 10 de julio de 1865, con lo que termin\u00f3 de manera definitiva la Guerra de la Restauraci\u00f3n.<\/p>\n<\/p>\n<h6> 2020-08-17 01:22:40 <\/h6>\n<p><!--\n<link rel=\"stylesheet\" href=\"css\/bootstrap.min.css\">\n\n\n<ul class=\"pagination\">\n\t    \n\t\n\n<li >\n\t<a href='?page_no=314'>Previous<\/a>\n\t<\/li>\n\n\n       \n    \n\n<li><a href='?page_no=1'>1<\/a><\/li>\n\n\n\n<li><a href='?page_no=2'>2<\/a><\/li>\n\n\n\n<li><a>...<\/a><\/li>\n\n\n\n<li><a href='?page_no=313'>313<\/a><\/li>\n\n\n\n<li><a href='?page_no=314'>314<\/a><\/li>\n\n\n\n<li class='active'><a>315<\/a><\/li>\n\n\n\n<li><a href='?page_no=316'>316<\/a><\/li>\n\n\n\n<li><a href='?page_no=317'>317<\/a><\/li>\n\n\n\n<li><a>...<\/a><\/li>\n\n\n\n<li><a href='?page_no=22911'>22911<\/a><\/li>\n\n\n\n<li><a href='?page_no=22912'>22912<\/a><\/li>\n\n    \n\t\n\n<li >\n\t<a href='?page_no=316'>Next<\/a>\n\t<\/li>\n\n\n    \n\n<li><a href='?page_no=22912'>Last &rsaquo;&rsaquo;<\/a><\/li>\n\n<\/ul>\n\n\n--><br \/>\n<\/body><\/p>\n","protected":false},"excerpt":{"rendered":"<p>Diariodominicano.com La Guerra de la Restauraci\u00f3n: Portada del libro Guerra de la Restauraci\u00f3n del profesor Juan Bosch. El mismo d\u00eda 17 de agosto, las fuerzas del general Pedro Antonio Pimentel destrozaron en el r\u00edo Macab\u00f3n, una columna espa\u00f1ola que se dirig\u00eda de Dajab\u00f3n al municipio de Guayub\u00edn. Por H\u00e9ctor Tineo Nolasco Diariodominicano.com Benito Monci\u00f3n, Jos\u00e9 [&hellip;]<\/p>\n","protected":false},"author":3,"featured_media":0,"comment_status":"open","ping_status":"open","sticky":false,"template":"","format":"standard","meta":{"footnotes":""},"categories":[21],"tags":[],"class_list":["post-50629","post","type-post","status-publish","format-standard","hentry","category-cultura"],"_links":{"self":[{"href":"https:\/\/diariodominicano.com\/index.php?rest_route=\/wp\/v2\/posts\/50629","targetHints":{"allow":["GET"]}}],"collection":[{"href":"https:\/\/diariodominicano.com\/index.php?rest_route=\/wp\/v2\/posts"}],"about":[{"href":"https:\/\/diariodominicano.com\/index.php?rest_route=\/wp\/v2\/types\/post"}],"author":[{"embeddable":true,"href":"https:\/\/diariodominicano.com\/index.php?rest_route=\/wp\/v2\/users\/3"}],"replies":[{"embeddable":true,"href":"https:\/\/diariodominicano.com\/index.php?rest_route=%2Fwp%2Fv2%2Fcomments&post=50629"}],"version-history":[{"count":0,"href":"https:\/\/diariodominicano.com\/index.php?rest_route=\/wp\/v2\/posts\/50629\/revisions"}],"wp:attachment":[{"href":"https:\/\/diariodominicano.com\/index.php?rest_route=%2Fwp%2Fv2%2Fmedia&parent=50629"}],"wp:term":[{"taxonomy":"category","embeddable":true,"href":"https:\/\/diariodominicano.com\/index.php?rest_route=%2Fwp%2Fv2%2Fcategories&post=50629"},{"taxonomy":"post_tag","embeddable":true,"href":"https:\/\/diariodominicano.com\/index.php?rest_route=%2Fwp%2Fv2%2Ftags&post=50629"}],"curies":[{"name":"wp","href":"https:\/\/api.w.org\/{rel}","templated":true}]}}