{"id":506232,"date":"2024-02-06T23:46:20","date_gmt":"2024-02-07T03:46:20","guid":{"rendered":"https:\/\/diariodominicano.com\/?p=506232"},"modified":"2024-02-06T23:47:54","modified_gmt":"2024-02-07T03:47:54","slug":"candidatos-y-candidatas-a-la-alcaldia-de-sfm-presentaran-sus-propuestas-de-gestion-municipal","status":"publish","type":"post","link":"https:\/\/diariodominicano.com\/?p=506232","title":{"rendered":"Candidatos y candidatas a la alcald\u00eda de SFM presentar\u00e1n sus propuestas de Gesti\u00f3n Municipal"},"content":{"rendered":"\n<p>La Universidad Cat\u00f3lica Nordestana, el movimiento c\u00edvico Participaci\u00f3n Ciudadana, la Academia de L\u00edderes Cat\u00f3licos y el Consejo Econ\u00f3mico y Social de San Francisco de Macor\u00eds, realizar\u00e1n encuentro con&nbsp;el objetivo de ofrecer a la comunidad, la oportunidad de conocer las propuestas de los candidatos y candidatas a la alcald\u00eda por el municipio de San Francisco de Macor\u00eds.<\/p>\n\n\n\n<p>Los aspirantes alcaldes abordar\u00e1n los temas m\u00e1s relevantes que impactan directamente a la ciudad, presentando propuestas concretas y soluciones efectivas que contribuyan al desarrollo sostenible del municipio.<\/p>\n\n\n\n<p>Los candidatos\/as que estar\u00e1n presentando sus propuestas son, Karilyn Chabebe Lantigua, por los partidos, Revolucionario Dominicano (PRD), de la Liberaci\u00f3n Dominicana (PLD), Fuerza del Pueblo (FP) y dem\u00e1s aliados; Luz de la Cruz Beato, del Partido Esperanza Democr\u00e1tica (PED); Alex D\u00edaz Paulino, por el Partido Revolucionario Moderno (PRM) y aliados; Jacob Hern\u00e1ndez Acosta, del Partido Generaci\u00f3n de Servidores (GENS) y Lidia Then Then, por el Partido Movimiento Patria Para Todos y Todas (MPT).<\/p>\n\n\n\n<p>Durante el encuentro, cada&nbsp;aspirante&nbsp;dispondr\u00e1 de igual tiempo para exponer sus propuestas municipales, adem\u00e1s, firmar\u00e1n un Pacto por la Gobernabilidad y el Desarrollo Integral del Municipio, donde se comprometieron a desarrollar un ejercicio de buen gobierno apegado al mandato de la Constituci\u00f3n y las leyes, as\u00ed como a promover el fortalecimiento y la creaci\u00f3n de herramientas y normas municipales que garanticen la participaci\u00f3n de las organizaciones sociales, de mujeres, hombres y j\u00f3venes en igualdad de condiciones en las instancias de toma de decisiones.<\/p>\n\n\n\n<p>Con este encuentro, las academias y organizaciones de la sociedad civil convocantes, cumplen con el compromiso de la formaci\u00f3n ciudadana y la promoci\u00f3n de valores democr\u00e1ticos.<\/p>\n\n\n\n<p>Los coordinadores del importante evento, invitan a estudiantes, docentes, ciudadanos, partidos pol\u00edticos y al p\u00fablico en general a estar atentos a este ejercicio de la democracia, el cual ser\u00e1 transmitido a trav\u00e9s de Teleoperadora del Nordeste (TELENORD).<\/p>\n\n\n\n<p><strong>La actividad tendr\u00e1 lugar el jueves 8 de febrero, a las 5:00 p.m., en el Teatro Regional del Nordeste, del Campus\u00a0de la Universidad Cat\u00f3lica Nordestana (UCNE).<\/strong><\/p>\n\n\n\n<p>prensa<\/p>\n\n\n\n<p><a target=\"_blank\" href=\"mailto:prensa@pciudadana.org\" rel=\"noreferrer noopener\">prensa@pciudadana.org<\/a><\/p>\n\n\n\n<p>6 de febrero de 2024\/ Departamento de Comunicaciones Participaci\u00f3n Ciudadana.<\/p>\n","protected":false},"excerpt":{"rendered":"<p>La Universidad Cat\u00f3lica Nordestana, el movimiento c\u00edvico Participaci\u00f3n Ciudadana, la Academia de L\u00edderes Cat\u00f3licos y el Consejo Econ\u00f3mico y Social de San Francisco de Macor\u00eds, realizar\u00e1n encuentro con&nbsp;el objetivo de ofrecer a la comunidad, la oportunidad de conocer las propuestas de los candidatos y candidatas a la alcald\u00eda por el municipio de San Francisco de [&hellip;]<\/p>\n","protected":false},"author":28,"featured_media":506233,"comment_status":"closed","ping_status":"","sticky":false,"template":"","format":"standard","meta":{"footnotes":""},"categories":[22],"tags":[],"class_list":["post-506232","post","type-post","status-publish","format-standard","has-post-thumbnail","hentry","category-politica"],"_links":{"self":[{"href":"https:\/\/diariodominicano.com\/index.php?rest_route=\/wp\/v2\/posts\/506232","targetHints":{"allow":["GET"]}}],"collection":[{"href":"https:\/\/diariodominicano.com\/index.php?rest_route=\/wp\/v2\/posts"}],"about":[{"href":"https:\/\/diariodominicano.com\/index.php?rest_route=\/wp\/v2\/types\/post"}],"author":[{"embeddable":true,"href":"https:\/\/diariodominicano.com\/index.php?rest_route=\/wp\/v2\/users\/28"}],"replies":[{"embeddable":true,"href":"https:\/\/diariodominicano.com\/index.php?rest_route=%2Fwp%2Fv2%2Fcomments&post=506232"}],"version-history":[{"count":3,"href":"https:\/\/diariodominicano.com\/index.php?rest_route=\/wp\/v2\/posts\/506232\/revisions"}],"predecessor-version":[{"id":506236,"href":"https:\/\/diariodominicano.com\/index.php?rest_route=\/wp\/v2\/posts\/506232\/revisions\/506236"}],"wp:featuredmedia":[{"embeddable":true,"href":"https:\/\/diariodominicano.com\/index.php?rest_route=\/wp\/v2\/media\/506233"}],"wp:attachment":[{"href":"https:\/\/diariodominicano.com\/index.php?rest_route=%2Fwp%2Fv2%2Fmedia&parent=506232"}],"wp:term":[{"taxonomy":"category","embeddable":true,"href":"https:\/\/diariodominicano.com\/index.php?rest_route=%2Fwp%2Fv2%2Fcategories&post=506232"},{"taxonomy":"post_tag","embeddable":true,"href":"https:\/\/diariodominicano.com\/index.php?rest_route=%2Fwp%2Fv2%2Ftags&post=506232"}],"curies":[{"name":"wp","href":"https:\/\/api.w.org\/{rel}","templated":true}]}}