{"id":506229,"date":"2024-02-06T23:38:37","date_gmt":"2024-02-07T03:38:37","guid":{"rendered":"https:\/\/diariodominicano.com\/?p=506229"},"modified":"2024-02-06T23:38:37","modified_gmt":"2024-02-07T03:38:37","slug":"destituyen-dirigente-prm-ny-como-consul-en-montreal-canada-se-avecinan-remociones-en-ny-y-nj","status":"publish","type":"post","link":"https:\/\/diariodominicano.com\/?p=506229","title":{"rendered":"Destituyen dirigente PRM-NY como c\u00f3nsul en Montreal-Canad\u00e1; se avecinan remociones en NY y NJ"},"content":{"rendered":"\n<p><strong>Por Ram\u00f3n Mercedes<\/strong><\/p>\n\n\n\n<p><strong>NUEVA YORK.-<\/strong>&nbsp;La valiosa y alta dirigente del PRM en este estado, Eusebia Mar\u00eda N\u00fa\u00f1ez Garc\u00eda (Margarita Pichardo), miembro del comit\u00e9 seccional y ex secretaria general, fue destituida por el presidente Luis Abinader como c\u00f3nsul general en Montreal-Canad\u00e1, inform\u00f3 en esta semana una fuente de entero cr\u00e9dito, solicitando reservas de su identidad por temor a ser cancelada.<\/p>\n\n\n\n<p>En su sustituci\u00f3n fue nombrada Guina Marys Serra Encarnaci\u00f3n, esposa del presidente del partido oficial en Santo Domingo Este y ex director del Instituto Postal Dominicano (INPOSDOM), Ad\u00e1n Peguero.<\/p>\n\n\n\n<p>El Decreto 656-23&nbsp;en su art\u00edculo 3 especifica: \u201cSe deroga el art\u00edculo 1-Decreto 368-20, del 11 de noviembre de 2020, que design\u00f3 a N\u00fa\u00f1ez Garc\u00eda, c\u00f3nsul general de la RD en Montreal-Canad\u00e1, dado el 21 de diciembre 2023&#8243;.<\/p>\n\n\n\n<p>El mismo no fue hecho p\u00fablico como se aprecia en la p\u00e1gina de la Presidencia de la Rep\u00fablica (su b\u00fasqueda no produjo resultados).&nbsp;<strong>Ver =&nbsp;<\/strong><a href=\"https:\/\/presidencia.gob.do\/search\/node?keys=decreto+656-23\" rel=\"noreferrer noopener\" target=\"_blank\">https:\/\/presidencia.gob.do\/search\/node?keys=decreto+656-23<\/a><\/p>\n\n\n\n<p>El mandatario tambi\u00e9n destituy\u00f3, mediante el mismo Decreto, a Manuel Antonio Dur\u00e1n Pilarte, como c\u00f3nsul general en Cabo Haitiano. Durante el gobierno de Hip\u00f3lito Mej\u00eda fue c\u00f3nsul en Miami.<\/p>\n\n\n\n<p>En esa misma sede consular en Hait\u00ed labora Jos\u00e9 Peralta Plasencia, actual vicec\u00f3nsul y valorado dirigente perreme\u00edsta en NY. Ambos son personas muy cercanas al ex presidente Mej\u00eda.<\/p>\n\n\n\n<p>Tanto a Garc\u00eda N\u00fa\u00f1ez como a Dur\u00e1n Pilarte el mandatario no les asign\u00f3 nuevas funciones.<\/p>\n\n\n\n<p>La misma fuente manifest\u00f3 que en los pr\u00f3ximos d\u00edas el mandatario dispondr\u00e1 la remoci\u00f3n de varios funcionarios en los consulados de Nueva York y Nueva Jersey.<\/p>\n\n\n\n<p>Otros Decretos tampoco publicados por la Presidencia, expresando solo (Su b\u00fasqueda no produjo resultados): El 75-21&nbsp;<strong>=&nbsp;<\/strong><a href=\"https:\/\/presidencia.gob.do\/search\/node?keys=DECRETO+75-21\" rel=\"noreferrer noopener\" target=\"_blank\">https:\/\/presidencia.gob.do\/search\/node?keys=DECRETO+75-21<\/a>&nbsp;con fecha 11 de febrero 2021, se designa a Neftal\u00ed Fuerte, ex presidente de la seccional-NY, como asesor del Poder Ejecutivo en asuntos relacionados con la di\u00e1spora dominicana.<\/p>\n\n\n\n<p>En el segundo No. 489-20&nbsp;<strong>=<\/strong>&nbsp;<a href=\"https:\/\/presidencia.gob.do\/search\/node?keys=decreto+489-20\" rel=\"noreferrer noopener\" target=\"_blank\">https:\/\/presidencia.gob.do\/search\/node?keys=decreto+489-20<\/a>&nbsp;, de fecha 21 de septiembre 2020, se designa a Edme E. Arnaud Bencosme como c\u00f3nsul general en Toronto, Canad\u00e1, en sustituci\u00f3n de Fiquito V\u00e1squez.&nbsp;<strong>Ver =<\/strong>&nbsp;<a href=\"https:\/\/presidencia.gob.do\/search\/node?keys=decreto+489-20\" rel=\"noreferrer noopener\" target=\"_blank\">https:\/\/presidencia.gob.do\/search\/node?keys=decreto+489-20<\/a><\/p>\n\n\n\n<p>Ella es hermana de Wellington Arnaud, director ejecutivo del Instituto Nacional de Aguas Potables y Alcantarillados (INAPA).&nbsp;<strong>Ver =<\/strong>&nbsp;<a href=\"https:\/\/www.instagram.com\/p\/CF0GMCNjPo_\/\" rel=\"noreferrer noopener\" target=\"_blank\">https:\/\/www.instagram.com\/p\/CF0GMCNjPo_\/<\/a><\/p>\n\n\n\n<p>Estos nombramientos han tra\u00eddo disgustos entre muchos dirigentes de la seccional del partido, que mantienen un estoicismo (dominio de las pasiones 100&#215;100%), que consultan la situaci\u00f3n solo con personas de mucha confianza.<\/p>\n\n\n\n<p>\u201cCanad\u00e1 se encuentra en la Circunscripci\u00f3n 1-USA, y dirigentes perreme\u00edstas de NY y NJ coinciden en manifestar muy calladamente \u201cdesarrollamos amplios trabajos pol\u00edticos en dicho pa\u00eds para enviarnos \u201ccompa\u00f1eros desde fuera\u201d, sentencian.<\/p>\n","protected":false},"excerpt":{"rendered":"<p>Por Ram\u00f3n Mercedes NUEVA YORK.-&nbsp;La valiosa y alta dirigente del PRM en este estado, Eusebia Mar\u00eda N\u00fa\u00f1ez Garc\u00eda (Margarita Pichardo), miembro del comit\u00e9 seccional y ex secretaria general, fue destituida por el presidente Luis Abinader como c\u00f3nsul general en Montreal-Canad\u00e1, inform\u00f3 en esta semana una fuente de entero cr\u00e9dito, solicitando reservas de su identidad por [&hellip;]<\/p>\n","protected":false},"author":28,"featured_media":506230,"comment_status":"closed","ping_status":"","sticky":true,"template":"","format":"standard","meta":{"footnotes":""},"categories":[20,22,27],"tags":[],"class_list":["post-506229","post","type-post","status-publish","format-standard","has-post-thumbnail","hentry","category-dominicana-hoy","category-politica","category-portada"],"_links":{"self":[{"href":"https:\/\/diariodominicano.com\/index.php?rest_route=\/wp\/v2\/posts\/506229","targetHints":{"allow":["GET"]}}],"collection":[{"href":"https:\/\/diariodominicano.com\/index.php?rest_route=\/wp\/v2\/posts"}],"about":[{"href":"https:\/\/diariodominicano.com\/index.php?rest_route=\/wp\/v2\/types\/post"}],"author":[{"embeddable":true,"href":"https:\/\/diariodominicano.com\/index.php?rest_route=\/wp\/v2\/users\/28"}],"replies":[{"embeddable":true,"href":"https:\/\/diariodominicano.com\/index.php?rest_route=%2Fwp%2Fv2%2Fcomments&post=506229"}],"version-history":[{"count":1,"href":"https:\/\/diariodominicano.com\/index.php?rest_route=\/wp\/v2\/posts\/506229\/revisions"}],"predecessor-version":[{"id":506231,"href":"https:\/\/diariodominicano.com\/index.php?rest_route=\/wp\/v2\/posts\/506229\/revisions\/506231"}],"wp:featuredmedia":[{"embeddable":true,"href":"https:\/\/diariodominicano.com\/index.php?rest_route=\/wp\/v2\/media\/506230"}],"wp:attachment":[{"href":"https:\/\/diariodominicano.com\/index.php?rest_route=%2Fwp%2Fv2%2Fmedia&parent=506229"}],"wp:term":[{"taxonomy":"category","embeddable":true,"href":"https:\/\/diariodominicano.com\/index.php?rest_route=%2Fwp%2Fv2%2Fcategories&post=506229"},{"taxonomy":"post_tag","embeddable":true,"href":"https:\/\/diariodominicano.com\/index.php?rest_route=%2Fwp%2Fv2%2Ftags&post=506229"}],"curies":[{"name":"wp","href":"https:\/\/api.w.org\/{rel}","templated":true}]}}