{"id":50618,"date":"2020-08-17T16:22:03","date_gmt":"2020-08-17T16:22:03","guid":{"rendered":"http:\/\/diariodominicano.ddns.net\/?p=50618"},"modified":"2020-08-17T16:22:03","modified_gmt":"2020-08-17T16:22:03","slug":"amiga-de-ana-frank-y-sobreviviente-de-holocausto-dedica-su-vida-a-honrar-a-victimas","status":"publish","type":"post","link":"https:\/\/diariodominicano.com\/?p=50618","title":{"rendered":"Amiga de Ana Frank y sobreviviente de Holocausto dedica su vida a honrar a v\u00edctimas"},"content":{"rendered":"<p><body><\/p>\n<p><img decoding=\"async\" src=\"img3\/diarioAnaFrank17-8-20.jpg\" \/>  <\/p>\n<p><strong><span class=\"text1noticias\">Por Pablo Giuliano<\/span><\/strong><\/p>\n<p><strong><span class=\"text1noticias\"> <\/span><\/strong><\/p>\n<p><strong><span class=\"text1noticias\">SAO PAULO, 16 ago (Xinhua) &#8212;<\/span><\/strong><span class=\"text1noticias\"> Nanette Blitz Konig tiene 91 a\u00f1os, es una sobreviviente del Holocausto, logr\u00f3 salir agonizante de un campo de concentraci\u00f3n y fue la \u00faltima persona que vio con vida a Ana Frank, la ic\u00f3nica adolescente que fue asesinada luego de registrar en su famoso \u00abDiario\u00bb c\u00f3mo era soportar la opresi\u00f3n de la ocupaci\u00f3n nazi en un \u00e1tico, escondida, en los Pa\u00edses Bajos.<\/span><\/p>\n<p><span class=\"text1noticias\"> <\/span><\/p>\n<p><span class=\"text1noticias\">Desde 1953, la neerlandesa vive en Sao Paulo, Brasil, adonde emigr\u00f3 para construir su vida despu\u00e9s de haber sido una de las victimas del nazismo y de la Segunda Guerra Mundial.<\/span><\/p>\n<p><span class=\"text1noticias\"> <\/span><\/p>\n<p><span class=\"text1noticias\">Nanette escribi\u00f3 en los \u00faltimos 10 a\u00f1os un libro de memorias, y se dedic\u00f3 a contar la historia de los campos de concentraci\u00f3n organizados por el nazismo, por los 1,5 millones de ni\u00f1os y adolescentes all\u00ed fallecidos antes y durante la II Guerra Mundial.<\/span><\/p>\n<p><span class=\"text1noticias\"> <\/span><\/p>\n<p><span class=\"text1noticias\">Seg\u00fan ella, que fue obligada a ir al Liceo Jud\u00edo de Amsterdam que hab\u00eda impuesto la ocupaci\u00f3n nazi de Holanda para las personas de esa religi\u00f3n, y que por ser una prisionera dej\u00f3 la educaci\u00f3n formal a los 14 a\u00f1os, lo m\u00e1s importante de un pa\u00eds es la educaci\u00f3n.<\/span><\/p>\n<p><span class=\"text1noticias\"> <\/span><\/p>\n<p><span class=\"text1noticias\">\u00abAprovechen la educaci\u00f3n. Aprovechen al m\u00e1ximo la oportunidad de tener una educaci\u00f3n. Yo no la tuve\u00bb, es su mensaje a los ni\u00f1os en las conferencias que ofrece en escuelas y centros culturales.<\/span><\/p>\n<p><span class=\"text1noticias\"> <\/span><\/p>\n<p><span class=\"text1noticias\">Cuando antes de la pandemia daba sus charlas y conferencias para presentar su libro \u00abYo sobreviv\u00ed al Holocausto\u00bb, se repet\u00eda una escena t\u00edpica de una celebridad, como la cantante pop Anitta o el futbolista Neymar: los alumnos se sacaban fotos con ella y le ped\u00edan que les firmara el \u00abDiario de Ana Frank\u00bb.   <\/span><\/p>\n<p><span class=\"text1noticias\"> <\/span><\/p>\n<p><span class=\"text1noticias\">Seg\u00fan cont\u00f3 a Xinhua, la educaci\u00f3n formal de Nanette se cort\u00f3 a los 15 a\u00f1os, cuando fue llevada prisionera por los nazis. Y eso es lo que les recuerda a los ni\u00f1os y adolescentes de Brasil. \u00abLa educaci\u00f3n que tienen deber ser vista como una oportunidad\u00bb, coment\u00f3.<\/span><\/p>\n<p><span class=\"text1noticias\"> <\/span><\/p>\n<p><span class=\"text1noticias\">Ella fue compa\u00f1era de Ana Frank en el Liceo Jud\u00edo de Amsterdam, y estuvo en el cumplea\u00f1os n\u00famero 14 de su amiga, que se torn\u00f3 c\u00e9lebre por escribir su diario en el \u00e1tico secreto de su casa al borde de uno de los canales de la capital holandesa.<\/span><\/p>\n<p><span class=\"text1noticias\"> <\/span><\/p>\n<p><span class=\"text1noticias\">Los jud\u00edos que eran relegados por la invasi\u00f3n nazi, finalmente fueron llevados a campos de concentraci\u00f3n  de 1943 a 1944. En febrero de 1944, luego de perder a sus padres y hermanos, Nannete vio a Ana Frank invadida por los piojos, \u00abflaca como un esqueleto\u00bb, en el campo de concentraci\u00f3n de Bergen Belsen, Alemania.<\/span><\/p>\n<p><span class=\"text1noticias\"> <\/span><\/p>\n<p><span class=\"text1noticias\">Fue la \u00faltima vez que vio con vida a la autora del \u00abDiario de Ana Frank\u00bb, quien tambi\u00e9n hab\u00eda pasado por el campo de concentraci\u00f3n de Auschwitz.   <\/span><\/p>\n<p><span class=\"text1noticias\"> <\/span><\/p>\n<p><span class=\"text1noticias\">\u00abYo sobreviv\u00ed porque creo ya ni ten\u00edan lugar para guardar los cuerpos, y mi misi\u00f3n fue denunciar la tragedia que ocurri\u00f3\u00bb, cont\u00f3 antes de la pandemia a Xinhua Nannete, quien actualmente se encuentra recluida en su casa de la zona central de Sao Paulo con algunos problemas de salud al lado de su marido, el h\u00fangaro-ingl\u00e9s John  Konig.<\/span><\/p>\n<p><span class=\"text1noticias\"> <\/span><\/p>\n<p><span class=\"text1noticias\">En 1945, con la liberaci\u00f3n de Berl\u00edn con la entrada del Ej\u00e9rcito Rojo, tambi\u00e9n cay\u00f3 la ocupaci\u00f3n nazi de Holanda. Nannete fue encontrada moribunda en Bergen Belsen por soldados brit\u00e1nicos.<\/span><\/p>\n<p><span class=\"text1noticias\"> <\/span><\/p>\n<p><span class=\"text1noticias\">Estuvo casi tres a\u00f1os internada, sin m\u00e1s familia que unos parientes lejanos que pudo contactar en Londres. \u00abCasi me vuelvo loca, pero luchaba contra eso porque nadie querr\u00eda adoptar a una sobreviviente loca\u00bb, record\u00f3.<\/span><\/p>\n<p><span class=\"text1noticias\"> <\/span><\/p>\n<p><span class=\"text1noticias\">Ya en Londres, Nanette Blitz conoci\u00f3 a John Konig, emprendedor h\u00fangaro-ingl\u00e9s tambi\u00e9n hu\u00e9rfano, quien ten\u00eda parientes en Brasil.<\/span><\/p>\n<p><span class=\"text1noticias\"> <\/span><\/p>\n<p><span class=\"text1noticias\">\u00abHab\u00eda que buscar una nueva vida y la buscamos\u00bb, dijo la sobreviviente.<\/span><\/p>\n<p><span class=\"text1noticias\"> <\/span><\/p>\n<p><span class=\"text1noticias\">En 1953 se cas\u00f3 y se estableci\u00f3 en Sao Paulo, Brasil. Nanette tuvo en Brasil 3 hijos, 5 nietos y 4 bisnietos.<\/span><\/p>\n<p><span class=\"text1noticias\"> <\/span><\/p>\n<p><span class=\"text1noticias\">Su legado principal, dijo, fue su memoria para poder llegar a contar a las nuevas generaciones los horrores de la II Guerra Mundial. Y con ell<\/span>o evitar repetirlos.<\/p>\n<\/p>\n<p><span class=\"text1noticias\">Fuente: Vista de una transcripci\u00f3n del diario de Ana Frank ubicado sobre una r\u00e9plica de su escritorio en una recreaci\u00f3n de la casa donde se aloj\u00f3 Ana Frank y su familia, en el \u00abCentro Ana Frank Argentina\u00bb, en Buenos Aires, capital de Argentina, el 12 de junio de 2019. (Xinhua\/Mart\u00edn Zabala)<\/span><\/p>\n<h6> 2020-08-17 16:22:03 <\/h6>\n<p><!--\n<link rel=\"stylesheet\" href=\"css\/bootstrap.min.css\">\n\n\n<ul class=\"pagination\">\n\t    \n\t\n\n<li >\n\t<a href='?page_no=313'>Previous<\/a>\n\t<\/li>\n\n\n       \n    \n\n<li><a href='?page_no=1'>1<\/a><\/li>\n\n\n\n<li><a href='?page_no=2'>2<\/a><\/li>\n\n\n\n<li><a>...<\/a><\/li>\n\n\n\n<li><a href='?page_no=312'>312<\/a><\/li>\n\n\n\n<li><a href='?page_no=313'>313<\/a><\/li>\n\n\n\n<li class='active'><a>314<\/a><\/li>\n\n\n\n<li><a href='?page_no=315'>315<\/a><\/li>\n\n\n\n<li><a href='?page_no=316'>316<\/a><\/li>\n\n\n\n<li><a>...<\/a><\/li>\n\n\n\n<li><a href='?page_no=22911'>22911<\/a><\/li>\n\n\n\n<li><a href='?page_no=22912'>22912<\/a><\/li>\n\n    \n\t\n\n<li >\n\t<a href='?page_no=315'>Next<\/a>\n\t<\/li>\n\n\n    \n\n<li><a href='?page_no=22912'>Last &rsaquo;&rsaquo;<\/a><\/li>\n\n<\/ul>\n\n\n--><br \/>\n<\/body><\/p>\n","protected":false},"excerpt":{"rendered":"<p>Por Pablo Giuliano SAO PAULO, 16 ago (Xinhua) &#8212; Nanette Blitz Konig tiene 91 a\u00f1os, es una sobreviviente del Holocausto, logr\u00f3 salir agonizante de un campo de concentraci\u00f3n y fue la \u00faltima persona que vio con vida a Ana Frank, la ic\u00f3nica adolescente que fue asesinada luego de registrar en su famoso \u00abDiario\u00bb c\u00f3mo era [&hellip;]<\/p>\n","protected":false},"author":3,"featured_media":0,"comment_status":"open","ping_status":"open","sticky":false,"template":"","format":"standard","meta":{"footnotes":""},"categories":[21],"tags":[],"class_list":["post-50618","post","type-post","status-publish","format-standard","hentry","category-cultura"],"_links":{"self":[{"href":"https:\/\/diariodominicano.com\/index.php?rest_route=\/wp\/v2\/posts\/50618","targetHints":{"allow":["GET"]}}],"collection":[{"href":"https:\/\/diariodominicano.com\/index.php?rest_route=\/wp\/v2\/posts"}],"about":[{"href":"https:\/\/diariodominicano.com\/index.php?rest_route=\/wp\/v2\/types\/post"}],"author":[{"embeddable":true,"href":"https:\/\/diariodominicano.com\/index.php?rest_route=\/wp\/v2\/users\/3"}],"replies":[{"embeddable":true,"href":"https:\/\/diariodominicano.com\/index.php?rest_route=%2Fwp%2Fv2%2Fcomments&post=50618"}],"version-history":[{"count":0,"href":"https:\/\/diariodominicano.com\/index.php?rest_route=\/wp\/v2\/posts\/50618\/revisions"}],"wp:attachment":[{"href":"https:\/\/diariodominicano.com\/index.php?rest_route=%2Fwp%2Fv2%2Fmedia&parent=50618"}],"wp:term":[{"taxonomy":"category","embeddable":true,"href":"https:\/\/diariodominicano.com\/index.php?rest_route=%2Fwp%2Fv2%2Fcategories&post=50618"},{"taxonomy":"post_tag","embeddable":true,"href":"https:\/\/diariodominicano.com\/index.php?rest_route=%2Fwp%2Fv2%2Ftags&post=50618"}],"curies":[{"name":"wp","href":"https:\/\/api.w.org\/{rel}","templated":true}]}}