{"id":506143,"date":"2024-02-06T13:39:39","date_gmt":"2024-02-06T17:39:39","guid":{"rendered":"https:\/\/diariodominicano.com\/?p=506143"},"modified":"2024-02-06T13:40:24","modified_gmt":"2024-02-06T17:40:24","slug":"pld-orienta-a-delegados-y-suplentes-de-los-detalles-alrededor-de-los-recintos-y-colegios-electorales-para-las-elecciones-del-dia-18","status":"publish","type":"post","link":"https:\/\/diariodominicano.com\/?p=506143","title":{"rendered":"PLD\u00a0Orienta a delegados y suplentes de los detalles alrededor de los recintos y colegios electorales para las elecciones del d\u00eda 18"},"content":{"rendered":"\n<p><strong>La direcci\u00f3n del Partido de la Liberaci\u00f3n Dominicana (PLD)<\/strong>\u00a0se reuni\u00f3 con los dirigentes de esa organizaci\u00f3n quienes desempe\u00f1an el papel de Enlace en las provincias y circunscripciones electorales, ultimando los detalles con miras a las elecciones municipales del domingo 18 de febrero.<\/p>\n\n\n\n<figure class=\"wp-block-image size-large\"><img loading=\"lazy\" decoding=\"async\" width=\"1024\" height=\"576\" src=\"https:\/\/diariodominicano.com\/wp-content\/uploads\/2024\/02\/ReunEnlc-7-1024x576.jpeg\" alt=\"\" class=\"wp-image-506146\" srcset=\"https:\/\/diariodominicano.com\/wp-content\/uploads\/2024\/02\/ReunEnlc-7-1024x576.jpeg 1024w, https:\/\/diariodominicano.com\/wp-content\/uploads\/2024\/02\/ReunEnlc-7-300x169.jpeg 300w, https:\/\/diariodominicano.com\/wp-content\/uploads\/2024\/02\/ReunEnlc-7-768x432.jpeg 768w, https:\/\/diariodominicano.com\/wp-content\/uploads\/2024\/02\/ReunEnlc-7-816x459.jpeg 816w, https:\/\/diariodominicano.com\/wp-content\/uploads\/2024\/02\/ReunEnlc-7.jpeg 1280w\" sizes=\"auto, (max-width: 1024px) 100vw, 1024px\" \/><\/figure>\n\n\n\n<p><\/p>\n\n\n\n<p>En el encuentro se hizo un inventario de los delegados y delegadas de la organizaci\u00f3n en los Colegios Electorales y los aspectos a tomar en consideraci\u00f3n para la representaci\u00f3n del PLD en los recintos electorales.<\/p>\n\n\n\n<p>Mediante instructivo escrito el PLD define el papel que jugar\u00e1n sus dirigentes en los recintos que sirven de soporte a los delegados y suplentes y de orientaci\u00f3n a los electores.<\/p>\n\n\n\n<p>Los propios delegados y delegadas tambi\u00e9n se rigen por las instrucciones dadas por la Secretar\u00eda de Asuntos Electorales en las jornadas de capacitaci\u00f3n realizadas en todas las demarcaciones del pa\u00eds.<\/p>\n\n\n\n<p>Se instruy\u00f3 a los Enlaces para que preparen a los delegados t\u00e9cnicos del PLD en los recintos para supervisar la llegada de los equipos de la Junta Central Electoral a esos recintos programada para el s\u00e1bado 17 de febrero.<\/p>\n\n\n\n<p>El trabajo asignado a delegados, suplentes y dirigentes del PLD va de la mano del sistema Rescate 24, Sistema Integral de Gesti\u00f3n Electoral impulsado por la secretar\u00eda de Asuntos Electorales.<\/p>\n\n\n\n<p><strong>SECRETARIA DE COMUNICACIONES<\/strong><strong><\/strong><\/p>\n\n\n\n<p><strong>06 DE FEBRERO, 2024.-<\/strong><strong><\/strong><\/p>\n","protected":false},"excerpt":{"rendered":"<p>La direcci\u00f3n del Partido de la Liberaci\u00f3n Dominicana (PLD)\u00a0se reuni\u00f3 con los dirigentes de esa organizaci\u00f3n quienes desempe\u00f1an el papel de Enlace en las provincias y circunscripciones electorales, ultimando los detalles con miras a las elecciones municipales del domingo 18 de febrero. En el encuentro se hizo un inventario de los delegados y delegadas de [&hellip;]<\/p>\n","protected":false},"author":28,"featured_media":506144,"comment_status":"closed","ping_status":"","sticky":true,"template":"","format":"standard","meta":{"footnotes":""},"categories":[22,27],"tags":[],"class_list":["post-506143","post","type-post","status-publish","format-standard","has-post-thumbnail","hentry","category-politica","category-portada"],"_links":{"self":[{"href":"https:\/\/diariodominicano.com\/index.php?rest_route=\/wp\/v2\/posts\/506143","targetHints":{"allow":["GET"]}}],"collection":[{"href":"https:\/\/diariodominicano.com\/index.php?rest_route=\/wp\/v2\/posts"}],"about":[{"href":"https:\/\/diariodominicano.com\/index.php?rest_route=\/wp\/v2\/types\/post"}],"author":[{"embeddable":true,"href":"https:\/\/diariodominicano.com\/index.php?rest_route=\/wp\/v2\/users\/28"}],"replies":[{"embeddable":true,"href":"https:\/\/diariodominicano.com\/index.php?rest_route=%2Fwp%2Fv2%2Fcomments&post=506143"}],"version-history":[{"count":2,"href":"https:\/\/diariodominicano.com\/index.php?rest_route=\/wp\/v2\/posts\/506143\/revisions"}],"predecessor-version":[{"id":506147,"href":"https:\/\/diariodominicano.com\/index.php?rest_route=\/wp\/v2\/posts\/506143\/revisions\/506147"}],"wp:featuredmedia":[{"embeddable":true,"href":"https:\/\/diariodominicano.com\/index.php?rest_route=\/wp\/v2\/media\/506144"}],"wp:attachment":[{"href":"https:\/\/diariodominicano.com\/index.php?rest_route=%2Fwp%2Fv2%2Fmedia&parent=506143"}],"wp:term":[{"taxonomy":"category","embeddable":true,"href":"https:\/\/diariodominicano.com\/index.php?rest_route=%2Fwp%2Fv2%2Fcategories&post=506143"},{"taxonomy":"post_tag","embeddable":true,"href":"https:\/\/diariodominicano.com\/index.php?rest_route=%2Fwp%2Fv2%2Ftags&post=506143"}],"curies":[{"name":"wp","href":"https:\/\/api.w.org\/{rel}","templated":true}]}}