{"id":506128,"date":"2024-02-06T13:15:02","date_gmt":"2024-02-06T17:15:02","guid":{"rendered":"https:\/\/diariodominicano.com\/?p=506128"},"modified":"2024-02-06T13:17:50","modified_gmt":"2024-02-06T17:17:50","slug":"trump-quiere-un-debate-con-biden-en-la-campana-presidencial-de-2024","status":"publish","type":"post","link":"https:\/\/diariodominicano.com\/?p=506128","title":{"rendered":"Trump quiere un debate con Biden en la campa\u00f1a presidencial de 2024"},"content":{"rendered":"\n<p>El presidente estadounidense Joe Biden y el exmandatario Donald Trump se podr\u00edan volver a enfrentar en las elecciones generales de noviembre.<\/p>\n\n\n\n<p>febrero 06, 2024<\/p>\n\n\n\n<ul class=\"wp-block-list\">\n<li><a href=\"https:\/\/www.vozdeamerica.com\/author\/reuters\/riv_i\">Reuters<\/a><\/li>\n<\/ul>\n\n\n\n<hr class=\"wp-block-separator has-alpha-channel-opacity\"\/>\n\n\n\n<p>Compartir<\/p>\n\n\n\n<ul class=\"wp-block-list\">\n<li><a href=\"https:\/\/facebook.com\/sharer.php?u=https%3a%2f%2fwww.vozdeamerica.com%2fa%2ftrump-quiere-un-debate-con-biden-en-la-campania-presidencial-de-2024%2f7472795.html\" target=\"_blank\" rel=\"noreferrer noopener\"><\/a><\/li>\n\n\n\n<li><a href=\"https:\/\/twitter.com\/share?url=https%3a%2f%2fwww.vozdeamerica.com%2fa%2ftrump-quiere-un-debate-con-biden-en-la-campania-presidencial-de-2024%2f7472795.html&amp;text=Trump+quiere+un+debate+con+Biden+en+la+campa%c3%b1a+presidencial+de+2024\" target=\"_blank\" rel=\"noreferrer noopener\"><\/a><\/li>\n\n\n\n<li><\/li>\n\n\n\n<li><a href=\"mailto:?body=https%3a%2f%2fwww.vozdeamerica.com%2fa%2ftrump-quiere-un-debate-con-biden-en-la-campania-presidencial-de-2024%2f7472795.html&amp;subject=Trump%20quiere%20un%20debate%20con%20Biden%20en%20la%20campa%C3%B1a%20presidencial%20de%202024\"><\/a><\/li>\n<\/ul>\n\n\n\n<p><a href=\"https:\/\/www.vozdeamerica.com\/a\/trump-quiere-un-debate-con-biden-en-la-campania-presidencial-de-2024\/7472795.html#comments\">&nbsp;Vea comentarios<\/a><\/p>\n\n\n\n<p>&nbsp;Print<\/p>\n\n\n\n<p>El expresidente de Estados Unidos, Donald Trump, dijo que quiere sostener un debate electoral de inmediato con el mandatario Joe Biden. Ambos a\u00fan est\u00e1n tratando de conseguir ser nominados como candidatos de los republicanos y los dem\u00f3cratas, respectivamente.<\/p>\n\n\n\n<p>El expresidente estadounidense Donald Trump, quien se ha negado a presentarse en m\u00edtines junto a sus rivales por la nominaci\u00f3n republicana, dijo el lunes que quer\u00eda sostener de inmediato un debate electoral con el mandatario Joe Biden.<\/p>\n\n\n\n<p>\u00abMe gustar\u00eda debatir con \u00e9l ahora. Deber\u00edamos debatir por el bien del pa\u00eds\u00bb, dijo Trump en un programa de radio conducido por el comentarista conservador Dan Bongino.<\/p>\n\n\n\n<p>Al ser preguntado por los periodistas durante un viaje a Las Vegas el lunes sobre la petici\u00f3n de Trump de un debate, Biden, un dem\u00f3crata, dijo: \u00abSi yo fuera \u00e9l, tambi\u00e9n querr\u00eda debatir conmigo. No tiene nada que hacer\u00bb.<\/p>\n\n\n\n<p>Pese a ser el favorito en la carrera republicana para enfrentarse a Biden en las elecciones del 5 de noviembre, Trump a\u00fan tiene que asegurar la nominaci\u00f3n y ha rechazado la petici\u00f3n de su&nbsp;<strong><em><a href=\"https:\/\/www.vozdeamerica.com\/a\/quien-es-nikki-haley-la-candidata-republicana-a-la-presidencia-de-eeuu-en-2024-\/7451584.html\" target=\"_blank\" rel=\"noreferrer noopener\">rival republicana, Nikki Haley<\/a><\/em><\/strong>, de entablar un debate.<\/p>\n\n\n\n<p>Los comentarios de Trump reflejan su deseo de centrarse en un probable enfrentamiento electoral con Biden, que el s\u00e1bado&nbsp;<strong><em><a href=\"https:\/\/www.vozdeamerica.com\/a\/biden-gana-eleccion-primaria-partido-democrata-carolina-del-sur\/7470265.html\" target=\"_blank\" rel=\"noreferrer noopener\">gan\u00f3 las primarias dem\u00f3cratas de Carolina del Sur<\/a><\/em><\/strong>&nbsp;y se espera que obtenga la nominaci\u00f3n de su partido.<\/p>\n\n\n\n<p>Haley, exgobernadora de Carolina del Sur y embajadora de Estados Unidos ante las Naciones Unidas bajo el mandato de Trump, ocupa un distante segundo lugar tras Trump en las encuestas de opini\u00f3n, pero ha prometido seguir disput\u00e1ndole la nominaci\u00f3n.<\/p>\n\n\n\n<p>Trump y Biden debatieron dos veces durante la contienda de 2020. Un tercer debate fue cancelado despu\u00e9s de que Trump diera positivo a COVID-19 y declinara participar en un evento virtual.<\/p>\n","protected":false},"excerpt":{"rendered":"<p>El presidente estadounidense Joe Biden y el exmandatario Donald Trump se podr\u00edan volver a enfrentar en las elecciones generales de noviembre. febrero 06, 2024 Compartir &nbsp;Vea comentarios &nbsp;Print El expresidente de Estados Unidos, Donald Trump, dijo que quiere sostener un debate electoral de inmediato con el mandatario Joe Biden. Ambos a\u00fan est\u00e1n tratando de conseguir [&hellip;]<\/p>\n","protected":false},"author":28,"featured_media":506129,"comment_status":"closed","ping_status":"","sticky":false,"template":"","format":"standard","meta":{"footnotes":""},"categories":[36,23,22],"tags":[],"class_list":["post-506128","post","type-post","status-publish","format-standard","has-post-thumbnail","hentry","category-hombresmujeresycosas","category-internacional","category-politica"],"_links":{"self":[{"href":"https:\/\/diariodominicano.com\/index.php?rest_route=\/wp\/v2\/posts\/506128","targetHints":{"allow":["GET"]}}],"collection":[{"href":"https:\/\/diariodominicano.com\/index.php?rest_route=\/wp\/v2\/posts"}],"about":[{"href":"https:\/\/diariodominicano.com\/index.php?rest_route=\/wp\/v2\/types\/post"}],"author":[{"embeddable":true,"href":"https:\/\/diariodominicano.com\/index.php?rest_route=\/wp\/v2\/users\/28"}],"replies":[{"embeddable":true,"href":"https:\/\/diariodominicano.com\/index.php?rest_route=%2Fwp%2Fv2%2Fcomments&post=506128"}],"version-history":[{"count":2,"href":"https:\/\/diariodominicano.com\/index.php?rest_route=\/wp\/v2\/posts\/506128\/revisions"}],"predecessor-version":[{"id":506131,"href":"https:\/\/diariodominicano.com\/index.php?rest_route=\/wp\/v2\/posts\/506128\/revisions\/506131"}],"wp:featuredmedia":[{"embeddable":true,"href":"https:\/\/diariodominicano.com\/index.php?rest_route=\/wp\/v2\/media\/506129"}],"wp:attachment":[{"href":"https:\/\/diariodominicano.com\/index.php?rest_route=%2Fwp%2Fv2%2Fmedia&parent=506128"}],"wp:term":[{"taxonomy":"category","embeddable":true,"href":"https:\/\/diariodominicano.com\/index.php?rest_route=%2Fwp%2Fv2%2Fcategories&post=506128"},{"taxonomy":"post_tag","embeddable":true,"href":"https:\/\/diariodominicano.com\/index.php?rest_route=%2Fwp%2Fv2%2Ftags&post=506128"}],"curies":[{"name":"wp","href":"https:\/\/api.w.org\/{rel}","templated":true}]}}