{"id":506035,"date":"2024-02-06T01:19:59","date_gmt":"2024-02-06T05:19:59","guid":{"rendered":"https:\/\/diariodominicano.com\/?p=506035"},"modified":"2024-02-06T01:22:24","modified_gmt":"2024-02-06T05:22:24","slug":"revelan-detalles-de-la-vida-de-caamano-en-cuba","status":"publish","type":"post","link":"https:\/\/diariodominicano.com\/?p=506035","title":{"rendered":"Revelan detalles de la vida de Caama\u00f1o en Cuba"},"content":{"rendered":"\n<p>Julio Veras Delgadillo<\/p>\n\n\n\n<p>&nbsp;Al cumplirse el 51 aniversario del desembarco de playa Caracoles, operaci\u00f3n liderada por el Francisco Caama\u00f1o que tuvo lugar la noche del 2 de febrero de 1973, el ex militante de izquierda<\/p>\n\n\n\n<p>Julio Veras Delgadillo, quien estuvo&nbsp;entren\u00e1ndose&nbsp;con \u00e9l en Cuba recuerda algunos acontecimientos.<\/p>\n\n\n\n<p>Delgadillo manifiesta con nostalgia cuando un hombre barbudo fue a buscarlo a la casa de seguridad de La Habana, donde \u00e9l se encontraba hospedado, para llevarlo a las monta\u00f1as de Pinar del R\u00edo.<\/p>\n\n\n\n<p>A partir de ese momento, recuerda Delgadillo, recibi\u00f3 entrenamiento militar en guerra de guerrillas durante varios a\u00f1os, con el objetivo de desembarcar en las costas dominicanas junto al coronel Caama\u00f1o.<\/p>\n\n\n\n<p>Afirma que no acompa\u00f1\u00f3 a Caama\u00f1o en el desembarco de playa Caracoles, porque \u00e9l formaba parte de un grupo de combatientes dominicanos que Caama\u00f1o expuls\u00f3 de la organizaci\u00f3n guerrillera semanas antes de salir de Cuba. Acus\u00e1ndolos de insubordinaci\u00f3n, indisciplina e irrespeto a su autoridad.<\/p>\n\n\n\n<p>&nbsp;\u201cCon todo el respeto que se merece, porque es un h\u00e9roe nacional, pero Caama\u00f1o se llevaba mucho de los chismes que le dec\u00edan\u201d, Delgadillo estas y muchas otras revelaciones sobre el comportamiento.<\/p>\n\n\n\n<p>Con 75 a\u00f1os, Veras Delgadillo vive en un campo de Cibao, al pie de una monta\u00f1a donde atiente su peque\u00f1o conuco y un modesto negocito. Hizo una pausa en sus actividades cotidianas para pasar revista a sus a\u00f1os en Cuba y ofrecer nuevos datos sobre la participaci\u00f3n que tuvieron el proyecto guerrillero de Caama\u00f1o personas como Billo G\u00f3mez Suard\u00ed, Melvin Ma\u00f1\u00f3n, Marcos Santana, Wellington Ascanio Peterson &nbsp;y Catalino de La Cruz-\u201cChuch\u00fa\u201d-, entre otros.<\/p>\n\n\n\n<p>&nbsp;Las afirmaciones de Delgadillo son parte de un extenso testimonio sobre su vida en Cuba publicado recientemente en el Podcast \u201cDi\u00e1logo para la Historia\u201d, dentro del canal de YouTube Videocine Palau. El canal oficial de Ren\u00e9 Fortunato en esa plataforma. <\/p>\n\n\n\n<p>(<a href=\"https:\/\/youtu.be\/msD4NFzEfAE?si=w6qyfda-LFS-mzy8\" target=\"_blank\" rel=\"noreferrer noopener\">https:\/\/youtu.be\/msD4NFzEfAE?si=w6qyfda-LFS-mzy8<\/a>&nbsp;)<\/p>\n\n\n\n<figure class=\"wp-block-embed is-type-video is-provider-youtube wp-block-embed-youtube wp-embed-aspect-16-9 wp-has-aspect-ratio\"><div class=\"wp-block-embed__wrapper\">\n<iframe loading=\"lazy\" title=\"DIALOGO PARA LA HISTORIA. (1) PODCAST- CON CAAMA\u00d1O EN CUBA -Julio Veras Delgadillo-\" width=\"616\" height=\"347\" src=\"https:\/\/www.youtube.com\/embed\/msD4NFzEfAE?feature=oembed\" frameborder=\"0\" allow=\"accelerometer; autoplay; clipboard-write; encrypted-media; gyroscope; picture-in-picture; web-share\" referrerpolicy=\"strict-origin-when-cross-origin\" allowfullscreen><\/iframe>\n<\/div><\/figure>\n\n\n\n<p>Matty V\u00e1squez<\/p>\n\n\n\n<p><a target=\"_blank\" href=\"mailto:mattyvasquez@gmail.com\" rel=\"noreferrer noopener\">mattyvasquez@gmail.com<\/a><\/p>\n","protected":false},"excerpt":{"rendered":"<p>Julio Veras Delgadillo &nbsp;Al cumplirse el 51 aniversario del desembarco de playa Caracoles, operaci\u00f3n liderada por el Francisco Caama\u00f1o que tuvo lugar la noche del 2 de febrero de 1973, el ex militante de izquierda Julio Veras Delgadillo, quien estuvo&nbsp;entren\u00e1ndose&nbsp;con \u00e9l en Cuba recuerda algunos acontecimientos. Delgadillo manifiesta con nostalgia cuando un hombre barbudo fue [&hellip;]<\/p>\n","protected":false},"author":28,"featured_media":506036,"comment_status":"closed","ping_status":"","sticky":false,"template":"","format":"standard","meta":{"footnotes":""},"categories":[36,26,19],"tags":[],"class_list":["post-506035","post","type-post","status-publish","format-standard","has-post-thumbnail","hentry","category-hombresmujeresycosas","category-efemerides","category-mi-voz"],"_links":{"self":[{"href":"https:\/\/diariodominicano.com\/index.php?rest_route=\/wp\/v2\/posts\/506035","targetHints":{"allow":["GET"]}}],"collection":[{"href":"https:\/\/diariodominicano.com\/index.php?rest_route=\/wp\/v2\/posts"}],"about":[{"href":"https:\/\/diariodominicano.com\/index.php?rest_route=\/wp\/v2\/types\/post"}],"author":[{"embeddable":true,"href":"https:\/\/diariodominicano.com\/index.php?rest_route=\/wp\/v2\/users\/28"}],"replies":[{"embeddable":true,"href":"https:\/\/diariodominicano.com\/index.php?rest_route=%2Fwp%2Fv2%2Fcomments&post=506035"}],"version-history":[{"count":3,"href":"https:\/\/diariodominicano.com\/index.php?rest_route=\/wp\/v2\/posts\/506035\/revisions"}],"predecessor-version":[{"id":506040,"href":"https:\/\/diariodominicano.com\/index.php?rest_route=\/wp\/v2\/posts\/506035\/revisions\/506040"}],"wp:featuredmedia":[{"embeddable":true,"href":"https:\/\/diariodominicano.com\/index.php?rest_route=\/wp\/v2\/media\/506036"}],"wp:attachment":[{"href":"https:\/\/diariodominicano.com\/index.php?rest_route=%2Fwp%2Fv2%2Fmedia&parent=506035"}],"wp:term":[{"taxonomy":"category","embeddable":true,"href":"https:\/\/diariodominicano.com\/index.php?rest_route=%2Fwp%2Fv2%2Fcategories&post=506035"},{"taxonomy":"post_tag","embeddable":true,"href":"https:\/\/diariodominicano.com\/index.php?rest_route=%2Fwp%2Fv2%2Ftags&post=506035"}],"curies":[{"name":"wp","href":"https:\/\/api.w.org\/{rel}","templated":true}]}}