{"id":506024,"date":"2024-02-06T01:09:13","date_gmt":"2024-02-06T05:09:13","guid":{"rendered":"https:\/\/diariodominicano.com\/?p=506024"},"modified":"2024-02-06T01:09:13","modified_gmt":"2024-02-06T05:09:13","slug":"gabriel-toribio-encabeza-marcha-en-tamboril","status":"publish","type":"post","link":"https:\/\/diariodominicano.com\/?p=506024","title":{"rendered":"Gabriel Toribio encabeza marcha en Tamboril"},"content":{"rendered":"\n<p>El candidato a Alcalde por el municipio de Tamboril, del Partido de la Liberaci\u00f3n Dominicana (PLD), Partido Revolucionario Dominicano (PRD) y Opci\u00f3n Democr\u00e1tica (OD), Gabriel Toribio, encabez\u00f3 el  s\u00e1bado una multitudinaria marcha en este municipio.<\/p>\n\n\n\n<figure class=\"wp-block-image size-large\"><img loading=\"lazy\" decoding=\"async\" width=\"1024\" height=\"903\" src=\"https:\/\/diariodominicano.com\/wp-content\/uploads\/2024\/02\/Gabriel-Toribio-en-marcha-1024x903.jpeg\" alt=\"\" class=\"wp-image-506026\" srcset=\"https:\/\/diariodominicano.com\/wp-content\/uploads\/2024\/02\/Gabriel-Toribio-en-marcha-1024x903.jpeg 1024w, https:\/\/diariodominicano.com\/wp-content\/uploads\/2024\/02\/Gabriel-Toribio-en-marcha-300x265.jpeg 300w, https:\/\/diariodominicano.com\/wp-content\/uploads\/2024\/02\/Gabriel-Toribio-en-marcha-768x677.jpeg 768w, https:\/\/diariodominicano.com\/wp-content\/uploads\/2024\/02\/Gabriel-Toribio-en-marcha-1536x1355.jpeg 1536w, https:\/\/diariodominicano.com\/wp-content\/uploads\/2024\/02\/Gabriel-Toribio-en-marcha-2048x1807.jpeg 2048w, https:\/\/diariodominicano.com\/wp-content\/uploads\/2024\/02\/Gabriel-Toribio-en-marcha-816x720.jpeg 816w\" sizes=\"auto, (max-width: 1024px) 100vw, 1024px\" \/><\/figure>\n\n\n\n<p>La actividad que tuvo como punto de inicio el sam\u00e1n de la gallera como se conoce popularmente arranc\u00f3 pasadas las 4:00pm bajo el lema \u201cTamboril Marcha por la Transformaci\u00f3n\u201d, en la cual Toribio aglutin\u00f3 a miles de seguidores, quienes caminaron junto a \u00e9l por la Calle Real de Tamboril, una de las principales v\u00edas de este municipio.<\/p>\n\n\n\n<p>\u201cLleg\u00f3 el momento de ir a las urnas, esta es una demostraci\u00f3n de lo que pasar\u00e1 el 18 de febrero \u201d, proclam\u00f3 Gabriel.<\/p>\n\n\n\n<figure class=\"wp-block-image size-large\"><img loading=\"lazy\" decoding=\"async\" width=\"768\" height=\"1024\" src=\"https:\/\/diariodominicano.com\/wp-content\/uploads\/2024\/02\/MArcha-gabriel-768x1024.jpeg\" alt=\"\" class=\"wp-image-506027\" srcset=\"https:\/\/diariodominicano.com\/wp-content\/uploads\/2024\/02\/MArcha-gabriel-768x1024.jpeg 768w, https:\/\/diariodominicano.com\/wp-content\/uploads\/2024\/02\/MArcha-gabriel-225x300.jpeg 225w, https:\/\/diariodominicano.com\/wp-content\/uploads\/2024\/02\/MArcha-gabriel-816x1088.jpeg 816w, https:\/\/diariodominicano.com\/wp-content\/uploads\/2024\/02\/MArcha-gabriel.jpeg 960w\" sizes=\"auto, (max-width: 768px) 100vw, 768px\" \/><\/figure>\n\n\n\n<p>Gabriel Toribio habl\u00f3 mientras hac\u00eda una parada frente al local de su partido, acompa\u00f1ado de los candidatos a Regidores.<\/p>\n\n\n\n<p>\u201cEste ser\u00e1 un ayuntamiento abierto para todos, innovador, que desarrollar\u00e1 una de gesti\u00f3n moderna. Nosotros ganaremos la alcald\u00eda.\u201d, manifest\u00f3.<\/p>\n\n\n\n<p>Al paso del candidato a alcalde y los candidatos a regidores, la interminable muchedumbre le expresaban entusiastas manifestaciones de respaldo. En un recorrido de unos cuantos kil\u00f3metros era notorio la algarab\u00eda de las personas que sal\u00edan de sus casas y negocios a recibir al candidato y a quienes le acompa\u00f1aban.<\/p>\n\n\n\n<p>Gabriel Toribio<\/p>\n\n\n\n<p><a target=\"_blank\" href=\"mailto:gabrieltoribioalcalde@gmail.com\" rel=\"noreferrer noopener\">gabrieltoribioalcalde@gmail.co<\/a><\/p>\n","protected":false},"excerpt":{"rendered":"<p>El candidato a Alcalde por el municipio de Tamboril, del Partido de la Liberaci\u00f3n Dominicana (PLD), Partido Revolucionario Dominicano (PRD) y Opci\u00f3n Democr\u00e1tica (OD), Gabriel Toribio, encabez\u00f3 el s\u00e1bado una multitudinaria marcha en este municipio. La actividad que tuvo como punto de inicio el sam\u00e1n de la gallera como se conoce popularmente arranc\u00f3 pasadas las [&hellip;]<\/p>\n","protected":false},"author":28,"featured_media":506025,"comment_status":"closed","ping_status":"","sticky":false,"template":"","format":"standard","meta":{"footnotes":""},"categories":[22],"tags":[],"class_list":["post-506024","post","type-post","status-publish","format-standard","has-post-thumbnail","hentry","category-politica"],"_links":{"self":[{"href":"https:\/\/diariodominicano.com\/index.php?rest_route=\/wp\/v2\/posts\/506024","targetHints":{"allow":["GET"]}}],"collection":[{"href":"https:\/\/diariodominicano.com\/index.php?rest_route=\/wp\/v2\/posts"}],"about":[{"href":"https:\/\/diariodominicano.com\/index.php?rest_route=\/wp\/v2\/types\/post"}],"author":[{"embeddable":true,"href":"https:\/\/diariodominicano.com\/index.php?rest_route=\/wp\/v2\/users\/28"}],"replies":[{"embeddable":true,"href":"https:\/\/diariodominicano.com\/index.php?rest_route=%2Fwp%2Fv2%2Fcomments&post=506024"}],"version-history":[{"count":1,"href":"https:\/\/diariodominicano.com\/index.php?rest_route=\/wp\/v2\/posts\/506024\/revisions"}],"predecessor-version":[{"id":506028,"href":"https:\/\/diariodominicano.com\/index.php?rest_route=\/wp\/v2\/posts\/506024\/revisions\/506028"}],"wp:featuredmedia":[{"embeddable":true,"href":"https:\/\/diariodominicano.com\/index.php?rest_route=\/wp\/v2\/media\/506025"}],"wp:attachment":[{"href":"https:\/\/diariodominicano.com\/index.php?rest_route=%2Fwp%2Fv2%2Fmedia&parent=506024"}],"wp:term":[{"taxonomy":"category","embeddable":true,"href":"https:\/\/diariodominicano.com\/index.php?rest_route=%2Fwp%2Fv2%2Fcategories&post=506024"},{"taxonomy":"post_tag","embeddable":true,"href":"https:\/\/diariodominicano.com\/index.php?rest_route=%2Fwp%2Fv2%2Ftags&post=506024"}],"curies":[{"name":"wp","href":"https:\/\/api.w.org\/{rel}","templated":true}]}}