{"id":505979,"date":"2024-02-06T15:16:30","date_gmt":"2024-02-06T19:16:30","guid":{"rendered":"https:\/\/diariodominicano.com\/?p=505979"},"modified":"2024-02-06T15:16:30","modified_gmt":"2024-02-06T19:16:30","slug":"candidato-a-alcalde-por-el-pld-carlos-garcia-anuncia-arreciara-campana-por-la-alcaldia-de-barahona","status":"publish","type":"post","link":"https:\/\/diariodominicano.com\/?p=505979","title":{"rendered":"Candidato a alcalde por el PLD Carlos Garc\u00eda anuncia arreciar\u00e1 campa\u00f1a por la alcald\u00eda de Barahona"},"content":{"rendered":"\n<p>BARAHONA: El candidato a la alcald\u00eda por el Partido de la Liberaci\u00f3n Dominicana (PLD), Carlos Garc\u00eda, anunci\u00f3 que arreciar\u00e1 su campa\u00f1a en barrios y sectores de aqu\u00ed en busca de convertirse en el pr\u00f3ximo alcalde de esta ciudad.<\/p>\n\n\n\n<p>Garc\u00eda, manifest\u00f3 que es el favorito de los barahoneros porque los dem\u00e1s candidatos, est\u00e1n rezagados y fuera de competencia.<\/p>\n\n\n\n<p>Garantiz\u00f3 que su candidatura es respaldada por todos los sectores de la sociedad barahonera, partidos de izquierda \u201c y tengo un gran simpat\u00eda en las bases del PRM, Fuerza del Pueblo y el PRD qu\u00e9 van a votar por mi\u201d.<\/p>\n\n\n\n<p>Agreg\u00f3 que \u201cel triunfo electoral que obtendremos este 18 de febrero, ser\u00e1 una oportunidad para servirle a mi pueblo, para mejorar la calidad de vida de los necesitados y poner la alcald\u00eda al servicio de todos\u201d.<\/p>\n\n\n\n<p>Garc\u00eda, se\u00f1al\u00f3 que ira a la alcald\u00eda por decisi\u00f3n mayoritaria de los barahoneros, no a satisfacer apetencias personales, sino a corregir lo que est\u00e1 mal, y hacer las cosas que nunca se ha hecho para beneficio de los residentes de aqu\u00ed.<\/p>\n\n\n\n<p>\u201cTodo en la vida tiene su fecha de vencimiento y el actual alcalde su fecha de vencimiento es el 18 de febrero del 2024 cuando se celebren las elecciones municipales\u201d, a\u00f1adi\u00f3 Garc\u00eda.<\/p>\n\n\n\n<p>Dijo que con los fondos que recibe el cabildo, har\u00e1 varias viviendas para personas pobres que hasta ahora no han tenido la oportunidad de recibir la mano amiga del actual incumbente del PRM.<\/p>\n\n\n\n<p>Prometi\u00f3 dotar la alcald\u00eda de varias ambulancias para trasladar sin costo alguno a los enfermos que lo ameriten a los centros m\u00e9dicos donde sean referidos.<\/p>\n\n\n\n<p>\u201cNos proponemos construir una funeraria municipal donde los pobres tengan la oportunidad de velar sus difuntos con dignidad sin tener que acudir a un prestamista para velar y sepultar a sus difuntos\u201d, subray\u00f3.<\/p>\n\n\n\n<p>Asegur\u00f3 que crear\u00e1 mini alcald\u00edas para trabajar por el bien de los barrios y sectores de este municipio y crear\u00e1 brigadas de obreros para mantener esta ciudad debidamente limpia y organizada.<\/p>\n\n\n\n<p><strong>Ohelmis S\u00e1nchez<\/strong>\u00a0 &lt;ecosdelsur01@gmail.com> <\/p>\n","protected":false},"excerpt":{"rendered":"<p>BARAHONA: El candidato a la alcald\u00eda por el Partido de la Liberaci\u00f3n Dominicana (PLD), Carlos Garc\u00eda, anunci\u00f3 que arreciar\u00e1 su campa\u00f1a en barrios y sectores de aqu\u00ed en busca de convertirse en el pr\u00f3ximo alcalde de esta ciudad. Garc\u00eda, manifest\u00f3 que es el favorito de los barahoneros porque los dem\u00e1s candidatos, est\u00e1n rezagados y fuera [&hellip;]<\/p>\n","protected":false},"author":7,"featured_media":506179,"comment_status":"closed","ping_status":"","sticky":true,"template":"","format":"standard","meta":{"footnotes":""},"categories":[22,27],"tags":[],"class_list":["post-505979","post","type-post","status-publish","format-standard","has-post-thumbnail","hentry","category-politica","category-portada"],"_links":{"self":[{"href":"https:\/\/diariodominicano.com\/index.php?rest_route=\/wp\/v2\/posts\/505979","targetHints":{"allow":["GET"]}}],"collection":[{"href":"https:\/\/diariodominicano.com\/index.php?rest_route=\/wp\/v2\/posts"}],"about":[{"href":"https:\/\/diariodominicano.com\/index.php?rest_route=\/wp\/v2\/types\/post"}],"author":[{"embeddable":true,"href":"https:\/\/diariodominicano.com\/index.php?rest_route=\/wp\/v2\/users\/7"}],"replies":[{"embeddable":true,"href":"https:\/\/diariodominicano.com\/index.php?rest_route=%2Fwp%2Fv2%2Fcomments&post=505979"}],"version-history":[{"count":1,"href":"https:\/\/diariodominicano.com\/index.php?rest_route=\/wp\/v2\/posts\/505979\/revisions"}],"predecessor-version":[{"id":506104,"href":"https:\/\/diariodominicano.com\/index.php?rest_route=\/wp\/v2\/posts\/505979\/revisions\/506104"}],"wp:featuredmedia":[{"embeddable":true,"href":"https:\/\/diariodominicano.com\/index.php?rest_route=\/wp\/v2\/media\/506179"}],"wp:attachment":[{"href":"https:\/\/diariodominicano.com\/index.php?rest_route=%2Fwp%2Fv2%2Fmedia&parent=505979"}],"wp:term":[{"taxonomy":"category","embeddable":true,"href":"https:\/\/diariodominicano.com\/index.php?rest_route=%2Fwp%2Fv2%2Fcategories&post=505979"},{"taxonomy":"post_tag","embeddable":true,"href":"https:\/\/diariodominicano.com\/index.php?rest_route=%2Fwp%2Fv2%2Ftags&post=505979"}],"curies":[{"name":"wp","href":"https:\/\/api.w.org\/{rel}","templated":true}]}}