{"id":50596,"date":"2020-08-18T04:06:01","date_gmt":"2020-08-18T04:06:01","guid":{"rendered":"http:\/\/diariodominicano.ddns.net\/?p=50596"},"modified":"2020-08-18T04:06:01","modified_gmt":"2020-08-18T04:06:01","slug":"buenaventura-baez-presidente-de-la-republica","status":"publish","type":"post","link":"https:\/\/diariodominicano.com\/?p=50596","title":{"rendered":"Buenaventura B\u00e1ez presidente de la Rep\u00fablica"},"content":{"rendered":"<p><body><\/p>\n<p><strong>Buenaventura B\u00e1ez presidente de la Rep\u00fablica<\/strong><\/p>\n<p>  Luego del acontecimiento el Jefe del Ej\u00e9rcito, General Pedro Santana, quien ten\u00eda el control del Poder Ejecutivo, y apoy\u00f3 la candidatura de Buenaventura B\u00e1ez, se traslad\u00f3 a su hacienda de El Prado, en El Seibo.<\/p>\n<p><strong>Por HTN<\/strong><\/p>\n<p><strong>Diariodominicano.com<\/strong><\/p>\n<p><strong>   SANTO DOMINGO, el  18 de agosto de 1849, <\/strong>Buenaventura B\u00e1ez fue electo Presidente de la Rep\u00fablica.<\/p>\n<\/p>\n<p>   Luego del acontecimiento el Jefe del Ej\u00e9rcito, General Pedro Santana, quien ten\u00eda el control del Poder Ejecutivo, y apoy\u00f3 la candidatura de Buenaventura B\u00e1ez, se traslad\u00f3 a su hacienda de El Prado, en El Seibo.<\/p>\n<\/p>\n<p>     B\u00e1ez fue juramentado Presidente de la Rep\u00fablica, el 24 de septiembre de 1849.<\/p>\n<\/p>\n<p>    El proceso para escoger al nuevo Presidente dominicano fue iniciado el  5 de agosto de 1849, a fin de  ejecutar la convocatoria que hizo el Congreso Nacional para satisfacer la voluntad del General Pedro Santana.<\/p>\n<\/p>\n<p>\tLuego de la ca\u00edda del Presidente Manuel Jimenes,  el 29 de mayo de 1849, las del 5 de agosto fueron las segundas elecciones convocadas por la voluntad del encargado del Poder Ejecutivo,  general Pedro Santana.<\/p>\n<\/p>\n<p>   \tEn las primeras celebradas el 5 de julio de 1849, fue electo Presidente el ciudadano Santiago Espaillat, quien declin\u00f3. <\/p>\n<\/p>\n<p>   \tLas elecciones del 5 de agosto hab\u00edan sido convocadas  por el General Pedro Santana, quien hab\u00eda encabezado una revuelta armada que oblig\u00f3 al Presidente Manuel Jimenes a entregar el poder el 29 de mayo de 1849.<\/p>\n<\/p>\n<p>    \tA partir del 30 de Mayo de 1849, Pedro Santana tom\u00f3 el Poder Ejecutivo.<\/p>\n<\/p>\n<p>La candidatura de Buenaventura B\u00e1ez, quien contribuy\u00f3 a la ca\u00edda del Presidente  Jimenes,  era promovida por el general Pedro Santana. <\/p>\n<\/p>\n<p>    Cuando  Santiago Espaillat,  fue electo Presidente el 5 de julio,  aleg\u00f3 para no asumir la jefatura del Estado, razones de edad y salud.<\/p>\n<\/p>\n<h6> 2020-08-18 04:06:01 <\/h6>\n<p><!--\n<link rel=\"stylesheet\" href=\"css\/bootstrap.min.css\">\n\n\n<ul class=\"pagination\">\n\t    \n\t\n\n<li >\n\t<a href='?page_no=311'>Previous<\/a>\n\t<\/li>\n\n\n       \n    \n\n<li><a href='?page_no=1'>1<\/a><\/li>\n\n\n\n<li><a href='?page_no=2'>2<\/a><\/li>\n\n\n\n<li><a>...<\/a><\/li>\n\n\n\n<li><a href='?page_no=310'>310<\/a><\/li>\n\n\n\n<li><a href='?page_no=311'>311<\/a><\/li>\n\n\n\n<li class='active'><a>312<\/a><\/li>\n\n\n\n<li><a href='?page_no=313'>313<\/a><\/li>\n\n\n\n<li><a href='?page_no=314'>314<\/a><\/li>\n\n\n\n<li><a>...<\/a><\/li>\n\n\n\n<li><a href='?page_no=22911'>22911<\/a><\/li>\n\n\n\n<li><a href='?page_no=22912'>22912<\/a><\/li>\n\n    \n\t\n\n<li >\n\t<a href='?page_no=313'>Next<\/a>\n\t<\/li>\n\n\n    \n\n<li><a href='?page_no=22912'>Last &rsaquo;&rsaquo;<\/a><\/li>\n\n<\/ul>\n\n\n--><br \/>\n<\/body><\/p>\n","protected":false},"excerpt":{"rendered":"<p>Buenaventura B\u00e1ez presidente de la Rep\u00fablica Luego del acontecimiento el Jefe del Ej\u00e9rcito, General Pedro Santana, quien ten\u00eda el control del Poder Ejecutivo, y apoy\u00f3 la candidatura de Buenaventura B\u00e1ez, se traslad\u00f3 a su hacienda de El Prado, en El Seibo. Por HTN Diariodominicano.com SANTO DOMINGO, el 18 de agosto de 1849, Buenaventura B\u00e1ez fue [&hellip;]<\/p>\n","protected":false},"author":3,"featured_media":0,"comment_status":"open","ping_status":"open","sticky":false,"template":"","format":"standard","meta":{"footnotes":""},"categories":[21],"tags":[],"class_list":["post-50596","post","type-post","status-publish","format-standard","hentry","category-cultura"],"_links":{"self":[{"href":"https:\/\/diariodominicano.com\/index.php?rest_route=\/wp\/v2\/posts\/50596","targetHints":{"allow":["GET"]}}],"collection":[{"href":"https:\/\/diariodominicano.com\/index.php?rest_route=\/wp\/v2\/posts"}],"about":[{"href":"https:\/\/diariodominicano.com\/index.php?rest_route=\/wp\/v2\/types\/post"}],"author":[{"embeddable":true,"href":"https:\/\/diariodominicano.com\/index.php?rest_route=\/wp\/v2\/users\/3"}],"replies":[{"embeddable":true,"href":"https:\/\/diariodominicano.com\/index.php?rest_route=%2Fwp%2Fv2%2Fcomments&post=50596"}],"version-history":[{"count":0,"href":"https:\/\/diariodominicano.com\/index.php?rest_route=\/wp\/v2\/posts\/50596\/revisions"}],"wp:attachment":[{"href":"https:\/\/diariodominicano.com\/index.php?rest_route=%2Fwp%2Fv2%2Fmedia&parent=50596"}],"wp:term":[{"taxonomy":"category","embeddable":true,"href":"https:\/\/diariodominicano.com\/index.php?rest_route=%2Fwp%2Fv2%2Fcategories&post=50596"},{"taxonomy":"post_tag","embeddable":true,"href":"https:\/\/diariodominicano.com\/index.php?rest_route=%2Fwp%2Fv2%2Ftags&post=50596"}],"curies":[{"name":"wp","href":"https:\/\/api.w.org\/{rel}","templated":true}]}}