{"id":505955,"date":"2024-02-05T20:05:47","date_gmt":"2024-02-06T00:05:47","guid":{"rendered":"https:\/\/diariodominicano.com\/?p=505955"},"modified":"2024-02-05T20:07:38","modified_gmt":"2024-02-06T00:07:38","slug":"mendieta-afirma-abinader-es-compromiso-firme-con-el-progreso-y-bienestar-nacional","status":"publish","type":"post","link":"https:\/\/diariodominicano.com\/?p=505955","title":{"rendered":"Mendieta afirma Abinader es compromiso firme con el progreso y bienestar nacional"},"content":{"rendered":"\n<p>Carlos Mendieta <\/p>\n\n\n\n<ul class=\"wp-block-list\">\n<li>El presidente Abinader, es el mayor impulsor de proyectos municipales en la historia del pa\u00eds.<\/li>\n<\/ul>\n\n\n\n<p><strong><em>Rep\u00fablica Dominicana.<\/em><\/strong><em>\u2013 En un contundente respaldo al presidente Abinader, y a los candidatos a alcaldes del Partido Revolucionario Moderno (PRM), el dirigente nacional Carlos Mendieta reafirm\u00f3 el compromiso del gobierno con el progreso y bienestar de las comunidades a nivel nacional, y la confianza en la victoria del partido como estructura pol\u00edtica l\u00edder en m\u00e1s del 70 por ciento de las alcald\u00edas en las elecciones municipales del pr\u00f3ximo 18 de febrero.\u00a0<\/em><\/p>\n\n\n\n<p><em>\u00abVolveremos a ganar la mayor\u00eda de las alcald\u00edas para seguir mejorando y ampliando los servicios p\u00fablicos en beneficio de la gente. Nuestro compromiso es impulsar oportunidades en \u00e1reas clave como empleo, educaci\u00f3n, salud, turismo, industria e inversiones diversas\u00bb, afirm\u00f3 Carlos Mendieta, quien tambi\u00e9n funge como coordinador de la plataforma GANA-RD ,que respalda a los candidatos del PRM.<\/em><\/p>\n\n\n\n<figure class=\"wp-block-image size-large\"><img loading=\"lazy\" decoding=\"async\" width=\"1024\" height=\"902\" src=\"https:\/\/diariodominicano.com\/wp-content\/uploads\/2024\/02\/Carlos-Mendieta-2-1024x902.jpg\" alt=\"\" class=\"wp-image-505959\" srcset=\"https:\/\/diariodominicano.com\/wp-content\/uploads\/2024\/02\/Carlos-Mendieta-2-1024x902.jpg 1024w, https:\/\/diariodominicano.com\/wp-content\/uploads\/2024\/02\/Carlos-Mendieta-2-300x264.jpg 300w, https:\/\/diariodominicano.com\/wp-content\/uploads\/2024\/02\/Carlos-Mendieta-2-768x677.jpg 768w, https:\/\/diariodominicano.com\/wp-content\/uploads\/2024\/02\/Carlos-Mendieta-2-1536x1354.jpg 1536w, https:\/\/diariodominicano.com\/wp-content\/uploads\/2024\/02\/Carlos-Mendieta-2-816x719.jpg 816w, https:\/\/diariodominicano.com\/wp-content\/uploads\/2024\/02\/Carlos-Mendieta-2.jpg 1600w\" sizes=\"auto, (max-width: 1024px) 100vw, 1024px\" \/><\/figure>\n\n\n\n<p><em>El dirigente pol\u00edtico indic\u00f3, que el posicionamiento de la Rep\u00fablica Dominicana, como referente en el Caribe, y la mejora significativa en la calidad de vida de los ciudadanos durante los \u00faltimos tres a\u00f1os son la evidencia del compromiso y la visi\u00f3n del Mandatario. Asimismo, anticip\u00f3 que Abinader ganar\u00e1 la presidencia en primera vuelta con m\u00e1s del 60 por ciento de los votos, respaldado por los logros alcanzados durante su actual gesti\u00f3n.<\/em><\/p>\n\n\n\n<p>Mendieta, quien actualmente se desempe\u00f1a como Vicerrector Acad\u00e9mico del Instituto T\u00e9cnico Superior Comunitario (ITSC) ,y cuenta con experiencia como Exviceministro del MESCYT, destac\u00f3 el liderazgo municipalista del presidente Abinader, catalog\u00e1ndolo como el mayor impulsor de proyectos municipales en la historia del pa\u00eds. Destacando que, Abinader ha destinado cerca del 6% del presupuesto nacional en alianza con la liga municipal, transformando comunidades previamente abandonadas por gobiernos anteriores.<\/p>\n\n\n\n<p>hermes meccariello<\/p>\n\n\n\n<p><a target=\"_blank\" href=\"mailto:hermeccar@gmail.com\" rel=\"noreferrer noopener\">hermeccar@gmail.com<\/a><\/p>\n","protected":false},"excerpt":{"rendered":"<p>Carlos Mendieta Rep\u00fablica Dominicana.\u2013 En un contundente respaldo al presidente Abinader, y a los candidatos a alcaldes del Partido Revolucionario Moderno (PRM), el dirigente nacional Carlos Mendieta reafirm\u00f3 el compromiso del gobierno con el progreso y bienestar de las comunidades a nivel nacional, y la confianza en la victoria del partido como estructura pol\u00edtica l\u00edder [&hellip;]<\/p>\n","protected":false},"author":28,"featured_media":505956,"comment_status":"closed","ping_status":"","sticky":true,"template":"","format":"standard","meta":{"footnotes":""},"categories":[22,27],"tags":[],"class_list":["post-505955","post","type-post","status-publish","format-standard","has-post-thumbnail","hentry","category-politica","category-portada"],"_links":{"self":[{"href":"https:\/\/diariodominicano.com\/index.php?rest_route=\/wp\/v2\/posts\/505955","targetHints":{"allow":["GET"]}}],"collection":[{"href":"https:\/\/diariodominicano.com\/index.php?rest_route=\/wp\/v2\/posts"}],"about":[{"href":"https:\/\/diariodominicano.com\/index.php?rest_route=\/wp\/v2\/types\/post"}],"author":[{"embeddable":true,"href":"https:\/\/diariodominicano.com\/index.php?rest_route=\/wp\/v2\/users\/28"}],"replies":[{"embeddable":true,"href":"https:\/\/diariodominicano.com\/index.php?rest_route=%2Fwp%2Fv2%2Fcomments&post=505955"}],"version-history":[{"count":4,"href":"https:\/\/diariodominicano.com\/index.php?rest_route=\/wp\/v2\/posts\/505955\/revisions"}],"predecessor-version":[{"id":505961,"href":"https:\/\/diariodominicano.com\/index.php?rest_route=\/wp\/v2\/posts\/505955\/revisions\/505961"}],"wp:featuredmedia":[{"embeddable":true,"href":"https:\/\/diariodominicano.com\/index.php?rest_route=\/wp\/v2\/media\/505956"}],"wp:attachment":[{"href":"https:\/\/diariodominicano.com\/index.php?rest_route=%2Fwp%2Fv2%2Fmedia&parent=505955"}],"wp:term":[{"taxonomy":"category","embeddable":true,"href":"https:\/\/diariodominicano.com\/index.php?rest_route=%2Fwp%2Fv2%2Fcategories&post=505955"},{"taxonomy":"post_tag","embeddable":true,"href":"https:\/\/diariodominicano.com\/index.php?rest_route=%2Fwp%2Fv2%2Ftags&post=505955"}],"curies":[{"name":"wp","href":"https:\/\/api.w.org\/{rel}","templated":true}]}}