{"id":50585,"date":"2020-08-18T04:07:32","date_gmt":"2020-08-18T04:07:32","guid":{"rendered":"http:\/\/diariodominicano.ddns.net\/?p=50585"},"modified":"2020-08-18T04:07:32","modified_gmt":"2020-08-18T04:07:32","slug":"los-restauradores-tienden-emboscada-a-buceta-2","status":"publish","type":"post","link":"https:\/\/diariodominicano.com\/?p=50585","title":{"rendered":"Los restauradores tienden emboscada a  Buceta&#13;"},"content":{"rendered":"<p><body><\/p>\n<p><strong>Diariodominicano.com<\/strong><\/p>\n<p><strong>Los restauradores tienden emboscada a  Buceta<\/strong><\/p>\n<p><strong> <\/strong><\/p>\n<p><strong> A su vez,  Juan Antonio Polanco y sus hombres tomaron por asalto a Guayub\u00edn. Y Feder\u00edco de Jes\u00fas Garc\u00eda, al mando de sus fuerzas, ocup\u00f3 a Montecristi.<\/strong><\/p>\n<p><strong>Por HTN<\/strong><\/p>\n<p><strong>Diariodominicano.com<\/strong><\/p>\n<\/p>\n<p><strong>GUAYUBIN,  el 18 de agosto de 1863, <\/strong>en la Guerra de la Restauraci\u00f3n, las fuerzas dominicanas continuaron la lucha contra las tropas del brigadier Manuel Buceta. Una versi\u00f3n militar  indica que el d\u00eda 18 de agosto de 1863, el Capit\u00e1n S\u00e1nchez con 10 jinetes,  emboscaron al brigadier Manuel Buceta, en la Carbonera.<\/p>\n<\/p>\n<p>      A su vez,  Juan Antonio Polanco y sus hombres tomaron por asalto a Guayub\u00edn. Y Feder\u00edco de Jes\u00fas Garc\u00eda, al mando de sus fuerzas, ocup\u00f3 a Montecristi.<\/p>\n<\/p>\n<p>   El mismo d\u00eda 18 de agosto de 1863, Santiago Rodr\u00edguez dirigi\u00f3 sus fuerzas hacia las comunidades de Sabaneta.  Y Benito Monci\u00f3n se dirigi\u00f3 con sus tropas a Las Pastillas, en Dajab\u00f3n.<\/p>\n<\/p>\n<p>    El d\u00eda anterior, el d\u00eda 17 de agosto de 1863,  tropas dominicanas comandadas por los generales Benito Monci\u00f3n, Jos\u00e9 Cabrera y Pedro Antonio Pimentel, iniciaron los ataques contra las guarniciones y patrullas espa\u00f1olas, que comandaba el brigadier  Manuel Buceta.<\/p>\n<\/p>\n<p>   El mismo d\u00eda 17 de agosto, las fuerzas del general Pedro Antonio Pimentel destrozaron en el r\u00edo Macab\u00f3n, una columna espa\u00f1ola que se dirig\u00eda de Dajab\u00f3n al municipio de Guayub\u00edn.<\/p>\n<\/p>\n<p>    El brigadier Manuel Buceta, era el Gobernador de la Anexi\u00f3n en  Santiago. Cuando se produjo el \u00abGrito de Capotillo\u00bb, el 16 de agosto de 1863, se encontraba realizando un recorrido por la l\u00ednea Noroeste y la Frontera, con el prop\u00f3sito de comprobar cu\u00e1l era la situaci\u00f3n en la zona.<\/p>\n<\/p>\n<p>    La Guerra de la Restauraci\u00f3n comenz\u00f3 el d\u00eda  16 de agosto del a\u00f1o 1863, y  termin\u00f3 con el rescate de la soberan\u00eda de la Rep\u00fablica Dominicana en 1865.<\/p>\n<\/p>\n<p>      La anexi\u00f3n de Rep\u00fablica Dominicana a Espa\u00f1a fue proclamada por el Presidente Pedro Santana, en un acto celebrado en la plaza de la Catedral de Santo Domingo, el d\u00eda 18 de marzo de 1861.  <\/p>\n<\/p>\n<p>     A pesar de que los dominicanos proclamaron la Restauraci\u00f3n de la Rep\u00fablica el d\u00eda 16 de agosto de 1863,  los espa\u00f1oles se resist\u00edan a salir del pa\u00eds y se acantonaron  en varios puntos del pa\u00eds.<\/p>\n<\/p>\n<p>     En un proceso de negociaciones se lleg\u00f3  al acuerdo que produjo la salida de los remanentes del Ej\u00e9rcito Espa\u00f1ol a partir del d\u00eda 10 de julio de 1865, con lo que termin\u00f3 de manera definitiva la Guerra de la Restauraci\u00f3n.<\/p>\n<\/p>\n<\/p>\n<h6> 2020-08-18 04:07:32 <\/h6>\n<p><!--\n<link rel=\"stylesheet\" href=\"css\/bootstrap.min.css\">\n\n\n<ul class=\"pagination\">\n\t    \n\t\n\n<li >\n\t<a href='?page_no=310'>Previous<\/a>\n\t<\/li>\n\n\n       \n    \n\n<li><a href='?page_no=1'>1<\/a><\/li>\n\n\n\n<li><a href='?page_no=2'>2<\/a><\/li>\n\n\n\n<li><a>...<\/a><\/li>\n\n\n\n<li><a href='?page_no=309'>309<\/a><\/li>\n\n\n\n<li><a href='?page_no=310'>310<\/a><\/li>\n\n\n\n<li class='active'><a>311<\/a><\/li>\n\n\n\n<li><a href='?page_no=312'>312<\/a><\/li>\n\n\n\n<li><a href='?page_no=313'>313<\/a><\/li>\n\n\n\n<li><a>...<\/a><\/li>\n\n\n\n<li><a href='?page_no=22911'>22911<\/a><\/li>\n\n\n\n<li><a href='?page_no=22912'>22912<\/a><\/li>\n\n    \n\t\n\n<li >\n\t<a href='?page_no=312'>Next<\/a>\n\t<\/li>\n\n\n    \n\n<li><a href='?page_no=22912'>Last &rsaquo;&rsaquo;<\/a><\/li>\n\n<\/ul>\n\n\n--><br \/>\n<\/body><\/p>\n","protected":false},"excerpt":{"rendered":"<p>Diariodominicano.com Los restauradores tienden emboscada a Buceta A su vez, Juan Antonio Polanco y sus hombres tomaron por asalto a Guayub\u00edn. Y Feder\u00edco de Jes\u00fas Garc\u00eda, al mando de sus fuerzas, ocup\u00f3 a Montecristi. Por HTN Diariodominicano.com GUAYUBIN, el 18 de agosto de 1863, en la Guerra de la Restauraci\u00f3n, las fuerzas dominicanas continuaron la [&hellip;]<\/p>\n","protected":false},"author":3,"featured_media":0,"comment_status":"open","ping_status":"open","sticky":false,"template":"","format":"standard","meta":{"footnotes":""},"categories":[21],"tags":[],"class_list":["post-50585","post","type-post","status-publish","format-standard","hentry","category-cultura"],"_links":{"self":[{"href":"https:\/\/diariodominicano.com\/index.php?rest_route=\/wp\/v2\/posts\/50585","targetHints":{"allow":["GET"]}}],"collection":[{"href":"https:\/\/diariodominicano.com\/index.php?rest_route=\/wp\/v2\/posts"}],"about":[{"href":"https:\/\/diariodominicano.com\/index.php?rest_route=\/wp\/v2\/types\/post"}],"author":[{"embeddable":true,"href":"https:\/\/diariodominicano.com\/index.php?rest_route=\/wp\/v2\/users\/3"}],"replies":[{"embeddable":true,"href":"https:\/\/diariodominicano.com\/index.php?rest_route=%2Fwp%2Fv2%2Fcomments&post=50585"}],"version-history":[{"count":0,"href":"https:\/\/diariodominicano.com\/index.php?rest_route=\/wp\/v2\/posts\/50585\/revisions"}],"wp:attachment":[{"href":"https:\/\/diariodominicano.com\/index.php?rest_route=%2Fwp%2Fv2%2Fmedia&parent=50585"}],"wp:term":[{"taxonomy":"category","embeddable":true,"href":"https:\/\/diariodominicano.com\/index.php?rest_route=%2Fwp%2Fv2%2Fcategories&post=50585"},{"taxonomy":"post_tag","embeddable":true,"href":"https:\/\/diariodominicano.com\/index.php?rest_route=%2Fwp%2Fv2%2Ftags&post=50585"}],"curies":[{"name":"wp","href":"https:\/\/api.w.org\/{rel}","templated":true}]}}