{"id":505817,"date":"2024-02-05T19:36:29","date_gmt":"2024-02-05T23:36:29","guid":{"rendered":"https:\/\/diariodominicano.com\/?p=505817"},"modified":"2024-02-05T19:44:10","modified_gmt":"2024-02-05T23:44:10","slug":"miguel-vargas-la-alianza-rescate-rd-se-consolidara-aun-mas-en-los-proximos-dias","status":"publish","type":"post","link":"https:\/\/diariodominicano.com\/?p=505817","title":{"rendered":"Miguel Vargas: \u201cLa Alianza Rescate RD se consolidar\u00e1 a\u00fan m\u00e1s en los pr\u00f3ximos d\u00edas\u201d"},"content":{"rendered":"\n<p><em><u>Presidente del PRD afirma que la coalici\u00f3n opositora lleva candidatos comunes en el 90 % de los municipios y distritos del pa\u00eds<\/u><\/em> <\/p>\n\n\n\n<p>Peravia. \u2013 &nbsp;El presidente del Partido Revolucionario Dominicano (PRD), ingeniero Miguel Vargas Maldonado, anunci\u00f3 el fortalecimiento de la Alianza Opositora Rescate RD, de la que esa organizaci\u00f3n forma parte junto a los partidos de la Liberaci\u00f3n Dominicana (PLD) y Fuerza del Pueblo.<\/p>\n\n\n\n<p>As\u00ed lo inform\u00f3 al recorrer los municipios de esta provincia, en apoyo a los candidatos municipales perrede\u00edstas y de la citada coalici\u00f3n, de cara a las elecciones del pr\u00f3ximo domingo 18 de este mes.<\/p>\n\n\n\n<figure class=\"wp-block-gallery has-nested-images columns-default is-cropped wp-block-gallery-1 is-layout-flex wp-block-gallery-is-layout-flex\">\n<figure class=\"wp-block-image size-large\"><img loading=\"lazy\" decoding=\"async\" width=\"1024\" height=\"682\" data-id=\"505916\" src=\"https:\/\/diariodominicano.com\/wp-content\/uploads\/2024\/02\/Miguel-Vargas-La-Alianza-Rescate-RD-se-consolidara-mas-en-los-proximos-dias-1-1024x682.jpg\" alt=\"\" class=\"wp-image-505916\" srcset=\"https:\/\/diariodominicano.com\/wp-content\/uploads\/2024\/02\/Miguel-Vargas-La-Alianza-Rescate-RD-se-consolidara-mas-en-los-proximos-dias-1-1024x682.jpg 1024w, https:\/\/diariodominicano.com\/wp-content\/uploads\/2024\/02\/Miguel-Vargas-La-Alianza-Rescate-RD-se-consolidara-mas-en-los-proximos-dias-1-300x200.jpg 300w, https:\/\/diariodominicano.com\/wp-content\/uploads\/2024\/02\/Miguel-Vargas-La-Alianza-Rescate-RD-se-consolidara-mas-en-los-proximos-dias-1-768x512.jpg 768w, https:\/\/diariodominicano.com\/wp-content\/uploads\/2024\/02\/Miguel-Vargas-La-Alianza-Rescate-RD-se-consolidara-mas-en-los-proximos-dias-1-1536x1023.jpg 1536w, https:\/\/diariodominicano.com\/wp-content\/uploads\/2024\/02\/Miguel-Vargas-La-Alianza-Rescate-RD-se-consolidara-mas-en-los-proximos-dias-1-816x544.jpg 816w, https:\/\/diariodominicano.com\/wp-content\/uploads\/2024\/02\/Miguel-Vargas-La-Alianza-Rescate-RD-se-consolidara-mas-en-los-proximos-dias-1.jpg 1600w\" sizes=\"auto, (max-width: 1024px) 100vw, 1024px\" \/><\/figure>\n\n\n\n<figure class=\"wp-block-image size-large\"><img loading=\"lazy\" decoding=\"async\" width=\"1024\" height=\"714\" data-id=\"505915\" src=\"https:\/\/diariodominicano.com\/wp-content\/uploads\/2024\/02\/Miguel-Vargas-La-Alianza-Rescate-RD-se-consolidara-aun-mas-en-los-proximos-dias-1-1024x714.jpg\" alt=\"\" class=\"wp-image-505915\" srcset=\"https:\/\/diariodominicano.com\/wp-content\/uploads\/2024\/02\/Miguel-Vargas-La-Alianza-Rescate-RD-se-consolidara-aun-mas-en-los-proximos-dias-1-1024x714.jpg 1024w, https:\/\/diariodominicano.com\/wp-content\/uploads\/2024\/02\/Miguel-Vargas-La-Alianza-Rescate-RD-se-consolidara-aun-mas-en-los-proximos-dias-1-300x209.jpg 300w, https:\/\/diariodominicano.com\/wp-content\/uploads\/2024\/02\/Miguel-Vargas-La-Alianza-Rescate-RD-se-consolidara-aun-mas-en-los-proximos-dias-1-768x536.jpg 768w, https:\/\/diariodominicano.com\/wp-content\/uploads\/2024\/02\/Miguel-Vargas-La-Alianza-Rescate-RD-se-consolidara-aun-mas-en-los-proximos-dias-1-1536x1071.jpg 1536w, https:\/\/diariodominicano.com\/wp-content\/uploads\/2024\/02\/Miguel-Vargas-La-Alianza-Rescate-RD-se-consolidara-aun-mas-en-los-proximos-dias-1-816x569.jpg 816w, https:\/\/diariodominicano.com\/wp-content\/uploads\/2024\/02\/Miguel-Vargas-La-Alianza-Rescate-RD-se-consolidara-aun-mas-en-los-proximos-dias-1.jpg 1600w\" sizes=\"auto, (max-width: 1024px) 100vw, 1024px\" \/><\/figure>\n\n\n\n<figure class=\"wp-block-image size-large\"><img loading=\"lazy\" decoding=\"async\" width=\"1024\" height=\"682\" data-id=\"505914\" src=\"https:\/\/diariodominicano.com\/wp-content\/uploads\/2024\/02\/Miguel-Vargas-La-Alianza-Rescate-RD-se-consolidara-mas-en-los-proximos-dias-1024x682.jpg\" alt=\"\" class=\"wp-image-505914\" srcset=\"https:\/\/diariodominicano.com\/wp-content\/uploads\/2024\/02\/Miguel-Vargas-La-Alianza-Rescate-RD-se-consolidara-mas-en-los-proximos-dias-1024x682.jpg 1024w, https:\/\/diariodominicano.com\/wp-content\/uploads\/2024\/02\/Miguel-Vargas-La-Alianza-Rescate-RD-se-consolidara-mas-en-los-proximos-dias-300x200.jpg 300w, https:\/\/diariodominicano.com\/wp-content\/uploads\/2024\/02\/Miguel-Vargas-La-Alianza-Rescate-RD-se-consolidara-mas-en-los-proximos-dias-768x512.jpg 768w, https:\/\/diariodominicano.com\/wp-content\/uploads\/2024\/02\/Miguel-Vargas-La-Alianza-Rescate-RD-se-consolidara-mas-en-los-proximos-dias-1536x1023.jpg 1536w, https:\/\/diariodominicano.com\/wp-content\/uploads\/2024\/02\/Miguel-Vargas-La-Alianza-Rescate-RD-se-consolidara-mas-en-los-proximos-dias-816x544.jpg 816w, https:\/\/diariodominicano.com\/wp-content\/uploads\/2024\/02\/Miguel-Vargas-La-Alianza-Rescate-RD-se-consolidara-mas-en-los-proximos-dias.jpg 1600w\" sizes=\"auto, (max-width: 1024px) 100vw, 1024px\" \/><\/figure>\n\n\n\n<figure class=\"wp-block-image size-large\"><img loading=\"lazy\" decoding=\"async\" width=\"1024\" height=\"682\" data-id=\"505913\" src=\"https:\/\/diariodominicano.com\/wp-content\/uploads\/2024\/02\/Miguel-Vargas-La-Alianza-Rescate-RD-se-consolidara-aun-mas-los-proximos-dias-1024x682.jpg\" alt=\"\" class=\"wp-image-505913\" srcset=\"https:\/\/diariodominicano.com\/wp-content\/uploads\/2024\/02\/Miguel-Vargas-La-Alianza-Rescate-RD-se-consolidara-aun-mas-los-proximos-dias-1024x682.jpg 1024w, https:\/\/diariodominicano.com\/wp-content\/uploads\/2024\/02\/Miguel-Vargas-La-Alianza-Rescate-RD-se-consolidara-aun-mas-los-proximos-dias-300x200.jpg 300w, https:\/\/diariodominicano.com\/wp-content\/uploads\/2024\/02\/Miguel-Vargas-La-Alianza-Rescate-RD-se-consolidara-aun-mas-los-proximos-dias-768x512.jpg 768w, https:\/\/diariodominicano.com\/wp-content\/uploads\/2024\/02\/Miguel-Vargas-La-Alianza-Rescate-RD-se-consolidara-aun-mas-los-proximos-dias-1536x1023.jpg 1536w, https:\/\/diariodominicano.com\/wp-content\/uploads\/2024\/02\/Miguel-Vargas-La-Alianza-Rescate-RD-se-consolidara-aun-mas-los-proximos-dias-816x544.jpg 816w, https:\/\/diariodominicano.com\/wp-content\/uploads\/2024\/02\/Miguel-Vargas-La-Alianza-Rescate-RD-se-consolidara-aun-mas-los-proximos-dias.jpg 1600w\" sizes=\"auto, (max-width: 1024px) 100vw, 1024px\" \/><\/figure>\n\n\n\n<figure class=\"wp-block-image size-large\"><img loading=\"lazy\" decoding=\"async\" width=\"1024\" height=\"828\" data-id=\"505912\" src=\"https:\/\/diariodominicano.com\/wp-content\/uploads\/2024\/02\/Miguel-Vargas-La-Alianza-Rescate-RD-se-consolidara-aun-mas-en-los-proximos-dias-1024x828.jpg\" alt=\"\" class=\"wp-image-505912\" srcset=\"https:\/\/diariodominicano.com\/wp-content\/uploads\/2024\/02\/Miguel-Vargas-La-Alianza-Rescate-RD-se-consolidara-aun-mas-en-los-proximos-dias-1024x828.jpg 1024w, https:\/\/diariodominicano.com\/wp-content\/uploads\/2024\/02\/Miguel-Vargas-La-Alianza-Rescate-RD-se-consolidara-aun-mas-en-los-proximos-dias-300x243.jpg 300w, https:\/\/diariodominicano.com\/wp-content\/uploads\/2024\/02\/Miguel-Vargas-La-Alianza-Rescate-RD-se-consolidara-aun-mas-en-los-proximos-dias-768x621.jpg 768w, https:\/\/diariodominicano.com\/wp-content\/uploads\/2024\/02\/Miguel-Vargas-La-Alianza-Rescate-RD-se-consolidara-aun-mas-en-los-proximos-dias-1536x1242.jpg 1536w, https:\/\/diariodominicano.com\/wp-content\/uploads\/2024\/02\/Miguel-Vargas-La-Alianza-Rescate-RD-se-consolidara-aun-mas-en-los-proximos-dias-816x660.jpg 816w, https:\/\/diariodominicano.com\/wp-content\/uploads\/2024\/02\/Miguel-Vargas-La-Alianza-Rescate-RD-se-consolidara-aun-mas-en-los-proximos-dias.jpg 1600w\" sizes=\"auto, (max-width: 1024px) 100vw, 1024px\" \/><\/figure>\n<\/figure>\n\n\n\n<p>Vargas Maldonado, candidato presidencial del PRD, y coherente con su discurso de campa\u00f1a, reiter\u00f3 la constante necesidad que, desde todos los pueblos del pa\u00eds que ha visitado, expresan los dominicanos de \u201csacar del poder a quienes mal les est\u00e1n gobernando\u201d.<\/p>\n\n\n\n<p>\u201cLa Alianza Rescate RD se consolidar\u00e1 a\u00fan m\u00e1s en los pr\u00f3ximos d\u00edas\u201d, reiter\u00f3 durante el evento del domingo. Tambi\u00e9n sostuvo que dicho bloque opositor llevar\u00e1 candidatos comunes en el 90 % de los municipios y distritos del pa\u00eds. Adem\u00e1s, indic\u00f3 que en los pr\u00f3ximos d\u00edas realizar\u00e1n nuevos eventos dirigidos a continuar consolidando esa coalici\u00f3n.<\/p>\n\n\n\n<p>Vargas, vocero de Rescate RD, precis\u00f3 que, pese a tratarse de una amplia y consolidada estructura, mantienen conversaciones para expandir los acuerdos. Esto, para presentar candidatos y candidatas a senadur\u00edas en, por lo menos, 23 provincias.<\/p>\n\n\n\n<p>Detall\u00f3 que la alianza entre la Fuerza del Pueblo, el PLD y el PRD est\u00e1 consolidada en los 360 municipios y distritos municipales. Asimismo, en las 17 provincias en las que pactaron llevar candidaturas comunes para enfrentar al oficialismo.<\/p>\n\n\n\n<p>Remarc\u00f3 que \u201cRescate RD es una respuesta a la necesidad de redirigir al pa\u00eds por un mejor camino, ante una gesti\u00f3n de gobierno caracterizada por la mentira, incompetencia, improvisaci\u00f3n y el cumplimiento\u201d.<\/p>\n\n\n\n<p>\u201cEsas promesas incumplidas en el pa\u00eds completo tambi\u00e9n se dan aqu\u00ed con la extensi\u00f3n de la UASD, la Circunvalaci\u00f3n de Ban\u00ed y el hospital\u201d, sostuvo. Resalt\u00f3 que los oficialistas ofrecieron terminar dichas obras hace dos a\u00f1os, \u201cy no ha habido forma de que cumplan con sus promesas\u201d.<\/p>\n\n\n\n<p>Asimismo, acus\u00f3 al mandatario, quien busca reelegirse, de no actuar debidamente. Dijo que \u00e9l no ha adoptado las medidas necesarias para contrarrestar el alto costo de la vida, la criminalidad y otros males que afectan a la poblaci\u00f3n, \u201ca pesar de haber endeudado el pa\u00eds\u201d.&nbsp;<\/p>\n\n\n\n<p>\u201cEste ha sido el gobernante que m\u00e1s pr\u00e9stamos ha tomado, m\u00e1s que todos los presidentes juntos\u201d, prosigui\u00f3. Tambi\u00e9n lo acus\u00f3 de someter a la gente a una situaci\u00f3n dif\u00edcil. Igualmente, lo culp\u00f3 porque \u201cesas deudas ya no solo la pagar\u00e1n nuestros hijos, sino nuestros nietos y tataranietos\u201d.<\/p>\n\n\n\n<p>Vargas llam\u00f3 a la poblaci\u00f3n a votar por los candidatos de la Alianza Opositora Rescate RD, a trav\u00e9s de la casilla n\u00famero cuatro, del PRD en la boleta electoral. Adem\u00e1s, la exhort\u00f3 a no dejarse confundir por la falsa percepci\u00f3n que, a su juicio, intenta vender el partido oficialista. Esto es, con el uso de recursos del Estado para proselitismo pol\u00edtico.<\/p>\n\n\n\n<p>\u201cNo se dejen enga\u00f1ar por esas encuestas que presenta el Gobierno, que son producto de los m\u00e1s de RD$8,000 millones que gasta en los medios de comunicaci\u00f3n\u201d, advirti\u00f3. \u201cLes aseguro que en mayo el candidato del PRM no sacar\u00e1 m\u00e1s de un 40 % de los votos\u201d, expres\u00f3 Vargas.<\/p>\n\n\n\n<p><strong>Detalles del recorrido<\/strong><\/p>\n\n\n\n<p>Los eventos de este domingo fueron celebrados en las instalaciones del PRD en los distritos municipales Villa Fundaci\u00f3n y Pizarrete, as\u00ed como en el municipio Ban\u00ed. En el primero, Miguel Vargas encabez\u00f3 un acto masivo en respaldo a Katherine Pimentel (\u201cLa Jefa\u201d), directora municipal y candidata al mismo puesto por la Alianza Opositora Rescate RD. Adem\u00e1s, el PRD, a trav\u00e9s de su l\u00edder, formaliz\u00f3 su respaldo al candidato a alcalde de Ban\u00ed por dicha coalici\u00f3n, Julio Santos (FP).<\/p>\n\n\n\n<p>El l\u00edder de los perrede\u00edstas tambi\u00e9n dirigi\u00f3 un concurrido encuentro en favor de los candidatos a directores distritales de El Carret\u00f3n, Jochy de los Santos, de Las Bar\u00edas, Francis Alvarez (\u201cEl Muchachito\u201d), y de Pizarrete, Milc\u00edades Mart\u00ednez (\u201cEl Bolo\u201d).<\/p>\n\n\n\n<p>Acompa\u00f1aron a Miguel Vargas el vicepresidente del PRD, H\u00e9ctor Guzm\u00e1n, y el presidente del partido para la regi\u00f3n sur, Bernardo Arroyo. Igualmente, la secretaria de Asuntos Internacionales del PRD y presidenta del Parlancen, Silvia Garc\u00eda, y el candidato a senador de Peravia, Ra\u00fal Lara. Tambi\u00e9n, el presidente municipal, H\u00e9ctor Mostat, y los contendores para diputados Abigail Soto y Licelot Arias.<\/p>\n\n\n\n<p>Asimismo, participaron Bienvenido Montero, presidente provincial de la Fuerza del Pueblo; Odalis Mej\u00eda, representante del PLD, y destacadas comisiones de ambos partidos.&nbsp;<\/p>\n","protected":false},"excerpt":{"rendered":"<p>Presidente del PRD afirma que la coalici\u00f3n opositora lleva candidatos comunes en el 90 % de los municipios y distritos del pa\u00eds Peravia. \u2013 &nbsp;El presidente del Partido Revolucionario Dominicano (PRD), ingeniero Miguel Vargas Maldonado, anunci\u00f3 el fortalecimiento de la Alianza Opositora Rescate RD, de la que esa organizaci\u00f3n forma parte junto a los partidos [&hellip;]<\/p>\n","protected":false},"author":7,"featured_media":505915,"comment_status":"closed","ping_status":"","sticky":true,"template":"","format":"standard","meta":{"footnotes":""},"categories":[22,27],"tags":[],"class_list":["post-505817","post","type-post","status-publish","format-standard","has-post-thumbnail","hentry","category-politica","category-portada"],"_links":{"self":[{"href":"https:\/\/diariodominicano.com\/index.php?rest_route=\/wp\/v2\/posts\/505817","targetHints":{"allow":["GET"]}}],"collection":[{"href":"https:\/\/diariodominicano.com\/index.php?rest_route=\/wp\/v2\/posts"}],"about":[{"href":"https:\/\/diariodominicano.com\/index.php?rest_route=\/wp\/v2\/types\/post"}],"author":[{"embeddable":true,"href":"https:\/\/diariodominicano.com\/index.php?rest_route=\/wp\/v2\/users\/7"}],"replies":[{"embeddable":true,"href":"https:\/\/diariodominicano.com\/index.php?rest_route=%2Fwp%2Fv2%2Fcomments&post=505817"}],"version-history":[{"count":2,"href":"https:\/\/diariodominicano.com\/index.php?rest_route=\/wp\/v2\/posts\/505817\/revisions"}],"predecessor-version":[{"id":505929,"href":"https:\/\/diariodominicano.com\/index.php?rest_route=\/wp\/v2\/posts\/505817\/revisions\/505929"}],"wp:featuredmedia":[{"embeddable":true,"href":"https:\/\/diariodominicano.com\/index.php?rest_route=\/wp\/v2\/media\/505915"}],"wp:attachment":[{"href":"https:\/\/diariodominicano.com\/index.php?rest_route=%2Fwp%2Fv2%2Fmedia&parent=505817"}],"wp:term":[{"taxonomy":"category","embeddable":true,"href":"https:\/\/diariodominicano.com\/index.php?rest_route=%2Fwp%2Fv2%2Fcategories&post=505817"},{"taxonomy":"post_tag","embeddable":true,"href":"https:\/\/diariodominicano.com\/index.php?rest_route=%2Fwp%2Fv2%2Ftags&post=505817"}],"curies":[{"name":"wp","href":"https:\/\/api.w.org\/{rel}","templated":true}]}}