{"id":505765,"date":"2024-02-05T01:36:36","date_gmt":"2024-02-05T05:36:36","guid":{"rendered":"https:\/\/diariodominicano.com\/?p=505765"},"modified":"2024-02-05T02:50:48","modified_gmt":"2024-02-05T06:50:48","slug":"leonel-asegura-que-desde-el-gobierno-se-estan-anticipando-a-la-pela-que-van-a-recibir-en-febrero","status":"publish","type":"post","link":"https:\/\/diariodominicano.com\/?p=505765","title":{"rendered":"Leonel asegura que desde el gobierno se est\u00e1n anticipando a la pela que van a recibir en febrero"},"content":{"rendered":"\n<p>LF moviliza miles de personas en respaldo a candidatura\u00a0 de Josefina Tam\u00e1rez a la Alcald\u00eda de San Crist\u00f3bal.<\/p>\n\n\n\n<p>San Crist\u00f3bal, RD.- El candidato presidencial y l\u00edder del partido Fuerza del Pueblo, Leonel Fern\u00e1ndez, declar\u00f3 aqu\u00ed que desde el gobierno se est\u00e1n anticipando \u201ca la pela que van a recibir\u201d el 18 de febrero en las elecciones municipales.<\/p>\n\n\n\n<p>\u201cMe dicen que desde el gobierno compraron todo el cebo de flande que hay en distintas farmacias del pa\u00eds y es porque se est\u00e1n anticipando a la pela que van a recibir en las pr\u00f3ximas elecciones\u201d, expres\u00f3 el l\u00edder de la oposici\u00f3n pol\u00edtica del pa\u00eds, al dirigirse a miles de personas que este domingo, ya de noche, manifestaron su apoyo a la candidata a la Alcald\u00eda de este municipio, Josefina Tam\u00e1rez .<\/p>\n\n\n\n<p><strong>Fern\u00e1ndez garantiz\u00f3 que con su vuelta al poder el pueblo volver\u00e1 a comer, en clara alusi\u00f3n a los altos precios de los alimentos que prevalecen en esta gesti\u00f3n de gobierno.<\/strong><\/p>\n\n\n\n<figure class=\"wp-block-image size-full\"><img loading=\"lazy\" decoding=\"async\" width=\"268\" height=\"188\" src=\"https:\/\/diariodominicano.com\/wp-content\/uploads\/2024\/02\/san-cristobal-411.jpg\" alt=\"\" class=\"wp-image-505766\"\/><\/figure>\n\n\n\n<p>Las declaraciones del candidato presidencial y l\u00edder del partido Fuerza del Pueblo, Leonel Fern\u00e1ndez, fueron ofrecidas cuando concluy\u00f3 pasada las 8:30 de la noche, las grandes manifestaciones y marchas-caravanas, que encabez\u00f3 este domingo en respaldo a los candidatos municipales y distritales de FP y organizaciones aliadas en la provincia de San Crist\u00f3bal.<\/p>\n\n\n\n<p>Se trat\u00f3 de la m\u00e1s grande y multitudinaria marcha-caravana realizada en apoyo a un candidato a la Alcald\u00eda en el municipio de San Crist\u00f3bal.<\/p>\n\n\n\n<figure class=\"wp-block-image size-full\"><img loading=\"lazy\" decoding=\"async\" width=\"300\" height=\"168\" src=\"https:\/\/diariodominicano.com\/wp-content\/uploads\/2024\/02\/Leonel-san-cristobal-42.jpg\" alt=\"\" class=\"wp-image-505769\"\/><\/figure>\n\n\n\n<p>Miles de ciudadanos de San Crist\u00f3bal recibieron con una tremenda algarab\u00eda a Leonel Fern\u00e1ndez junto a la candidata que se perfila como la pr\u00f3xima alcaldesa&nbsp; de este municipio, Josefina Tam\u00e1rez, a quien todas las mediciones realizadas, a menos de trece d\u00edas para las elecciones municipales, les dan grandes posibilidades de triunfo.<\/p>\n\n\n\n<p>Las calles de San Crist\u00f3bal, desde tempranas horas de la tarde de este domingo, presentaban un ambiente festivo, de alegr\u00eda, a la espera del principal l\u00edder pol\u00edtico dominicano&nbsp; y de la candidata a la Alcald\u00eda, Josefina Tam\u00e1rez.<\/p>\n\n\n\n<p>Tras anunciarse la llegada de Fern\u00e1ndez y Josefina Tam\u00e1rez,&nbsp; se produjo una incre\u00edble&nbsp; ovaci\u00f3n, y se escuch\u00f3 por dondequiera&nbsp; el grito \u00a1Vuelve&nbsp; Leonel, vuelve el progreso!<\/p>\n\n\n\n<figure class=\"wp-block-image size-full\"><img loading=\"lazy\" decoding=\"async\" width=\"301\" height=\"167\" src=\"https:\/\/diariodominicano.com\/wp-content\/uploads\/2024\/02\/Leonel-44.jpg\" alt=\"\" class=\"wp-image-505772\"\/><\/figure>\n\n\n\n<p>&nbsp;Miles de personas se congregaron a ambos lados de las calles recorridas por Fern\u00e1ndez y Josefina Tam\u00e1rez, en marcha-caravana, por diferentes sectores de esta poblaci\u00f3n.<\/p>\n\n\n\n<figure class=\"wp-block-image size-full\"><img loading=\"lazy\" decoding=\"async\" width=\"303\" height=\"167\" src=\"https:\/\/diariodominicano.com\/wp-content\/uploads\/2024\/02\/Leonel-sc-443.jpg\" alt=\"\" class=\"wp-image-505773\" srcset=\"https:\/\/diariodominicano.com\/wp-content\/uploads\/2024\/02\/Leonel-sc-443.jpg 303w, https:\/\/diariodominicano.com\/wp-content\/uploads\/2024\/02\/Leonel-sc-443-300x165.jpg 300w\" sizes=\"auto, (max-width: 303px) 100vw, 303px\" \/><\/figure>\n\n\n\n<p><strong>La marcha-caravana inici\u00f3 en avenida Libertad, pr\u00f3ximo al hotel San Crist\u00f3bal, recorriendo las calles\u00a0 Armando Nivar, Salcedo, avenida Constituci\u00f3n, hasta llegar a la Duarte.<\/strong><\/p>\n\n\n\n<p>En las intersecciones de las calles, cientos de personas se aglomeraron para expresar su apoyo de manera firme a la candidata a la Alcald\u00eda de San Crist\u00f3bal, Josefina Tam\u00e1rez.<\/p>\n\n\n\n<p><strong>Leonel y candidatos de la FP y aliados consistan gran apoyo en distritos y municipios de provincia San Crist\u00f3bal<\/strong><\/p>\n\n\n\n<p>En San Crist\u00f3bal, \u00a0 Pasada las 3:00 de la tarde, militantes, simpatizantes y amigos del partido Fuerza del Pueblo (FP) y su candidato presidencial, Leonel Fern\u00e1ndez, acudieron a la provincia para convencer a la gente de que apoyen sus propuestas municipales en las elecciones pautadas para el domingo 18 de febrero, recibiendo un s\u00f3lido y caluroso respaldo, que ha sorprendido hasta al propio l\u00edder pol\u00edtico dominicano.<\/p>\n\n\n\n<figure class=\"wp-block-image size-full\"><img loading=\"lazy\" decoding=\"async\" width=\"314\" height=\"161\" src=\"https:\/\/diariodominicano.com\/wp-content\/uploads\/2024\/02\/Leonel-sc-5.jpg\" alt=\"\" class=\"wp-image-505775\" srcset=\"https:\/\/diariodominicano.com\/wp-content\/uploads\/2024\/02\/Leonel-sc-5.jpg 314w, https:\/\/diariodominicano.com\/wp-content\/uploads\/2024\/02\/Leonel-sc-5-300x154.jpg 300w\" sizes=\"auto, (max-width: 314px) 100vw, 314px\" \/><\/figure>\n\n\n\n<p><strong>Fern\u00e1ndez lleg\u00f3 al distrito municipal del Carril para respaldar al candidato de la Fuerza del Pueblo, Marcelino Cruz P\u00e9rez, propuesto para ocupar la direcci\u00f3n de esta importante demarcaci\u00f3n territorial.<\/strong><\/p>\n\n\n\n<p>En la poblaci\u00f3n de Quita Sue\u00f1o, Noel\u00ed Lebr\u00f3n Rosario, candidato a ocupar esta direcci\u00f3n municipal, moviliz\u00f3 cientos de personas que apoyan su candidatura y la de Leonel Fern\u00e1ndez como candidato presidencial de la FP y organizaciones aliadas.<\/p>\n\n\n\n<p><strong>En Nigua<\/strong>, cientos de personas de diferentes edades y estratos sociales\u00a0 salieron a las calles\u00a0 para expresar su apoyo a Juan Benito Brito Reyes, candidato a la Alcald\u00eda de este municipio por el partido Fuerza del Pueblo y aliados, y proclamar a Leonel Fern\u00e1ndez como el pr\u00f3ximo presidente de la Rep\u00fablica.<\/p>\n\n\n\n<p>En tanto que en Hatillo, una muchedumbre humana se lanz\u00f3 a las calles, exhibiendo atuendos verde, color de la FP, y de otros colores, alusivos a los partidos aliados,\u00a0 en se\u00f1al de apoyo a Leonel Mieses, candidato a dirigir este distrito municipal,\u00a0 que fue presentado por Leonel Fern\u00e1ndez, principal l\u00edder opositor dominicano.<\/p>\n\n\n\n<p>Luego Fern\u00e1ndez se dirigi\u00f3  al municipio de Haina, donde ya est\u00e1 siendo esperado por Antonio Brito, reconocido empresario del transporte y actual director del distrito municipal de Quita Sue\u00f1o.<\/p>\n\n\n\n<p>Brito ha concitado un gran respaldo a sus aspiraciones de dirigir ese municipio, y junto al l\u00edder de la oposici\u00f3n pol\u00edtica dominicana, Leonel Fern\u00e1ndez, recorrer\u00e1n las principales calles de esta jurisdicci\u00f3n.<\/p>\n\n\n\n<p>Las grandes manifestaciones de masas y demostraciones de apoyo a los candidatos municipales y distritales de la Fuerza del Pueblo y entidades aliadas, en la provincia de San Crist\u00f3bal, concluir\u00e1n al finalizar la tarde de este domingo con una multitudinaria marcha-caravana, en el municipio cabecera.<\/p>\n\n\n\n<p>La  actividad  de San Crist\u00f3bal fue encabezada por la candidata a la Alcald\u00eda, Josefina Tam\u00e1rez, y el presidente de la FP, principal l\u00edder pol\u00edtico de la oposici\u00f3n dominicana, Leonel Fern\u00e1ndez,<\/p>\n\n\n\n<p><strong>Llenan calles de Haina en apoyo a Leonel y Antonio Brito, candidato a la Alcald\u00eda<\/strong><\/p>\n\n\n\n<p><strong>En Haina, <\/strong>las calles de esta poblaci\u00f3n fueron abarrotadas de personas que salieron en masas de sus casas a dar su respaldo al candidato a la Alcald\u00eda de este municipio por el partido Fuerza del Pueblo y entidades aliadas, Antonio Brito.<\/p>\n\n\n\n<p>La llegada del candidato presidencial de la FP y organizaciones aliadas, Leonel Fern\u00e1ndez, que vino a respaldar a Brito, elev\u00f3 los \u00e1nimos al m\u00e1s alto nivel.<\/p>\n\n\n\n<p>La gente sal\u00eda de sus hogares a corear a los candidatos de la FP y aliados al paso de la marcha-caravana que parec\u00eda interminable.<\/p>\n\n\n\n<p>Una enorme multitud de personas, que abarrotaba un escenario de m\u00e1s de 800 metros de largo, marchaba junto a sus candidatos, a pies, motocicletas y en diferentes tipos de veh\u00edculos.<\/p>\n\n\n\n<p>Antonio Brito, quien todas las encuestas indica que ser\u00e1 el vencedor en los comicios del 18 de febrero, en las elecciones municipales de Haina, es el actual director del distrito municipal de Quita Sue\u00f1o y pertenece a las filas del Movimiento Rebelde que lidera Juan Hubieres.<\/p>\n\n\n\n<p>La compa\u00f1era de boleta de Brito es Patricia Encarnaci\u00f3n, vicesecretaria de comunicaci\u00f3n de la Fuerza del Pueblo.<\/p>\n\n\n\n<p>La multitud acompa\u00f1\u00f3 a los candidatos a la Alcald\u00eda de Haina y a la Presidencia de la Rep\u00fablica por la Fuerza del Pueblo hasta la entrada al municipio de Nigua, donde continuar\u00e1n las actividades de Fern\u00e1ndez en respaldo a los candidatos municipales de la de la FP y entidades aliadas.<\/p>\n\n\n\n<p>Desde all\u00ed, Fern\u00e1ndez se traslad\u00f3 a San Crist\u00f3bal, donde concluy\u00f3 sus actividades con una marcha-caravana.<\/p>\n\n\n\n<p>Secretar\u00eda de Comunicaciones\u00a0Fuerza del Pueblo<\/p>\n","protected":false},"excerpt":{"rendered":"<p>LF moviliza miles de personas en respaldo a candidatura\u00a0 de Josefina Tam\u00e1rez a la Alcald\u00eda de San Crist\u00f3bal. San Crist\u00f3bal, RD.- El candidato presidencial y l\u00edder del partido Fuerza del Pueblo, Leonel Fern\u00e1ndez, declar\u00f3 aqu\u00ed que desde el gobierno se est\u00e1n anticipando \u201ca la pela que van a recibir\u201d el 18 de febrero en las [&hellip;]<\/p>\n","protected":false},"author":28,"featured_media":505787,"comment_status":"closed","ping_status":"","sticky":true,"template":"","format":"standard","meta":{"footnotes":""},"categories":[22,27],"tags":[],"class_list":["post-505765","post","type-post","status-publish","format-standard","has-post-thumbnail","hentry","category-politica","category-portada"],"_links":{"self":[{"href":"https:\/\/diariodominicano.com\/index.php?rest_route=\/wp\/v2\/posts\/505765","targetHints":{"allow":["GET"]}}],"collection":[{"href":"https:\/\/diariodominicano.com\/index.php?rest_route=\/wp\/v2\/posts"}],"about":[{"href":"https:\/\/diariodominicano.com\/index.php?rest_route=\/wp\/v2\/types\/post"}],"author":[{"embeddable":true,"href":"https:\/\/diariodominicano.com\/index.php?rest_route=\/wp\/v2\/users\/28"}],"replies":[{"embeddable":true,"href":"https:\/\/diariodominicano.com\/index.php?rest_route=%2Fwp%2Fv2%2Fcomments&post=505765"}],"version-history":[{"count":5,"href":"https:\/\/diariodominicano.com\/index.php?rest_route=\/wp\/v2\/posts\/505765\/revisions"}],"predecessor-version":[{"id":505788,"href":"https:\/\/diariodominicano.com\/index.php?rest_route=\/wp\/v2\/posts\/505765\/revisions\/505788"}],"wp:featuredmedia":[{"embeddable":true,"href":"https:\/\/diariodominicano.com\/index.php?rest_route=\/wp\/v2\/media\/505787"}],"wp:attachment":[{"href":"https:\/\/diariodominicano.com\/index.php?rest_route=%2Fwp%2Fv2%2Fmedia&parent=505765"}],"wp:term":[{"taxonomy":"category","embeddable":true,"href":"https:\/\/diariodominicano.com\/index.php?rest_route=%2Fwp%2Fv2%2Fcategories&post=505765"},{"taxonomy":"post_tag","embeddable":true,"href":"https:\/\/diariodominicano.com\/index.php?rest_route=%2Fwp%2Fv2%2Ftags&post=505765"}],"curies":[{"name":"wp","href":"https:\/\/api.w.org\/{rel}","templated":true}]}}