{"id":505763,"date":"2024-02-05T01:11:59","date_gmt":"2024-02-05T05:11:59","guid":{"rendered":"https:\/\/diariodominicano.com\/?p=505763"},"modified":"2024-02-05T01:11:59","modified_gmt":"2024-02-05T05:11:59","slug":"luis-el-gallo-advierte-grandes-potencias-tienen-que-respetar-a-rd-ni-un-metro-para-campamentos-refugiados","status":"publish","type":"post","link":"https:\/\/diariodominicano.com\/?p=505763","title":{"rendered":"Luis \u201cEl Gallo advierte grandes potencias tienen que respetar a RD; ni un metro para campamentos refugiados"},"content":{"rendered":"\n<p>El presidente de la Uni\u00f3n Dem\u00f3crata Cristiana -UDC., Luis Acosta Moreta, Luis \u201cEl Gallo\u201d, advirti\u00f3 hoy que no se permitir\u00e1&nbsp;&nbsp;que un solo metro del territorio nacional sea utilizado para establecer campamentos de refugiados, y dijo que la Rep\u00fablica Dominicana tiene que ser respetada por las grandes potencias.<\/p>\n\n\n\n<p>En una gira-caravana por pueblos de la zona fronteriza, Luis \u201cEl Gallo\u201d enfatiz\u00f3 que el territorio nacional no est\u00e1 en venta, ni es una pi\u00f1ata apara que las grandes potencias ejecuten su geo-pol\u00edtica sin tomar en cuenta los intereses nacionales.<\/p>\n\n\n\n<p>Los dominicanos, asever\u00f3, son opuestos a que un solo metro de nuestro territorio sea utilizado como campamento para refugiadas haitianos, que salgan huyendo de la crisis pol\u00edtica y social que est\u00e1 vivienda su pa\u00eds.<\/p>\n\n\n\n<figure class=\"wp-block-image size-large\"><img loading=\"lazy\" decoding=\"async\" width=\"872\" height=\"1024\" src=\"https:\/\/diariodominicano.com\/wp-content\/uploads\/2023\/11\/Luis-Acosta-Moreta-872x1024.jpg\" alt=\"\" class=\"wp-image-491911\" srcset=\"https:\/\/diariodominicano.com\/wp-content\/uploads\/2023\/11\/Luis-Acosta-Moreta-872x1024.jpg 872w, https:\/\/diariodominicano.com\/wp-content\/uploads\/2023\/11\/Luis-Acosta-Moreta-255x300.jpg 255w, https:\/\/diariodominicano.com\/wp-content\/uploads\/2023\/11\/Luis-Acosta-Moreta-768x902.jpg 768w, https:\/\/diariodominicano.com\/wp-content\/uploads\/2023\/11\/Luis-Acosta-Moreta-816x959.jpg 816w, https:\/\/diariodominicano.com\/wp-content\/uploads\/2023\/11\/Luis-Acosta-Moreta.jpg 1042w\" sizes=\"auto, (max-width: 872px) 100vw, 872px\" \/><\/figure>\n\n\n\n<p>Luis \u201cEl Gallo\u201d encabez\u00f3 caravanas de apoyo al presidente Luis Abinader y a los candidatos municipales de la UDC en&nbsp;&nbsp;comunidades&nbsp;&nbsp;de Dajab\u00f3n y Mao.<\/p>\n\n\n\n<p>Cientos de residentes vitorearon al presidente Abinader y a Luis \u201cEl Gallo\u201d al paso de la caravana, cuya m\u00fasica emblem\u00e1tica fue&nbsp;&nbsp;tocada por La Banda Imperial, en compa\u00f1\u00eda del Batton Battle.<\/p>\n\n\n\n<p>En el fin de semana, Luis \u201cEl Gallo y la UDC tambi\u00e9n realizaron una gran caravana en el sector de Cristo Rey, en respaldo a la candidata a la alcald\u00eda en el Distrito Nacional, Carolina Mej\u00eda.<\/p>\n\n\n\n<p>Luis \u201cEl Gallo\u201d destac\u00f3 que los barrios, como Cristo Rey, coraz\u00f3n de las zonas populares, est\u00e1n con el presidente Abinader y la alcaldesa Carolina, porque siempre tienen presente a sus moradores y favorecen la construcci\u00f3n de obras que son vitales para la comunidad.<\/p>\n\n\n\n<p>El recorrido triunfante de la UDC tambi\u00e9n visit\u00f3 en el fin de semana al sector de Pantoja, donde sus moradores salieron a las calles y dijeron que el presidente Abinader debe continuar al frente del gobierno cuatro a\u00f1os m\u00e1s.<\/p>\n\n\n\n<p>En La Victoria se dio un desbordamiento de masas, con las chicas del Batton Battle bailando en sus calles, mientras se escuchaban los himnos populares y patri\u00f3ticos de La Banda Imperial.<\/p>\n\n\n\n<p>El s\u00e1bado, Luis \u201cEl Gallo\u201d estuvo en la parte Oeste de Santiago, haciendo campa\u00f1a a favor de los candidatos para las elecciones municipales de la UDC.<\/p>\n\n\n\n<p>El recorrido del s\u00e1bado finaliz\u00f3 con un desfile por los barrios populares de Puerto Plata. Luis \u201cEl Gallo\u201d, encima de la carroza que encabezaba el desfile, lanz\u00f3 paletas, dulces y golosinas a los ni\u00f1os y adultos que lo esperaban en las aceras de todas las comunidades que visit\u00f3 en el fin de semana.<\/p>\n\n\n\n<p>luis \u00abEl Gallo\u00bb informa&#8230;<\/p>\n\n\n\n<p><a target=\"_blank\" href=\"mailto:notixias2000-luiselgalloinforma@yahoo.com\" rel=\"noreferrer noopener\">notixias2000-luiselgalloinforma@<\/a><\/p>\n","protected":false},"excerpt":{"rendered":"<p>El presidente de la Uni\u00f3n Dem\u00f3crata Cristiana -UDC., Luis Acosta Moreta, Luis \u201cEl Gallo\u201d, advirti\u00f3 hoy que no se permitir\u00e1&nbsp;&nbsp;que un solo metro del territorio nacional sea utilizado para establecer campamentos de refugiados, y dijo que la Rep\u00fablica Dominicana tiene que ser respetada por las grandes potencias. En una gira-caravana por pueblos de la zona [&hellip;]<\/p>\n","protected":false},"author":28,"featured_media":491912,"comment_status":"closed","ping_status":"","sticky":true,"template":"","format":"standard","meta":{"footnotes":""},"categories":[22,27],"tags":[],"class_list":["post-505763","post","type-post","status-publish","format-standard","has-post-thumbnail","hentry","category-politica","category-portada"],"_links":{"self":[{"href":"https:\/\/diariodominicano.com\/index.php?rest_route=\/wp\/v2\/posts\/505763","targetHints":{"allow":["GET"]}}],"collection":[{"href":"https:\/\/diariodominicano.com\/index.php?rest_route=\/wp\/v2\/posts"}],"about":[{"href":"https:\/\/diariodominicano.com\/index.php?rest_route=\/wp\/v2\/types\/post"}],"author":[{"embeddable":true,"href":"https:\/\/diariodominicano.com\/index.php?rest_route=\/wp\/v2\/users\/28"}],"replies":[{"embeddable":true,"href":"https:\/\/diariodominicano.com\/index.php?rest_route=%2Fwp%2Fv2%2Fcomments&post=505763"}],"version-history":[{"count":1,"href":"https:\/\/diariodominicano.com\/index.php?rest_route=\/wp\/v2\/posts\/505763\/revisions"}],"predecessor-version":[{"id":505764,"href":"https:\/\/diariodominicano.com\/index.php?rest_route=\/wp\/v2\/posts\/505763\/revisions\/505764"}],"wp:featuredmedia":[{"embeddable":true,"href":"https:\/\/diariodominicano.com\/index.php?rest_route=\/wp\/v2\/media\/491912"}],"wp:attachment":[{"href":"https:\/\/diariodominicano.com\/index.php?rest_route=%2Fwp%2Fv2%2Fmedia&parent=505763"}],"wp:term":[{"taxonomy":"category","embeddable":true,"href":"https:\/\/diariodominicano.com\/index.php?rest_route=%2Fwp%2Fv2%2Fcategories&post=505763"},{"taxonomy":"post_tag","embeddable":true,"href":"https:\/\/diariodominicano.com\/index.php?rest_route=%2Fwp%2Fv2%2Ftags&post=505763"}],"curies":[{"name":"wp","href":"https:\/\/api.w.org\/{rel}","templated":true}]}}