{"id":50574,"date":"2020-08-18T04:11:01","date_gmt":"2020-08-18T04:11:01","guid":{"rendered":"http:\/\/diariodominicano.ddns.net\/?p=50574"},"modified":"2020-08-18T04:11:01","modified_gmt":"2020-08-18T04:11:01","slug":"juan-pablo-duarte-pina-y-perez-viajan-de-saint-thomas-a-venezuela-2","status":"publish","type":"post","link":"https:\/\/diariodominicano.com\/?p=50574","title":{"rendered":"Juan Pablo Duarte, Pina y P\u00e9rez  viajan de Saint Thomas a Venezuela"},"content":{"rendered":"<p><body><\/p>\n<p><strong>Juan Pablo Duarte, Pina y P\u00e9rez  viajan de Saint Thomas a Venezuela<\/strong><\/p>\n<p><strong> <\/strong><\/p>\n<p><strong>H\u00e9ctor Tineo N<\/strong><\/p>\n<p><strong> <\/strong><\/p>\n<p><strong> <\/strong><\/p>\n<p><strong>SAINT THOMAS, el  18 de agosto de 1843<\/strong>, Juan Pablo Duarte, Pedro Alejandrino Pina y Juan Isidro P\u00e9rez, salieron de Saint Thomas con destino a la Guaira, Venezuela.<\/p>\n<\/p>\n<p>   Los tres se encontraban exiliados en Saint Thomas, desde el d\u00eda 11 de agosto de 1843, cuando llegaron de la isla de Vieques, Puerto Rico. Hab\u00edan salido de la ciudad de Santo Domingo, el d\u00eda 2 de agosto de 1843, para escapar a la persecuci\u00f3n del Gobierno haitiano.<\/p>\n<\/p>\n<p>  El viaje a La Guaira lo hicieron en la goleta venezolana \u00abLa Felicidad\u00bb, capitaneada por Nicol\u00e1s E. Damers.<\/p>\n<\/p>\n<p>    Juan Pablo Duarte, y sus compa\u00f1eros de La Trinitaria, Juan Isidro P\u00e9rez y Pedro Alejandrino Pina, hab\u00edan llegado a la isla  Vieques, el d\u00eda 10 de agosto de 1843.<\/p>\n<h6> 2020-08-18 04:11:01 <\/h6>\n<p><!--\n<link rel=\"stylesheet\" href=\"css\/bootstrap.min.css\">\n\n\n<ul class=\"pagination\">\n\t    \n\t\n\n<li >\n\t<a href='?page_no=309'>Previous<\/a>\n\t<\/li>\n\n\n       \n    \n\n<li><a href='?page_no=1'>1<\/a><\/li>\n\n\n\n<li><a href='?page_no=2'>2<\/a><\/li>\n\n\n\n<li><a>...<\/a><\/li>\n\n\n\n<li><a href='?page_no=308'>308<\/a><\/li>\n\n\n\n<li><a href='?page_no=309'>309<\/a><\/li>\n\n\n\n<li class='active'><a>310<\/a><\/li>\n\n\n\n<li><a href='?page_no=311'>311<\/a><\/li>\n\n\n\n<li><a href='?page_no=312'>312<\/a><\/li>\n\n\n\n<li><a>...<\/a><\/li>\n\n\n\n<li><a href='?page_no=22911'>22911<\/a><\/li>\n\n\n\n<li><a href='?page_no=22912'>22912<\/a><\/li>\n\n    \n\t\n\n<li >\n\t<a href='?page_no=311'>Next<\/a>\n\t<\/li>\n\n\n    \n\n<li><a href='?page_no=22912'>Last &rsaquo;&rsaquo;<\/a><\/li>\n\n<\/ul>\n\n\n--><br \/>\n<\/body><\/p>\n","protected":false},"excerpt":{"rendered":"<p>Juan Pablo Duarte, Pina y P\u00e9rez viajan de Saint Thomas a Venezuela H\u00e9ctor Tineo N SAINT THOMAS, el 18 de agosto de 1843, Juan Pablo Duarte, Pedro Alejandrino Pina y Juan Isidro P\u00e9rez, salieron de Saint Thomas con destino a la Guaira, Venezuela. Los tres se encontraban exiliados en Saint Thomas, desde el d\u00eda 11 [&hellip;]<\/p>\n","protected":false},"author":3,"featured_media":0,"comment_status":"open","ping_status":"open","sticky":false,"template":"","format":"standard","meta":{"footnotes":""},"categories":[21],"tags":[],"class_list":["post-50574","post","type-post","status-publish","format-standard","hentry","category-cultura"],"_links":{"self":[{"href":"https:\/\/diariodominicano.com\/index.php?rest_route=\/wp\/v2\/posts\/50574","targetHints":{"allow":["GET"]}}],"collection":[{"href":"https:\/\/diariodominicano.com\/index.php?rest_route=\/wp\/v2\/posts"}],"about":[{"href":"https:\/\/diariodominicano.com\/index.php?rest_route=\/wp\/v2\/types\/post"}],"author":[{"embeddable":true,"href":"https:\/\/diariodominicano.com\/index.php?rest_route=\/wp\/v2\/users\/3"}],"replies":[{"embeddable":true,"href":"https:\/\/diariodominicano.com\/index.php?rest_route=%2Fwp%2Fv2%2Fcomments&post=50574"}],"version-history":[{"count":0,"href":"https:\/\/diariodominicano.com\/index.php?rest_route=\/wp\/v2\/posts\/50574\/revisions"}],"wp:attachment":[{"href":"https:\/\/diariodominicano.com\/index.php?rest_route=%2Fwp%2Fv2%2Fmedia&parent=50574"}],"wp:term":[{"taxonomy":"category","embeddable":true,"href":"https:\/\/diariodominicano.com\/index.php?rest_route=%2Fwp%2Fv2%2Fcategories&post=50574"},{"taxonomy":"post_tag","embeddable":true,"href":"https:\/\/diariodominicano.com\/index.php?rest_route=%2Fwp%2Fv2%2Ftags&post=50574"}],"curies":[{"name":"wp","href":"https:\/\/api.w.org\/{rel}","templated":true}]}}