{"id":50573,"date":"2020-11-20T14:39:29","date_gmt":"2020-11-20T14:39:29","guid":{"rendered":"http:\/\/diariodominicano.ddns.net\/?p=50573"},"modified":"2020-11-20T14:39:29","modified_gmt":"2020-11-20T14:39:29","slug":"mescyt-ue-y-aecid-inauguran-diplomado-en-formacion-profesional","status":"publish","type":"post","link":"https:\/\/diariodominicano.com\/?p=50573","title":{"rendered":"MESCYT, UE y AECID inauguran diplomado en formaci\u00f3n profesional"},"content":{"rendered":"<p><body><\/p>\n<p><img decoding=\"async\" src=\"img3\/GarciaFermin20-11-20.jpg\" \/>  <\/p>\n<p><span class=\"text1noticias\">diariodominicano.com<\/span><\/p>\n<p><span class=\"text1noticias\"> <\/span><\/p>\n<p><span class=\"text1noticias\">Santo Domingo, R. D., 20 de noviembre, 2020.- El Ministerio de Educaci\u00f3n Superior, Ciencia y Tecnolog\u00eda (MESCYT) inauguraron el diplomado \u00abUna mirada a la formaci\u00f3n profesional: desarrollo de un plan de estudios basados en competencias\u00bb, como parte de un programa de gobierno financiado por  la Uni\u00f3n Europea (EU) y la  Agencia Espa\u00f1ola de Cooperaci\u00f3n Internacional para el Desarrollo (AECID). <\/span><\/p>\n<p><span class=\"text1noticias\"> <\/span><\/p>\n<p><span class=\"text1noticias\">El programa formativo, coordinado por el Ministerio de la Presidencia, se desarrollar\u00e1 dentro del proyecto \u00abRevisi\u00f3n y educaci\u00f3n de la oferta curricular t\u00e9cnico superior\u00bb, con el objetivo de orientar  en el dise\u00f1o de nuevos planes de estudios para las titulaciones de nivel t\u00e9cnico superior, con un enfoque basado en competencias b\u00e1sicas, generales y espec\u00edficas.<\/span><\/p>\n<p><span class=\"text1noticias\"> <\/span><\/p>\n<p><span class=\"text1noticias\">El Ministro del MESCYT, doctor Franklin Garc\u00eda Ferm\u00edn, agradeci\u00f3 el respaldo de las instituciones que a trav\u00e9s de los ministerios de Presidencia y de Econom\u00eda y Planificaci\u00f3n har\u00e1n posible la impartici\u00f3n del diplomado,  que representa un punto de partida para mejorar las competencias de los pr\u00f3ximos t\u00e9cnicos.<\/span><\/p>\n<p><span class=\"text1noticias\"> <\/span><\/p>\n<p><span class=\"text1noticias\">\u00abOjala pueda replicarse en los pr\u00f3ximos a\u00f1os, siempre recibiremos con regocijo la cooperaci\u00f3n de organizaciones internacionales e instituciones amigas para el desarrollo de la educaci\u00f3n superior de nuestro pa\u00eds\u00bb, destac\u00f3 el funcionario. <\/span><\/p>\n<p><span class=\"text1noticias\"> <\/span><\/p>\n<p><span class=\"text1noticias\">Mientras que la viceministra del MESCYT, Carmen Evarista Mat\u00edas, explic\u00f3 que la Estrategia  Nacional del Desarrollo 2030 plantea entre sus objetivos satisfacer las necesidades de aprendizaje contin\u00fao de la poblaci\u00f3n y responder a las necesidades de la naci\u00f3n.<\/span><\/p>\n<p><span class=\"text1noticias\"> <\/span><\/p>\n<p><span class=\"text1noticias\">En ese sentido, dijo que el MESCYT persigue la formaci\u00f3n de profesores universitarios para el dise\u00f1o de planes de estudios de carreras t\u00e9cnicas a nivel superior.<\/span><\/p>\n<p><span class=\"text1noticias\"> <\/span><\/p>\n<p><span class=\"text1noticias\">Los directivos de la Fundaci\u00f3n Jesuita, Fernando Manzano y la Enric Masllorens Escubos especificaron que la formaci\u00f3n profesional es necesaria para implementar grandes cambios.<\/span><\/p>\n<p><span class=\"text1noticias\"> <\/span><\/p>\n<p><span class=\"text1noticias\">Adem\u00e1s, se\u00f1alaron que el curso profesionalizante se realizar\u00e1 en la modalidad semipresencial, con una duraci\u00f3n de 4 a 5 meses y tendr\u00e1 una cantidad de horas virtuales o presenciales, iniciando el 11 de enero y finalizando el 24 de marzo.<\/span><\/p>\n<p><span class=\"text1noticias\"> <\/span><\/p>\n<p><span class=\"text1noticias\">Es necesario que los part\u00edcipes sean responsables del dise\u00f1o curricular de un plan de estudio del nivel t\u00e9cnico superior en una de las IES de la Rep\u00fablica Dominicana, conocer el enfoque de competencias, poseer conocimientos b\u00e1sicos de las tecnolog\u00edas de  informaci\u00f3n y comunicaci\u00f3n.  <\/span><\/p>\n<p><span class=\"text1noticias\"> <\/span><\/p>\n<p><span class=\"text1noticias\">En el acto estuvieron presentes Ram\u00f3n Espinosa, en representaci\u00f3n del embajador de la Uni\u00f3n Europea en el pa\u00eds,  Gianluca Gripa; los viceministros del MESCYT, Jos\u00e9 Cancel, Juan Francisco Viloria, Genero Rodr\u00edguez Martinez, el asesor especial, Julio Altagracia; la directora general administrativa y de finanzas, Dory Herrera; el viceministro de Monitoreo y Coordinaci\u00f3n Gubernamental del Ministerio de la Presidencia, Jos\u00e9 Ram\u00f3n Holgu\u00edn Brito;  Olaya Dotel, viceministra de Cooperaci\u00f3n Internacional y Ordenadora Nacional del Ministerio de Econom\u00eda, Planificaci\u00f3n y Desarrollo, entre otros. <\/span><\/p>\n<p><span class=\"text1noticias\"> <\/span><\/p>\n<p><span class=\"text1noticias\">PIE DE FOTO: <\/span><\/p>\n<p><span class=\"text1noticias\">El Ministro del MESCYT, doctor Franklin Garc\u00eda Ferm\u00edn, representantes de la Uni\u00f3n Europea  y la Agencia Espa\u00f1ola de Cooperaci\u00f3n Internacional para el Desarrollo en la inaugura<\/span>ci\u00f3n del diplomado.<\/p>\n<\/p>\n<p>Fuente: Federico Mendez Nova<\/p>\n<h6> 2020-11-20 14:39:29 <\/h6>\n<p><!--\n<link rel=\"stylesheet\" href=\"css\/bootstrap.min.css\">\n\n\n<ul class=\"pagination\">\n\t    \n\t\n\n<li >\n\t<a href='?page_no=30'>Previous<\/a>\n\t<\/li>\n\n\n       \n    \n\n<li><a href='?page_no=1'>1<\/a><\/li>\n\n\n\n<li><a href='?page_no=2'>2<\/a><\/li>\n\n\n\n<li><a>...<\/a><\/li>\n\n\n\n<li><a href='?page_no=29'>29<\/a><\/li>\n\n\n\n<li><a href='?page_no=30'>30<\/a><\/li>\n\n\n\n<li class='active'><a>31<\/a><\/li>\n\n\n\n<li><a href='?page_no=32'>32<\/a><\/li>\n\n\n\n<li><a href='?page_no=33'>33<\/a><\/li>\n\n\n\n<li><a>...<\/a><\/li>\n\n\n\n<li><a href='?page_no=22911'>22911<\/a><\/li>\n\n\n\n<li><a href='?page_no=22912'>22912<\/a><\/li>\n\n    \n\t\n\n<li >\n\t<a href='?page_no=32'>Next<\/a>\n\t<\/li>\n\n\n    \n\n<li><a href='?page_no=22912'>Last &rsaquo;&rsaquo;<\/a><\/li>\n\n<\/ul>\n\n\n--><br \/>\n<\/body><\/p>\n","protected":false},"excerpt":{"rendered":"<p>diariodominicano.com Santo Domingo, R. D., 20 de noviembre, 2020.- El Ministerio de Educaci\u00f3n Superior, Ciencia y Tecnolog\u00eda (MESCYT) inauguraron el diplomado \u00abUna mirada a la formaci\u00f3n profesional: desarrollo de un plan de estudios basados en competencias\u00bb, como parte de un programa de gobierno financiado por la Uni\u00f3n Europea (EU) y la Agencia Espa\u00f1ola de Cooperaci\u00f3n [&hellip;]<\/p>\n","protected":false},"author":3,"featured_media":0,"comment_status":"open","ping_status":"open","sticky":false,"template":"","format":"standard","meta":{"footnotes":""},"categories":[21],"tags":[],"class_list":["post-50573","post","type-post","status-publish","format-standard","hentry","category-cultura"],"_links":{"self":[{"href":"https:\/\/diariodominicano.com\/index.php?rest_route=\/wp\/v2\/posts\/50573","targetHints":{"allow":["GET"]}}],"collection":[{"href":"https:\/\/diariodominicano.com\/index.php?rest_route=\/wp\/v2\/posts"}],"about":[{"href":"https:\/\/diariodominicano.com\/index.php?rest_route=\/wp\/v2\/types\/post"}],"author":[{"embeddable":true,"href":"https:\/\/diariodominicano.com\/index.php?rest_route=\/wp\/v2\/users\/3"}],"replies":[{"embeddable":true,"href":"https:\/\/diariodominicano.com\/index.php?rest_route=%2Fwp%2Fv2%2Fcomments&post=50573"}],"version-history":[{"count":0,"href":"https:\/\/diariodominicano.com\/index.php?rest_route=\/wp\/v2\/posts\/50573\/revisions"}],"wp:attachment":[{"href":"https:\/\/diariodominicano.com\/index.php?rest_route=%2Fwp%2Fv2%2Fmedia&parent=50573"}],"wp:term":[{"taxonomy":"category","embeddable":true,"href":"https:\/\/diariodominicano.com\/index.php?rest_route=%2Fwp%2Fv2%2Fcategories&post=50573"},{"taxonomy":"post_tag","embeddable":true,"href":"https:\/\/diariodominicano.com\/index.php?rest_route=%2Fwp%2Fv2%2Ftags&post=50573"}],"curies":[{"name":"wp","href":"https:\/\/api.w.org\/{rel}","templated":true}]}}