{"id":505713,"date":"2024-02-05T00:23:04","date_gmt":"2024-02-05T04:23:04","guid":{"rendered":"https:\/\/diariodominicano.com\/?p=505713"},"modified":"2024-02-05T00:23:04","modified_gmt":"2024-02-05T04:23:04","slug":"juramentan-comando-de-campana-del-prm-en-ny","status":"publish","type":"post","link":"https:\/\/diariodominicano.com\/?p=505713","title":{"rendered":"Juramentan comando de campa\u00f1a del PRM en NY"},"content":{"rendered":"\n<p><strong>Por Ram\u00f3n Mercedes<\/strong><\/p>\n\n\n\n<p><strong>NUEVA YORK.-<\/strong>&nbsp;El coordinador general de la reelecci\u00f3n del presidente Luis Abinader en la Circunscripci\u00f3n 1-USA, el c\u00f3nsul en NY Eligio J\u00e1quez, jurament\u00f3 el comando de campa\u00f1a en el estado de NY.<\/p>\n\n\n\n<p>J\u00e1quez, hablando ante unos 300 dirigentes y militantes del Partido Revolucionario Moderno (PRM) procedentes de los cinco condados de la Gran Manzana y ciudades aleda\u00f1as como Long Island, Yonkers y Haverstraw, entre otras, expres\u00f3 \u201cla popularidad del presidente Abinader se mantiene alta\u201d.<\/p>\n\n\n\n<p>\u201cEs importante no dormirse, hay que salir a buscar la mayor cantidad de votos\u201d. \u201cHay que motivar la participaci\u00f3n masiva del electorado para subir el \u00edndice de votaci\u00f3n en el exterior para que la abstenci\u00f3n no sea tan alta\u201d, a\u00f1adi\u00f3 el funcionario consular.<\/p>\n\n\n\n<p>Otros que hablaron, el presidente de la seccional y coordinador de la campa\u00f1a en NY, vicec\u00f3nsul Jul\u00edn Mateo, la diputada Servia Iris Familia, doctor Rafael Lantigua, los altos funcionarios gubernamentales Alejandro -Tont\u00f3n- Rodr\u00edguez, John S\u00e1nchez, Rafaela G\u00f3mez, Neftal\u00ed Fuertes, los tres candidatos a diputado por dicha Circunscripci\u00f3n, Kenia Bid\u00f3, Norberto Rodr\u00edguez y Cirilo Moronta, este \u00faltimo aplaudido de manera prolongada por los presentes.<\/p>\n\n\n\n<p>Asistieron representaci\u00f3n de los partidos aliados al PRM, entre ellos Alianza Pa\u00eds (AlPa\u00eds), Pa\u00eds Posible (PP), Dominicanos por el Cambio (DxC), Alianza por la Democracia (APD), Revolucionario Social Dem\u00f3crata (PRSD), Humanista Dominicano (PHD), C\u00edvico Renovador (PCR), Movimiento Democr\u00e1tico Alternativo (MODA), Liberal Reformista (PLR), y Reformista Social Cristiano PRSC), entre otros.<\/p>\n\n\n\n<p>La actividad se desarroll\u00f3 en el local del partido oficial en horas de la ma\u00f1ana de este domingo, ubicado en el 1880 de la avenida Carter con la avenida Tremont, en El Bronx.<\/p>\n\n\n\n<p>Fue notoria la presencia masiva de funcionarios y empleados de Senasa, Aduanas, Instituto Postal Dominicano, Intrant, Pro-Dominicana, Familia Feliz, Index, Direcci\u00f3n General de Jubilaciones y Pensiones, Gabinete Pol\u00edtica Social e Interior y Polic\u00eda, todas con oficinas instaladas en la sede consular en la Gran Manzana.<\/p>\n","protected":false},"excerpt":{"rendered":"<p>Por Ram\u00f3n Mercedes NUEVA YORK.-&nbsp;El coordinador general de la reelecci\u00f3n del presidente Luis Abinader en la Circunscripci\u00f3n 1-USA, el c\u00f3nsul en NY Eligio J\u00e1quez, jurament\u00f3 el comando de campa\u00f1a en el estado de NY. J\u00e1quez, hablando ante unos 300 dirigentes y militantes del Partido Revolucionario Moderno (PRM) procedentes de los cinco condados de la Gran [&hellip;]<\/p>\n","protected":false},"author":28,"featured_media":505714,"comment_status":"closed","ping_status":"","sticky":true,"template":"","format":"standard","meta":{"footnotes":""},"categories":[22,27],"tags":[],"class_list":["post-505713","post","type-post","status-publish","format-standard","has-post-thumbnail","hentry","category-politica","category-portada"],"_links":{"self":[{"href":"https:\/\/diariodominicano.com\/index.php?rest_route=\/wp\/v2\/posts\/505713","targetHints":{"allow":["GET"]}}],"collection":[{"href":"https:\/\/diariodominicano.com\/index.php?rest_route=\/wp\/v2\/posts"}],"about":[{"href":"https:\/\/diariodominicano.com\/index.php?rest_route=\/wp\/v2\/types\/post"}],"author":[{"embeddable":true,"href":"https:\/\/diariodominicano.com\/index.php?rest_route=\/wp\/v2\/users\/28"}],"replies":[{"embeddable":true,"href":"https:\/\/diariodominicano.com\/index.php?rest_route=%2Fwp%2Fv2%2Fcomments&post=505713"}],"version-history":[{"count":1,"href":"https:\/\/diariodominicano.com\/index.php?rest_route=\/wp\/v2\/posts\/505713\/revisions"}],"predecessor-version":[{"id":505715,"href":"https:\/\/diariodominicano.com\/index.php?rest_route=\/wp\/v2\/posts\/505713\/revisions\/505715"}],"wp:featuredmedia":[{"embeddable":true,"href":"https:\/\/diariodominicano.com\/index.php?rest_route=\/wp\/v2\/media\/505714"}],"wp:attachment":[{"href":"https:\/\/diariodominicano.com\/index.php?rest_route=%2Fwp%2Fv2%2Fmedia&parent=505713"}],"wp:term":[{"taxonomy":"category","embeddable":true,"href":"https:\/\/diariodominicano.com\/index.php?rest_route=%2Fwp%2Fv2%2Fcategories&post=505713"},{"taxonomy":"post_tag","embeddable":true,"href":"https:\/\/diariodominicano.com\/index.php?rest_route=%2Fwp%2Fv2%2Ftags&post=505713"}],"curies":[{"name":"wp","href":"https:\/\/api.w.org\/{rel}","templated":true}]}}