{"id":505682,"date":"2024-02-04T22:19:38","date_gmt":"2024-02-05T02:19:38","guid":{"rendered":"https:\/\/diariodominicano.com\/?p=505682"},"modified":"2024-02-04T22:19:38","modified_gmt":"2024-02-05T02:19:38","slug":"cesar-fernandez-vaticina-que-la-alianza-rescate-rd-obtendra-alrededor-de-un-70-de-los-puestos-municipales-el-18-de-febrero","status":"publish","type":"post","link":"https:\/\/diariodominicano.com\/?p=505682","title":{"rendered":"C\u00e9sar Fern\u00e1ndez vaticina que la Alianza Rescate RD obtendr\u00e1 alrededor de un 70% de los puestos municipales el 18 de febrero"},"content":{"rendered":"\n<p>diariodominicano.com<\/p>\n\n\n\n<p><strong>Plantea que<\/strong><strong>&nbsp;estudio reciente indica que Abinader tiene alrededor de un 42% y Leonel Fern\u00e1ndez cerca de un 40%<\/strong><\/p>\n\n\n\n<p>Santo Domingo, R. D.,\u20024 de febrero, 2024.-\u2002El coordinador adjunto de campa\u00f1a de la Alianza Rescate RD, ingeniero C\u00e9sar Fern\u00e1ndez, vaticin\u00f3 a dos semanas de las elecciones municipales del 18 de febrero que la Alianza Rescate RD ganar\u00e1 m\u00e1s de la mitad de los cargos de alcaldes, regidores, directores municipales y vocales, con alrededor de un 70% de las votaciones.<\/p>\n\n\n\n<p>Entrevistado por el periodista Federico M\u00e9ndez, en el programa Esferas de Poder, que se transmite los domingos de 8:00 a 9:00 de la ma\u00f1ana, por RNN Canal 27, sostuvo que las elecciones municipales son la antesala del triunfo en las elecciones de mayo de esa coalici\u00f3n pol\u00edtica.<\/p>\n\n\n\n<p>\u201cLa oposici\u00f3n unida puede ganar perfectamente, tanto las elecciones de febrero, pero el mensaje m\u00e1s contundente es que ganaremos las de mayo\u201d, subray\u00f3.<\/p>\n\n\n\n<p>El secretario de Propaganda de la Fuerza del Pueblo consider\u00f3 que la situaci\u00f3n pol\u00edtica se ha retrotra\u00eddo al verano del 2019, que en esta etapa las fuerzas pol\u00edticas que actualmente constituyen Rescate RD estaban unidas y al no estar dispersas ganaban c\u00f3modamente las elecciones municipales y presidenciales.<\/p>\n\n\n\n<p>\u201cEsas fuerzas est\u00e1n unidas de nuevo, en lo que hemos denominado la Alianza Rescate RD y definitivamente donde quiera que hay alianza, el triunfo es pr\u00e1cticamente seguro\u201d, enfatiz\u00f3.<\/p>\n\n\n\n<p>El miembro de la Direcci\u00f3n Central de la FP afirm\u00f3 que de los cuatro partidos mayoritarios que tiene el sistema pol\u00edtico, tres est\u00e1n aliados, que son su partido, el de la Liberaci\u00f3n Dominicana (PLD) y el Revolucionario Dominicano (PRD), a cuya coalici\u00f3n se agrega el Bloque Institucional Socialdem\u00f3crata (BIS), el Partido Quisqueyano Dem\u00f3crata Cristiano (PQDC) y el Partido Democr\u00e1tico Institucional (PDI), el Movimiento Rebelde y el Partido de Movimientos Independientes (PUMI), entre otros.<\/p>\n\n\n\n<p>\u201cHemos acordado nueve de cada diez territorio, es decir, el 91% de las alcald\u00edas y distritos municipales est\u00e1n en la Alianza Rescate RD, eso te dice que en nueve de cada diez lugares es tres contra uno\u201d, signific\u00f3.<\/p>\n\n\n\n<p>Fern\u00e1ndez dijo que esto constituye una fuerza impresionante, a nivel de militancia y en la popularidad de los candidatos y la capacidad de articulaci\u00f3n en el terreno electoral de las organizaciones.<\/p>\n\n\n\n<p>El dirigente pol\u00edtico plantea que hay p\u00e1nico en el oficialismo por la fuerza que tiene la alianza opositora, que para los comicios de mayo tiene pactadas 20 alianzas para las candidaturas senatoriales.<\/p>\n\n\n\n<p>Indic\u00f3 que Omar Fern\u00e1ndez no tiene competencia para la senadur\u00eda del Distrito Nacional, en mayo pr\u00f3ximo, como tambi\u00e9n Domingo Contreras para la Alcald\u00eda, el 18 de febrero.<\/p>\n\n\n\n<p>Manifest\u00f3 que el gobierno est\u00e1 entrampado en las calles porque no ha podido resolver los problemas del pa\u00eds, como son la seguridad ciudadana, la salud, la educaci\u00f3n y el alto costo de la vida.<\/p>\n\n\n\n<p><strong>\u201cEl estudio m\u00e1s reciente indica que Abinader tiene alrededor de un 42% y Leonel Fern\u00e1ndez cerca de un 40%\u201d<\/strong><\/p>\n\n\n\n<p>El coordinador adjunto de campa\u00f1a de la Alianza Rescate RD, ingeniero C\u00e9sar Fern\u00e1ndez, afirm\u00f3 que un estudio de preferencias realizado este a\u00f1o plantea que el presidente Luis Abinader se coloca entre un 41 y 42%, Leonel Fern\u00e1ndez fluct\u00faa entre 38 y 39% y Abel Mart\u00ednez entre 18 y 20%.<\/p>\n\n\n\n<p>El secretario de Propaganda de la Fuerza del Pueblo&nbsp;sostuvo que cuando se suma el 40% de Fern\u00e1ndez y el 18% de Mart\u00ednez, el resultado final se traduce entre un 57 y 58% de las preferencias electorales.<\/p>\n\n\n\n<p>\u201cUno de los estudios m\u00e1s recientes que hemos visto, ya de este a\u00f1o 2024, plantea un escenario muy parecido como cerr\u00f3 el del a\u00f1o pasado, que es que el presidente Abinader alrededor de un 40%, bajito, 41, 42, el presidente Fern\u00e1ndez cerca de ese 40%, 38, 39% de intenci\u00f3n del voto y Abel Mart\u00ednez, alrededor del 18%, 20% de intenci\u00f3n del voto\u201d, signific\u00f3.<\/p>\n\n\n\n<p>Indic\u00f3 que en caso de que se produjera una segunda vuelta de las elecciones presidenciales actualmente, la Alianza Rescate RD concentra la mayor\u00eda de los votantes para ganar la contienda.<\/p>\n\n\n\n<p>\u201cCuando el presidente dice que los iguales nos juntamos, \u00e9l tiene raz\u00f3n, nos juntamos aquellos que tuvimos al pa\u00eds durante m\u00e1s de 20 a\u00f1os creciendo los que construimos entre un 5 y un 10% de la econom\u00eda, nos juntamos aquellos que construimos metros, autopistas, elevados, t\u00faneles, escuelas, universidades, centros de capacitaci\u00f3n, para ni\u00f1os especiales, aquellos que d\u00e1bamos empleos, que entend\u00edamos el campo\u201d, argument\u00f3.<\/p>\n\n\n\n<p>Consider\u00f3 que la Junta Central Electoral est\u00e1 desarrollando un buen trabajo de cara a la organizaci\u00f3n de las elecciones de febrero y mayo pr\u00f3ximos.<\/p>\n\n\n\n<p>\u201cHasta ahora, la Junta Central Electoral ha hecho un trabajo bastante importante, salvo los problemas t\u00e9cnicos que se han estado viendo, pero siempre de la mano de los partidos pol\u00edticos\u201d, acot\u00f3.<\/p>\n\n\n\n<figure class=\"wp-block-table\"><table><tbody><tr><td><strong>Federico M\u00e9ndez Nova<\/strong><\/td><\/tr><\/tbody><\/table><\/figure>\n\n\n\n<p>Fern\u00e1ndez entiende que lo \u00fanico que las organizaciones partidarias piden es estar en compa\u00f1\u00eda de la JCE, para que todo est\u00e9 tranquilo y no haya incertidumbre.<\/p>\n","protected":false},"excerpt":{"rendered":"<p>diariodominicano.com Plantea que&nbsp;estudio reciente indica que Abinader tiene alrededor de un 42% y Leonel Fern\u00e1ndez cerca de un 40% Santo Domingo, R. D.,\u20024 de febrero, 2024.-\u2002El coordinador adjunto de campa\u00f1a de la Alianza Rescate RD, ingeniero C\u00e9sar Fern\u00e1ndez, vaticin\u00f3 a dos semanas de las elecciones municipales del 18 de febrero que la Alianza Rescate RD [&hellip;]<\/p>\n","protected":false},"author":5,"featured_media":505683,"comment_status":"closed","ping_status":"","sticky":true,"template":"","format":"standard","meta":{"footnotes":""},"categories":[22,27],"tags":[],"class_list":["post-505682","post","type-post","status-publish","format-standard","has-post-thumbnail","hentry","category-politica","category-portada"],"_links":{"self":[{"href":"https:\/\/diariodominicano.com\/index.php?rest_route=\/wp\/v2\/posts\/505682","targetHints":{"allow":["GET"]}}],"collection":[{"href":"https:\/\/diariodominicano.com\/index.php?rest_route=\/wp\/v2\/posts"}],"about":[{"href":"https:\/\/diariodominicano.com\/index.php?rest_route=\/wp\/v2\/types\/post"}],"author":[{"embeddable":true,"href":"https:\/\/diariodominicano.com\/index.php?rest_route=\/wp\/v2\/users\/5"}],"replies":[{"embeddable":true,"href":"https:\/\/diariodominicano.com\/index.php?rest_route=%2Fwp%2Fv2%2Fcomments&post=505682"}],"version-history":[{"count":1,"href":"https:\/\/diariodominicano.com\/index.php?rest_route=\/wp\/v2\/posts\/505682\/revisions"}],"predecessor-version":[{"id":505684,"href":"https:\/\/diariodominicano.com\/index.php?rest_route=\/wp\/v2\/posts\/505682\/revisions\/505684"}],"wp:featuredmedia":[{"embeddable":true,"href":"https:\/\/diariodominicano.com\/index.php?rest_route=\/wp\/v2\/media\/505683"}],"wp:attachment":[{"href":"https:\/\/diariodominicano.com\/index.php?rest_route=%2Fwp%2Fv2%2Fmedia&parent=505682"}],"wp:term":[{"taxonomy":"category","embeddable":true,"href":"https:\/\/diariodominicano.com\/index.php?rest_route=%2Fwp%2Fv2%2Fcategories&post=505682"},{"taxonomy":"post_tag","embeddable":true,"href":"https:\/\/diariodominicano.com\/index.php?rest_route=%2Fwp%2Fv2%2Ftags&post=505682"}],"curies":[{"name":"wp","href":"https:\/\/api.w.org\/{rel}","templated":true}]}}